{"id":316184,"date":"2009-02-11T00:00:00","date_gmt":"2009-02-11T04:00:00","guid":{"rendered":"https:\/\/casadecampoliving.com\/first-lady-to-lead-dominican-delegation-in-2009s-sevillian-fair\/"},"modified":"2022-10-21T17:49:40","modified_gmt":"2022-10-21T21:49:40","slug":"first-lady-to-lead-dominican-delegation-in-2009s-sevillian-fair","status":"publish","type":"post","link":"https:\/\/casadecampoliving.com\/es\/first-lady-to-lead-dominican-delegation-in-2009s-sevillian-fair\/","title":{"rendered":"First Lady to Lead Dominican Delegation in 2009&#8217;s Sevillian Fair"},"content":{"rendered":"<div class=\"wp-block-image\">\n<figure class=\"alignleft is-resized\"><a href=\"https:\/\/i0.wp.com\/casadecampoliving-wp.s3-accelerate.amazonaws.com\/2009\/02\/first-lady-roberto.jpg?ssl=1\" target=\"_blank\" rel=\"noopener\"><img loading=\"lazy\" decoding=\"async\" src=\"https:\/\/i0.wp.com\/casadecampoliving.com\/wp-content\/uploads\/2022\/10\/first-lady-roberto-300x201-2.jpg?resize=300%2C201&amp;ssl=1\" alt=\"first-lady-roberto\" class=\"wp-image-1470\" title=\"First Lady and Roberto Weill\" height=\"201\" width=\"300\"\/><\/a><\/figure>\n<\/div>\n\n\n<p>We have just been informed by Mr Roberto Weill, President and Founder of the Feria de Andalucia en el Caribe , that first lady Mrs Margarita Cede\u00f1o de Fernandez has agreed to lead the Official Dominican Delegation that will travel to the world renowned Sevillian Fair on April 23rd. Mrs Fernandez also confirmed hers and President Leonel Fernandez participation in this years Feria de Andalucia en el Caribe in Casa de Campo this February 26th through 28th.<\/p>\n\n\n\n<!--more-->\n\n\n\n<p>Below is the official anouncement of this great news by Mr. Roberto Weill himself. This can also be seen on the website for the Feria de Andalucia en el Caribe&nbsp;<a href=\"http:\/\/feriaandaluciaenelcaribe.com\/?p=prensa-2009\">http:\/\/feriaandaluciaenelcaribe.com\/?p=prensa-2009<\/a><\/p>\n\n\n\n<blockquote class=\"wp-block-quote is-layout-flow wp-block-quote-is-layout-flow\"><p>Dear friends.&nbsp;<\/p><p>It is with great pleasure I hereby share the success of the meeting arranged by Secretary of State and Executive Director of The CEI, Mr. Eddy Martinez with our honorable First Lady, Mrs. Margarita Cede\u00f1o de Fernandez. In this meeting the First Lady agreed to lead the Official Delegation that will travel to the world renowned Sevillian Fair, on April 23rd of the present year. This delegation will respond to the invitation extended by the the \u201cReal Club de Enganches de Andalucia\u201d who\u2019s Honorary President is his Royal Highness King Juan Carlos I of Spain, via our Great Andalusian Fair in the Caribbean, Casa de Campo.<\/p><p>Also confirmed during this meeting was the assistance of both the First Lady and President Fernandez, to our Fair and International Forum (with the support of CEI and Funglode) from the 26th to the 28th of February 2009. She also thanked profoundly the Administration of Central Romana, Casa de Campo and the Fanjul Family for the International Projection that comes with our project.<\/p><p>Warm greetings.<\/p><p>Roberto A. Weill<\/p><p>\u2014\u2014\u2014\u2013<\/p><p>Apreciados amigos.&nbsp;<\/p><p>Me complace informarles que gracias a la gentileza de Don Eddy Martinez, Secretario de Estado y Director Ejecutivo del Centro De Exportaci\u00f3n e Inversi\u00f3n (CEI-RD), en el d\u00eda de ayer ambos nos entrevistamos con nuestra Primera Dama, Dra Margarita Cede\u00f1o de Fernandez, quien confirm\u00f3 su aceptaci\u00f3n a liderar la Delegaci\u00f3n Oficial y Empresarial que viajar\u00e1 a la mundial Feria de Sevilla el 23 de Abril 2009 para cumplir con la invitaci\u00f3n hecha a Republica Dominicana por el El Real Club de Enganches de Andaluc\u00eda, cuyo Presidente de Honor es el Rey Don Juan Carlos I , invitaci\u00f3n \u00e9sta hecha por v\u00eda de nuestra Gran Feria de Andaluc\u00eda en el Caribe en Casa de Campo.<\/p><p>En a\u00f1adidura Do\u00f1a Margarita confirm\u00f3 tambi\u00e9n su asistencia, y la del Presidente Fernandez, a nuestra Feria y Foro (con CEI y Funglode) del 26 al 28 de Febrero 2009. Finalmente le envi\u00f3 su agradecimiento a la Administraci\u00f3n del Central Romana, Casa de Campo y Familia Fanjul por la proyecci\u00f3n internacional de nuestro proyecto.<\/p><p>Fuerte abrazo a todos<\/p><p>Roberto A Weill<\/p><\/blockquote>\n","protected":false},"excerpt":{"rendered":"<p>We have just been informed by Mr Roberto Weill, President and Founder of the Feria de Andalucia en el Caribe , that first lady Mrs Margarita Cede\u00f1o de Fernandez has agreed to lead the Official Dominican Delegation that will travel to the world renowned Sevillian Fair on April 23rd. Mrs Fernandez also confirmed hers and [&hellip;]<\/p>\n","protected":false},"author":11,"featured_media":288227,"comment_status":"closed","ping_status":"open","sticky":false,"template":"","format":"standard","meta":{"newspack_ads_suppress_ads":false,"newspack_popups_has_disabled_popups":false,"newspack_sponsor_sponsorship_scope":"","newspack_sponsor_native_byline_display":"inherit","newspack_sponsor_native_category_display":"inherit","newspack_sponsor_underwriter_style":"inherit","newspack_sponsor_underwriter_placement":"inherit","_newspack_byline_active":false,"_newspack_byline":"","newspack_hide_updated_date":false,"newspack_show_updated_date":false,"newspack_content_restriction_is_exempt":false,"newspack_featured_image_position":"","newspack_post_subtitle":"","newspack_article_summary_title":"Overview:","newspack_article_summary":"","_jetpack_memberships_contains_paid_content":false,"footnotes":"","jetpack_publicize_message":"","jetpack_publicize_feature_enabled":true,"jetpack_social_post_already_shared":false,"jetpack_social_options":{"image_generator_settings":{"template":"highway","default_image_id":0,"font":"","enabled":false},"version":2},"_wpas_customize_per_network":false},"categories":[51,14626],"tags":[98,100,13807],"newspack_spnsrs_tax":[],"class_list":["post-316184","post","type-post","status-publish","format-standard","has-post-thumbnail","hentry","category-events-and-activities","category-upcoming","tag-announcements","tag-espanol","tag-events-and-activities","entry"],"yoast_head":"<!-- This site is optimized with the Yoast SEO plugin v27.4 - https:\/\/yoast.com\/product\/yoast-seo-wordpress\/ -->\n<title>First Lady to Lead Dominican Delegation in 2009&#039;s Sevillian Fair | Casa de Campo Living<\/title>\n<meta name=\"description\" content=\"We have just been informed by Mr Roberto Weill, President and Founder of the Feria de Andalucia en el Caribe , that first lady Mrs Margarita Cede\u00f1o de\" \/>\n<meta name=\"robots\" content=\"index, follow, max-snippet:-1, max-image-preview:large, max-video-preview:-1\" \/>\n<link rel=\"canonical\" href=\"https:\/\/casadecampoliving.com\/es\/first-lady-to-lead-dominican-delegation-in-2009s-sevillian-fair\/\" \/>\n<meta property=\"og:locale\" content=\"es_ES\" \/>\n<meta property=\"og:type\" content=\"article\" \/>\n<meta property=\"og:title\" content=\"First Lady to Lead Dominican Delegation in 2009&#039;s Sevillian Fair | Casa de Campo Living\" \/>\n<meta property=\"og:description\" content=\"We have just been informed by Mr Roberto Weill, President and Founder of the Feria de Andalucia en el Caribe , that first lady Mrs Margarita Cede\u00f1o de\" \/>\n<meta property=\"og:url\" content=\"https:\/\/casadecampoliving.com\/es\/first-lady-to-lead-dominican-delegation-in-2009s-sevillian-fair\/\" \/>\n<meta property=\"og:site_name\" content=\"Casa de Campo Living\" \/>\n<meta property=\"article:publisher\" content=\"https:\/\/www.facebook.com\/casadecampoliving\" \/>\n<meta property=\"article:published_time\" content=\"2009-02-11T04:00:00+00:00\" \/>\n<meta property=\"article:modified_time\" content=\"2022-10-21T21:49:40+00:00\" \/>\n<meta property=\"og:image\" content=\"https:\/\/i0.wp.com\/casadecampoliving.com\/wp-content\/uploads\/2022\/10\/first-lady-roberto.jpg?fit=604%2C406&ssl=1\" \/>\n\t<meta property=\"og:image:width\" content=\"604\" \/>\n\t<meta property=\"og:image:height\" content=\"406\" \/>\n\t<meta property=\"og:image:type\" content=\"image\/jpeg\" \/>\n<meta name=\"author\" content=\"Mr B\" \/>\n<meta name=\"twitter:card\" content=\"summary_large_image\" \/>\n<meta name=\"twitter:creator\" content=\"@cdcliving\" \/>\n<meta name=\"twitter:site\" content=\"@cdcliving\" \/>\n<meta name=\"twitter:label1\" content=\"Escrito por\" \/>\n\t<meta name=\"twitter:data1\" content=\"Mr B\" \/>\n\t<meta name=\"twitter:label2\" content=\"Tiempo de lectura\" \/>\n\t<meta name=\"twitter:data2\" content=\"2 minutos\" \/>\n<script type=\"application\/ld+json\" class=\"yoast-schema-graph\">{\"@context\":\"https:\\\/\\\/schema.org\",\"@graph\":[{\"@type\":\"Article\",\"@id\":\"https:\\\/\\\/casadecampoliving.com\\\/es\\\/first-lady-to-lead-dominican-delegation-in-2009s-sevillian-fair\\\/#article\",\"isPartOf\":{\"@id\":\"https:\\\/\\\/casadecampoliving.com\\\/es\\\/first-lady-to-lead-dominican-delegation-in-2009s-sevillian-fair\\\/\"},\"author\":{\"name\":\"Mr B\",\"@id\":\"https:\\\/\\\/casadecampoliving.com\\\/es\\\/#\\\/schema\\\/person\\\/6777daad22b2d75f00d60dff6798f994\"},\"headline\":\"First Lady to Lead Dominican Delegation in 2009&#8217;s Sevillian Fair\",\"datePublished\":\"2009-02-11T04:00:00+00:00\",\"dateModified\":\"2022-10-21T21:49:40+00:00\",\"mainEntityOfPage\":{\"@id\":\"https:\\\/\\\/casadecampoliving.com\\\/es\\\/first-lady-to-lead-dominican-delegation-in-2009s-sevillian-fair\\\/\"},\"wordCount\":488,\"publisher\":{\"@id\":\"https:\\\/\\\/casadecampoliving.com\\\/es\\\/#organization\"},\"image\":{\"@id\":\"https:\\\/\\\/casadecampoliving.com\\\/es\\\/first-lady-to-lead-dominican-delegation-in-2009s-sevillian-fair\\\/#primaryimage\"},\"thumbnailUrl\":\"https:\\\/\\\/i0.wp.com\\\/casadecampoliving.com\\\/wp-content\\\/uploads\\\/2022\\\/10\\\/first-lady-roberto.jpg?fit=604%2C406&ssl=1\",\"keywords\":[\"Announcements\",\"Espa\u00f1ol\",\"Events and Activities\"],\"articleSection\":[\"Events and Activities\",\"Upcoming\"],\"inLanguage\":\"es\"},{\"@type\":\"WebPage\",\"@id\":\"https:\\\/\\\/casadecampoliving.com\\\/es\\\/first-lady-to-lead-dominican-delegation-in-2009s-sevillian-fair\\\/\",\"url\":\"https:\\\/\\\/casadecampoliving.com\\\/es\\\/first-lady-to-lead-dominican-delegation-in-2009s-sevillian-fair\\\/\",\"name\":\"First Lady to Lead Dominican Delegation in 2009's Sevillian Fair | Casa de Campo Living\",\"isPartOf\":{\"@id\":\"https:\\\/\\\/casadecampoliving.com\\\/es\\\/#website\"},\"primaryImageOfPage\":{\"@id\":\"https:\\\/\\\/casadecampoliving.com\\\/es\\\/first-lady-to-lead-dominican-delegation-in-2009s-sevillian-fair\\\/#primaryimage\"},\"image\":{\"@id\":\"https:\\\/\\\/casadecampoliving.com\\\/es\\\/first-lady-to-lead-dominican-delegation-in-2009s-sevillian-fair\\\/#primaryimage\"},\"thumbnailUrl\":\"https:\\\/\\\/i0.wp.com\\\/casadecampoliving.com\\\/wp-content\\\/uploads\\\/2022\\\/10\\\/first-lady-roberto.jpg?fit=604%2C406&ssl=1\",\"datePublished\":\"2009-02-11T04:00:00+00:00\",\"dateModified\":\"2022-10-21T21:49:40+00:00\",\"description\":\"We have just been informed by Mr Roberto Weill, President and Founder of the Feria de Andalucia en el Caribe , that first lady Mrs Margarita Cede\u00f1o de\",\"breadcrumb\":{\"@id\":\"https:\\\/\\\/casadecampoliving.com\\\/es\\\/first-lady-to-lead-dominican-delegation-in-2009s-sevillian-fair\\\/#breadcrumb\"},\"inLanguage\":\"es\",\"potentialAction\":[{\"@type\":\"ReadAction\",\"target\":[\"https:\\\/\\\/casadecampoliving.com\\\/es\\\/first-lady-to-lead-dominican-delegation-in-2009s-sevillian-fair\\\/\"]}]},{\"@type\":\"ImageObject\",\"inLanguage\":\"es\",\"@id\":\"https:\\\/\\\/casadecampoliving.com\\\/es\\\/first-lady-to-lead-dominican-delegation-in-2009s-sevillian-fair\\\/#primaryimage\",\"url\":\"https:\\\/\\\/i0.wp.com\\\/casadecampoliving.com\\\/wp-content\\\/uploads\\\/2022\\\/10\\\/first-lady-roberto.jpg?fit=604%2C406&ssl=1\",\"contentUrl\":\"https:\\\/\\\/i0.wp.com\\\/casadecampoliving.com\\\/wp-content\\\/uploads\\\/2022\\\/10\\\/first-lady-roberto.jpg?fit=604%2C406&ssl=1\",\"width\":604,\"height\":406},{\"@type\":\"BreadcrumbList\",\"@id\":\"https:\\\/\\\/casadecampoliving.com\\\/es\\\/first-lady-to-lead-dominican-delegation-in-2009s-sevillian-fair\\\/#breadcrumb\",\"itemListElement\":[{\"@type\":\"ListItem\",\"position\":1,\"name\":\"Home\",\"item\":\"https:\\\/\\\/casadecampoliving.com\\\/es\\\/\"},{\"@type\":\"ListItem\",\"position\":2,\"name\":\"First Lady to Lead Dominican Delegation in 2009&#8217;s Sevillian Fair\"}]},{\"@type\":\"WebSite\",\"@id\":\"https:\\\/\\\/casadecampoliving.com\\\/es\\\/#website\",\"url\":\"https:\\\/\\\/casadecampoliving.com\\\/es\\\/\",\"name\":\"Casa de Campo Living\",\"description\":\"Resort community news and resources.\",\"publisher\":{\"@id\":\"https:\\\/\\\/casadecampoliving.com\\\/es\\\/#organization\"},\"potentialAction\":[{\"@type\":\"SearchAction\",\"target\":{\"@type\":\"EntryPoint\",\"urlTemplate\":\"https:\\\/\\\/casadecampoliving.com\\\/es\\\/?s={search_term_string}\"},\"query-input\":{\"@type\":\"PropertyValueSpecification\",\"valueRequired\":true,\"valueName\":\"search_term_string\"}}],\"inLanguage\":\"es\"},{\"@type\":\"Organization\",\"@id\":\"https:\\\/\\\/casadecampoliving.com\\\/es\\\/#organization\",\"name\":\"Casa de Campo Living\",\"url\":\"https:\\\/\\\/casadecampoliving.com\\\/es\\\/\",\"logo\":{\"@type\":\"ImageObject\",\"inLanguage\":\"es\",\"@id\":\"https:\\\/\\\/casadecampoliving.com\\\/es\\\/#\\\/schema\\\/logo\\\/image\\\/\",\"url\":\"https:\\\/\\\/i0.wp.com\\\/casadecampoliving.com\\\/wp-content\\\/uploads\\\/2022\\\/07\\\/CDCLivingLogo_V1-white-sized.png?fit=800%2C214&ssl=1\",\"contentUrl\":\"https:\\\/\\\/i0.wp.com\\\/casadecampoliving.com\\\/wp-content\\\/uploads\\\/2022\\\/07\\\/CDCLivingLogo_V1-white-sized.png?fit=800%2C214&ssl=1\",\"width\":800,\"height\":214,\"caption\":\"Casa de Campo Living\"},\"image\":{\"@id\":\"https:\\\/\\\/casadecampoliving.com\\\/es\\\/#\\\/schema\\\/logo\\\/image\\\/\"},\"sameAs\":[\"https:\\\/\\\/www.facebook.com\\\/casadecampoliving\",\"https:\\\/\\\/x.com\\\/cdcliving\"]},{\"@type\":\"Person\",\"@id\":\"https:\\\/\\\/casadecampoliving.com\\\/es\\\/#\\\/schema\\\/person\\\/6777daad22b2d75f00d60dff6798f994\",\"name\":\"Mr B\",\"image\":{\"@type\":\"ImageObject\",\"inLanguage\":\"es\",\"@id\":\"https:\\\/\\\/secure.gravatar.com\\\/avatar\\\/a6081966dadc36da8930069678823cea59d9084eb1da84bf7f94ea86ad9119f8?s=96&d=mm&r=g\",\"url\":\"https:\\\/\\\/secure.gravatar.com\\\/avatar\\\/a6081966dadc36da8930069678823cea59d9084eb1da84bf7f94ea86ad9119f8?s=96&d=mm&r=g\",\"contentUrl\":\"https:\\\/\\\/secure.gravatar.com\\\/avatar\\\/a6081966dadc36da8930069678823cea59d9084eb1da84bf7f94ea86ad9119f8?s=96&d=mm&r=g\",\"caption\":\"Mr B\"},\"url\":\"https:\\\/\\\/casadecampoliving.com\\\/es\\\/author\\\/rbournigal\\\/\"}]}<\/script>\n<!-- \/ Yoast SEO plugin. -->","yoast_head_json":{"title":"First Lady to Lead Dominican Delegation in 2009's Sevillian Fair | Casa de Campo Living","description":"We have just been informed by Mr Roberto Weill, President and Founder of the Feria de Andalucia en el Caribe , that first lady Mrs Margarita Cede\u00f1o de","robots":{"index":"index","follow":"follow","max-snippet":"max-snippet:-1","max-image-preview":"max-image-preview:large","max-video-preview":"max-video-preview:-1"},"canonical":"https:\/\/casadecampoliving.com\/es\/first-lady-to-lead-dominican-delegation-in-2009s-sevillian-fair\/","og_locale":"es_ES","og_type":"article","og_title":"First Lady to Lead Dominican Delegation in 2009's Sevillian Fair | Casa de Campo Living","og_description":"We have just been informed by Mr Roberto Weill, President and Founder of the Feria de Andalucia en el Caribe , that first lady Mrs Margarita Cede\u00f1o de","og_url":"https:\/\/casadecampoliving.com\/es\/first-lady-to-lead-dominican-delegation-in-2009s-sevillian-fair\/","og_site_name":"Casa de Campo Living","article_publisher":"https:\/\/www.facebook.com\/casadecampoliving","article_published_time":"2009-02-11T04:00:00+00:00","article_modified_time":"2022-10-21T21:49:40+00:00","og_image":[{"width":604,"height":406,"url":"https:\/\/i0.wp.com\/casadecampoliving.com\/wp-content\/uploads\/2022\/10\/first-lady-roberto.jpg?fit=604%2C406&ssl=1","type":"image\/jpeg"}],"author":"Mr B","twitter_card":"summary_large_image","twitter_creator":"@cdcliving","twitter_site":"@cdcliving","twitter_misc":{"Escrito por":"Mr B","Tiempo de lectura":"2 minutos"},"schema":{"@context":"https:\/\/schema.org","@graph":[{"@type":"Article","@id":"https:\/\/casadecampoliving.com\/es\/first-lady-to-lead-dominican-delegation-in-2009s-sevillian-fair\/#article","isPartOf":{"@id":"https:\/\/casadecampoliving.com\/es\/first-lady-to-lead-dominican-delegation-in-2009s-sevillian-fair\/"},"author":{"name":"Mr B","@id":"https:\/\/casadecampoliving.com\/es\/#\/schema\/person\/6777daad22b2d75f00d60dff6798f994"},"headline":"First Lady to Lead Dominican Delegation in 2009&#8217;s Sevillian Fair","datePublished":"2009-02-11T04:00:00+00:00","dateModified":"2022-10-21T21:49:40+00:00","mainEntityOfPage":{"@id":"https:\/\/casadecampoliving.com\/es\/first-lady-to-lead-dominican-delegation-in-2009s-sevillian-fair\/"},"wordCount":488,"publisher":{"@id":"https:\/\/casadecampoliving.com\/es\/#organization"},"image":{"@id":"https:\/\/casadecampoliving.com\/es\/first-lady-to-lead-dominican-delegation-in-2009s-sevillian-fair\/#primaryimage"},"thumbnailUrl":"https:\/\/i0.wp.com\/casadecampoliving.com\/wp-content\/uploads\/2022\/10\/first-lady-roberto.jpg?fit=604%2C406&ssl=1","keywords":["Announcements","Espa\u00f1ol","Events and Activities"],"articleSection":["Events and Activities","Upcoming"],"inLanguage":"es"},{"@type":"WebPage","@id":"https:\/\/casadecampoliving.com\/es\/first-lady-to-lead-dominican-delegation-in-2009s-sevillian-fair\/","url":"https:\/\/casadecampoliving.com\/es\/first-lady-to-lead-dominican-delegation-in-2009s-sevillian-fair\/","name":"First Lady to Lead Dominican Delegation in 2009's Sevillian Fair | Casa de Campo Living","isPartOf":{"@id":"https:\/\/casadecampoliving.com\/es\/#website"},"primaryImageOfPage":{"@id":"https:\/\/casadecampoliving.com\/es\/first-lady-to-lead-dominican-delegation-in-2009s-sevillian-fair\/#primaryimage"},"image":{"@id":"https:\/\/casadecampoliving.com\/es\/first-lady-to-lead-dominican-delegation-in-2009s-sevillian-fair\/#primaryimage"},"thumbnailUrl":"https:\/\/i0.wp.com\/casadecampoliving.com\/wp-content\/uploads\/2022\/10\/first-lady-roberto.jpg?fit=604%2C406&ssl=1","datePublished":"2009-02-11T04:00:00+00:00","dateModified":"2022-10-21T21:49:40+00:00","description":"We have just been informed by Mr Roberto Weill, President and Founder of the Feria de Andalucia en el Caribe , that first lady Mrs Margarita Cede\u00f1o de","breadcrumb":{"@id":"https:\/\/casadecampoliving.com\/es\/first-lady-to-lead-dominican-delegation-in-2009s-sevillian-fair\/#breadcrumb"},"inLanguage":"es","potentialAction":[{"@type":"ReadAction","target":["https:\/\/casadecampoliving.com\/es\/first-lady-to-lead-dominican-delegation-in-2009s-sevillian-fair\/"]}]},{"@type":"ImageObject","inLanguage":"es","@id":"https:\/\/casadecampoliving.com\/es\/first-lady-to-lead-dominican-delegation-in-2009s-sevillian-fair\/#primaryimage","url":"https:\/\/i0.wp.com\/casadecampoliving.com\/wp-content\/uploads\/2022\/10\/first-lady-roberto.jpg?fit=604%2C406&ssl=1","contentUrl":"https:\/\/i0.wp.com\/casadecampoliving.com\/wp-content\/uploads\/2022\/10\/first-lady-roberto.jpg?fit=604%2C406&ssl=1","width":604,"height":406},{"@type":"BreadcrumbList","@id":"https:\/\/casadecampoliving.com\/es\/first-lady-to-lead-dominican-delegation-in-2009s-sevillian-fair\/#breadcrumb","itemListElement":[{"@type":"ListItem","position":1,"name":"Home","item":"https:\/\/casadecampoliving.com\/es\/"},{"@type":"ListItem","position":2,"name":"First Lady to Lead Dominican Delegation in 2009&#8217;s Sevillian Fair"}]},{"@type":"WebSite","@id":"https:\/\/casadecampoliving.com\/es\/#website","url":"https:\/\/casadecampoliving.com\/es\/","name":"Casa de Campo Living","description":"Resort community news and resources.","publisher":{"@id":"https:\/\/casadecampoliving.com\/es\/#organization"},"potentialAction":[{"@type":"SearchAction","target":{"@type":"EntryPoint","urlTemplate":"https:\/\/casadecampoliving.com\/es\/?s={search_term_string}"},"query-input":{"@type":"PropertyValueSpecification","valueRequired":true,"valueName":"search_term_string"}}],"inLanguage":"es"},{"@type":"Organization","@id":"https:\/\/casadecampoliving.com\/es\/#organization","name":"Casa de Campo Living","url":"https:\/\/casadecampoliving.com\/es\/","logo":{"@type":"ImageObject","inLanguage":"es","@id":"https:\/\/casadecampoliving.com\/es\/#\/schema\/logo\/image\/","url":"https:\/\/i0.wp.com\/casadecampoliving.com\/wp-content\/uploads\/2022\/07\/CDCLivingLogo_V1-white-sized.png?fit=800%2C214&ssl=1","contentUrl":"https:\/\/i0.wp.com\/casadecampoliving.com\/wp-content\/uploads\/2022\/07\/CDCLivingLogo_V1-white-sized.png?fit=800%2C214&ssl=1","width":800,"height":214,"caption":"Casa de Campo Living"},"image":{"@id":"https:\/\/casadecampoliving.com\/es\/#\/schema\/logo\/image\/"},"sameAs":["https:\/\/www.facebook.com\/casadecampoliving","https:\/\/x.com\/cdcliving"]},{"@type":"Person","@id":"https:\/\/casadecampoliving.com\/es\/#\/schema\/person\/6777daad22b2d75f00d60dff6798f994","name":"Mr B","image":{"@type":"ImageObject","inLanguage":"es","@id":"https:\/\/secure.gravatar.com\/avatar\/a6081966dadc36da8930069678823cea59d9084eb1da84bf7f94ea86ad9119f8?s=96&d=mm&r=g","url":"https:\/\/secure.gravatar.com\/avatar\/a6081966dadc36da8930069678823cea59d9084eb1da84bf7f94ea86ad9119f8?s=96&d=mm&r=g","contentUrl":"https:\/\/secure.gravatar.com\/avatar\/a6081966dadc36da8930069678823cea59d9084eb1da84bf7f94ea86ad9119f8?s=96&d=mm&r=g","caption":"Mr B"},"url":"https:\/\/casadecampoliving.com\/es\/author\/rbournigal\/"}]}},"parsely":{"version":"1.1.0","canonical_url":"https:\/\/casadecampoliving.com\/es\/first-lady-to-lead-dominican-delegation-in-2009s-sevillian-fair\/","smart_links":{"inbound":0,"outbound":0},"traffic_boost_suggestions_count":0,"meta":{"@context":"https:\/\/schema.org","@type":"NewsArticle","headline":"First Lady to Lead Dominican Delegation in 2009&#8217;s Sevillian Fair","url":"http:\/\/casadecampoliving.com\/es\/first-lady-to-lead-dominican-delegation-in-2009s-sevillian-fair\/","mainEntityOfPage":{"@type":"WebPage","@id":"http:\/\/casadecampoliving.com\/es\/first-lady-to-lead-dominican-delegation-in-2009s-sevillian-fair\/"},"thumbnailUrl":"https:\/\/i0.wp.com\/casadecampoliving.com\/wp-content\/uploads\/2022\/10\/first-lady-roberto.jpg?resize=150%2C150&ssl=1","image":{"@type":"ImageObject","url":"https:\/\/i0.wp.com\/casadecampoliving.com\/wp-content\/uploads\/2022\/10\/first-lady-roberto.jpg?fit=604%2C406&ssl=1"},"articleSection":"Events and Activities","author":[{"@type":"Person","name":"Mr B"}],"creator":["Mr B"],"publisher":{"@type":"Organization","name":"Casa de Campo Living","logo":"https:\/\/casadecampoliving.com\/wp-content\/uploads\/2022\/07\/CDCLivingLogo_V1-white-sized.png"},"keywords":["announcements","espa\u00f1ol","events and activities"],"dateCreated":"2009-02-11T04:00:00Z","datePublished":"2009-02-11T04:00:00Z","dateModified":"2022-10-21T21:49:40Z"},"rendered":"<script type=\"application\/ld+json\" class=\"wp-parsely-metadata\">{\"@context\":\"https:\\\/\\\/schema.org\",\"@type\":\"NewsArticle\",\"headline\":\"First Lady to Lead Dominican Delegation in 2009&#8217;s Sevillian Fair\",\"url\":\"http:\\\/\\\/casadecampoliving.com\\\/es\\\/first-lady-to-lead-dominican-delegation-in-2009s-sevillian-fair\\\/\",\"mainEntityOfPage\":{\"@type\":\"WebPage\",\"@id\":\"http:\\\/\\\/casadecampoliving.com\\\/es\\\/first-lady-to-lead-dominican-delegation-in-2009s-sevillian-fair\\\/\"},\"thumbnailUrl\":\"https:\\\/\\\/i0.wp.com\\\/casadecampoliving.com\\\/wp-content\\\/uploads\\\/2022\\\/10\\\/first-lady-roberto.jpg?resize=150%2C150&ssl=1\",\"image\":{\"@type\":\"ImageObject\",\"url\":\"https:\\\/\\\/i0.wp.com\\\/casadecampoliving.com\\\/wp-content\\\/uploads\\\/2022\\\/10\\\/first-lady-roberto.jpg?fit=604%2C406&ssl=1\"},\"articleSection\":\"Events and Activities\",\"author\":[{\"@type\":\"Person\",\"name\":\"Mr B\"}],\"creator\":[\"Mr B\"],\"publisher\":{\"@type\":\"Organization\",\"name\":\"Casa de Campo Living\",\"logo\":\"https:\\\/\\\/casadecampoliving.com\\\/wp-content\\\/uploads\\\/2022\\\/07\\\/CDCLivingLogo_V1-white-sized.png\"},\"keywords\":[\"announcements\",\"espa\\u00f1ol\",\"events and activities\"],\"dateCreated\":\"2009-02-11T04:00:00Z\",\"datePublished\":\"2009-02-11T04:00:00Z\",\"dateModified\":\"2022-10-21T21:49:40Z\"}<\/script>","tracker_url":"https:\/\/cdn.parsely.com\/keys\/casadecampoliving.com\/p.js"},"jetpack_publicize_connections":[],"jetpack_featured_media_url":"https:\/\/i0.wp.com\/casadecampoliving.com\/wp-content\/uploads\/2022\/10\/first-lady-roberto.jpg?fit=604%2C406&ssl=1","jetpack-related-posts":[{"id":316431,"url":"https:\/\/casadecampoliving.com\/es\/an-in-depth-look-at-the-gran-feria-de-andalucia-en-el-caribe-interviewing-mr-roberto-weill\/","url_meta":{"origin":316184,"position":0},"title":"An in-depth look at the Gran Feria de Andalucia en el Caribe &#8211; Interviewing Mr. Roberto Weill","author":"Mr Casa","date":"19 Mar, 2009","format":false,"excerpt":"The Gran Feria de Andalucia en el Caribe has become, in a\u00a0relatively\u00a0short time, a tremendous success which has become an important item on the\u00a0social and now business calendars of Casa de Campo. \u00a0The Feria, which in 2010 will see its fourth year, has already become a social and economic force\u00a0recognized\u00a0internationally,\u2026","rel":"","context":"En \u00abFeatured\u00bb","block_context":{"text":"Featured","link":"https:\/\/casadecampoliving.com\/category\/featured\/"},"img":{"alt_text":"","src":"https:\/\/i0.wp.com\/casadecampoliving.com\/wp-content\/uploads\/2022\/10\/img_6631.jpg?fit=700%2C560&ssl=1&resize=350%2C200","width":350,"height":200,"srcset":"https:\/\/i0.wp.com\/casadecampoliving.com\/wp-content\/uploads\/2022\/10\/img_6631.jpg?fit=700%2C560&ssl=1&resize=350%2C200 1x, https:\/\/i0.wp.com\/casadecampoliving.com\/wp-content\/uploads\/2022\/10\/img_6631.jpg?fit=700%2C560&ssl=1&resize=525%2C300 1.5x, https:\/\/i0.wp.com\/casadecampoliving.com\/wp-content\/uploads\/2022\/10\/img_6631.jpg?fit=700%2C560&ssl=1&resize=700%2C400 2x"},"classes":[]},{"id":317095,"url":"https:\/\/casadecampoliving.com\/es\/roberto-weill-takes-a-dr-delegation-to-the-feria-de-sevilla\/","url_meta":{"origin":316184,"position":1},"title":"Roberto Weill takes a DR delegation to the Feria de Sevilla","author":"Rebecca Silvestri","date":"1 Jul, 2009","format":false,"excerpt":"Roberto Weill has been a long time member of the Casa de Campo community and only a few years ago also became the director and creator of Casa de Campo's Gran Feria de Andalucia (http:\/\/www.feriaandaluciaenelcaribe.com\/). This year Roberto, and a delegation of prominent Dominicans, visited the Feria de Sevilla, the\u2026","rel":"","context":"En \u00abBeyond Casa\u00bb","block_context":{"text":"Beyond Casa","link":"https:\/\/casadecampoliving.com\/category\/beyond-casa\/"},"img":{"alt_text":"","src":"https:\/\/i0.wp.com\/casadecampoliving.com\/wp-content\/uploads\/2022\/10\/delegation-1.jpg?fit=585%2C282&ssl=1&resize=350%2C200","width":350,"height":200,"srcset":"https:\/\/i0.wp.com\/casadecampoliving.com\/wp-content\/uploads\/2022\/10\/delegation-1.jpg?fit=585%2C282&ssl=1&resize=350%2C200 1x, https:\/\/i0.wp.com\/casadecampoliving.com\/wp-content\/uploads\/2022\/10\/delegation-1.jpg?fit=585%2C282&ssl=1&resize=525%2C300 1.5x"},"classes":[]},{"id":315983,"url":"https:\/\/casadecampoliving.com\/es\/rumor-alert-feria-andalucia-2009-2\/","url_meta":{"origin":316184,"position":2},"title":"RUMOR ALERT: Feria Andalucia 2009 (more info)","author":"Mr B","date":"4 Dic, 2008","format":false,"excerpt":"Whilst still the status of this great event is still \u201cOfficially Unconfirmed\u201d, we\u2019ve heard rumblings, movements and rumors galore about a 2009 Feria Andalucia taking place in Casa de Campo. If true, this would be the third consecutive year in a row, marking this officially as a yearly staple of\u2026","rel":"","context":"En \u00abAltos de Chavon\u00bb","block_context":{"text":"Altos de Chavon","link":"https:\/\/casadecampoliving.com\/category\/altos-de-chavon\/"},"img":{"alt_text":"","src":"https:\/\/i0.wp.com\/www.feriaandaluciaenelcaribe.com\/images\/caballos.jpg?resize=350%2C200","width":350,"height":200},"classes":[]},{"id":316273,"url":"https:\/\/casadecampoliving.com\/es\/3rd-gran-feria-de-andalucia-en-el-caribe\/","url_meta":{"origin":316184,"position":3},"title":"3rd Gran Feria de Andalucia en el Caribe","author":"Mr Casa","date":"3 Mar, 2009","format":false,"excerpt":"Its been quite hectic around here, having just barely recouped from the Third Annual Gran Feria de Andalucia en el Caribe. \u00a0Aside from being quite a mouthful, this event was quite the handful as well. It was exhausting, invigorating, intense, entertaining and quite the\u00a0spectacle. In short however, we would like\u2026","rel":"","context":"En \u00abArt and Culture\u00bb","block_context":{"text":"Art and Culture","link":"https:\/\/casadecampoliving.com\/category\/art-and-culture\/"},"img":{"alt_text":"","src":"https:\/\/i0.wp.com\/casadecampoliving.com\/wp-content\/uploads\/2022\/10\/img_2255.jpg?fit=700%2C525&ssl=1&resize=350%2C200","width":350,"height":200,"srcset":"https:\/\/i0.wp.com\/casadecampoliving.com\/wp-content\/uploads\/2022\/10\/img_2255.jpg?fit=700%2C525&ssl=1&resize=350%2C200 1x, https:\/\/i0.wp.com\/casadecampoliving.com\/wp-content\/uploads\/2022\/10\/img_2255.jpg?fit=700%2C525&ssl=1&resize=525%2C300 1.5x, https:\/\/i0.wp.com\/casadecampoliving.com\/wp-content\/uploads\/2022\/10\/img_2255.jpg?fit=700%2C525&ssl=1&resize=700%2C400 2x"},"classes":[]},{"id":316089,"url":"https:\/\/casadecampoliving.com\/es\/rosario-flores-and-isabel-pantoja-at-the-feria-de-andalucia-en-el-caribe\/","url_meta":{"origin":316184,"position":4},"title":"RUMOR ALERT: Rosario Flores at the Feria de Andalucia en el Caribe","author":"Ms. K","date":"13 Ene, 2009","format":false,"excerpt":"Last year\u2019s Gran Feria Andalucia staged several world renowned flamenco bands. This year it looks like the organizers are kicking it up a notch and have mentioned the performance of Rosario Flores. She is currently listed in the fair\u2019s calendar http:\/\/www.feriaandaluciaenelcaribe.com\/?p=calendario As soon as we receive confirmation we will let\u2026","rel":"","context":"En \u00abCelebs\u00bb","block_context":{"text":"Celebs","link":"https:\/\/casadecampoliving.com\/category\/celebs\/"},"img":{"alt_text":"","src":"https:\/\/i0.wp.com\/casadecampoliving.com\/wp-content\/uploads\/2022\/10\/rosario_flores.jpg?fit=599%2C400&ssl=1&resize=350%2C200","width":350,"height":200,"srcset":"https:\/\/i0.wp.com\/casadecampoliving.com\/wp-content\/uploads\/2022\/10\/rosario_flores.jpg?fit=599%2C400&ssl=1&resize=350%2C200 1x, https:\/\/i0.wp.com\/casadecampoliving.com\/wp-content\/uploads\/2022\/10\/rosario_flores.jpg?fit=599%2C400&ssl=1&resize=525%2C300 1.5x"},"classes":[]},{"id":316227,"url":"https:\/\/casadecampoliving.com\/es\/rosario-flores-at-the-feria-de-andalucia-en-el-caribe\/","url_meta":{"origin":316184,"position":5},"title":"Rosario Flores at the Feria de Andalucia en el Caribe","author":"Mr B","date":"17 Feb, 2009","format":false,"excerpt":"Its official! We have just received the official final\u00a0announcement \u2013 Rosario Flores will be gracing us with her presence during this, the 3ra Gran Feria de Andalucia en el Caribe. The concert, which will take place on February 27th, will take place on an impressive stadium style tent within the\u2026","rel":"","context":"En \u00abCasa de Campo Resort\u00bb","block_context":{"text":"Casa de Campo Resort","link":"https:\/\/casadecampoliving.com\/category\/casa-de-campo-resort\/"},"img":{"alt_text":"","src":"https:\/\/i0.wp.com\/casadecampoliving.com\/wp-content\/uploads\/2022\/10\/rosario-flores-2.jpg?fit=800%2C508&ssl=1&resize=350%2C200","width":350,"height":200,"srcset":"https:\/\/i0.wp.com\/casadecampoliving.com\/wp-content\/uploads\/2022\/10\/rosario-flores-2.jpg?fit=800%2C508&ssl=1&resize=350%2C200 1x, https:\/\/i0.wp.com\/casadecampoliving.com\/wp-content\/uploads\/2022\/10\/rosario-flores-2.jpg?fit=800%2C508&ssl=1&resize=525%2C300 1.5x, https:\/\/i0.wp.com\/casadecampoliving.com\/wp-content\/uploads\/2022\/10\/rosario-flores-2.jpg?fit=800%2C508&ssl=1&resize=700%2C400 2x"},"classes":[]}],"jetpack_sharing_enabled":true,"_links":{"self":[{"href":"https:\/\/casadecampoliving.com\/es\/wp-json\/wp\/v2\/posts\/316184","targetHints":{"allow":["GET"]}}],"collection":[{"href":"https:\/\/casadecampoliving.com\/es\/wp-json\/wp\/v2\/posts"}],"about":[{"href":"https:\/\/casadecampoliving.com\/es\/wp-json\/wp\/v2\/types\/post"}],"author":[{"embeddable":true,"href":"https:\/\/casadecampoliving.com\/es\/wp-json\/wp\/v2\/users\/11"}],"replies":[{"embeddable":true,"href":"https:\/\/casadecampoliving.com\/es\/wp-json\/wp\/v2\/comments?post=316184"}],"version-history":[{"count":0,"href":"https:\/\/casadecampoliving.com\/es\/wp-json\/wp\/v2\/posts\/316184\/revisions"}],"wp:featuredmedia":[{"embeddable":true,"href":"https:\/\/casadecampoliving.com\/es\/wp-json\/wp\/v2\/media\/288227"}],"wp:attachment":[{"href":"https:\/\/casadecampoliving.com\/es\/wp-json\/wp\/v2\/media?parent=316184"}],"wp:term":[{"taxonomy":"category","embeddable":true,"href":"https:\/\/casadecampoliving.com\/es\/wp-json\/wp\/v2\/categories?post=316184"},{"taxonomy":"post_tag","embeddable":true,"href":"https:\/\/casadecampoliving.com\/es\/wp-json\/wp\/v2\/tags?post=316184"},{"taxonomy":"newspack_spnsrs_tax","embeddable":true,"href":"https:\/\/casadecampoliving.com\/es\/wp-json\/wp\/v2\/newspack_spnsrs_tax?post=316184"}],"curies":[{"name":"wp","href":"https:\/\/api.w.org\/{rel}","templated":true}]}}