{"id":316096,"date":"2009-01-27T00:00:00","date_gmt":"2009-01-27T04:00:00","guid":{"rendered":"https:\/\/casadecampoliving.com\/the-new-casa-de-campo-living\/"},"modified":"2022-10-21T17:47:47","modified_gmt":"2022-10-21T21:47:47","slug":"the-new-casa-de-campo-living","status":"publish","type":"post","link":"https:\/\/casadecampoliving.com\/es\/the-new-casa-de-campo-living\/","title":{"rendered":"The New Casa de Campo Living!"},"content":{"rendered":"<div class=\"wp-block-image\">\n<figure class=\"alignleft is-resized\"><a href=\"https:\/\/i0.wp.com\/casadecampoliving.com\/wp-content\/uploads\/2022\/10\/logo-8.png?ssl=1\" target=\"_blank\" rel=\"noopener\"><img loading=\"lazy\" decoding=\"async\" src=\"https:\/\/i0.wp.com\/casadecampoliving.com\/wp-content\/uploads\/2022\/10\/logo-8.png?resize=216%2C95&amp;ssl=1\" alt=\"logo\" class=\"wp-image-797\" title=\"logo\" height=\"95\" width=\"216\"\/><\/a><\/figure>\n<\/div>\n\n\n<p class=\"wp-block-paragraph\">Today we are ver happy to announce the launch of our new Casa de Campo Living site. We hope that all of you like this new design as much as we do.<\/p>\n\n\n\n<p class=\"wp-block-paragraph\">Please let us know what you think by answering our poll on the right below the calendar.<\/p>\n\n\n\n<p class=\"wp-block-paragraph\">Soon we will be launching more features the first one being Facebook Connect! Facebook Connect will allow you to log in and comment using your facebook account, invite your friends, post article and comments to your facebook profile and more.<\/p>\n\n\n\n<p class=\"wp-block-paragraph\">If you encounter anything that is not working correctly or that you would like to see in future updates or simply to let us know what you like\/dislike of the site,&nbsp; please leave us a commnet or drop us a line at info@casadecampoliving.com.<\/p>\n","protected":false},"excerpt":{"rendered":"<p>Today we are ver happy to announce the launch of our new Casa de Campo Living site. We hope that all of you like this new design as much as we do. Please let us know what you think by answering our poll on the right below the calendar. Soon we will be launching more [&hellip;]<\/p>\n","protected":false},"author":11,"featured_media":287958,"comment_status":"closed","ping_status":"open","sticky":false,"template":"","format":"standard","meta":{"newspack_ads_suppress_ads":false,"newspack_popups_has_disabled_popups":false,"newspack_sponsor_sponsorship_scope":"","newspack_sponsor_native_byline_display":"inherit","newspack_sponsor_native_category_display":"inherit","newspack_sponsor_underwriter_style":"inherit","newspack_sponsor_underwriter_placement":"inherit","_newspack_byline_active":false,"_newspack_byline":"","newspack_hide_updated_date":false,"newspack_show_updated_date":false,"newspack_featured_image_position":"","newspack_post_subtitle":"","newspack_article_summary_title":"Overview:","newspack_article_summary":"","_jetpack_memberships_contains_paid_content":false,"footnotes":"","jetpack_publicize_message":"{title}\n\n{excerpt}\n\n{url}","jetpack_publicize_feature_enabled":true,"jetpack_social_post_already_shared":false,"jetpack_social_options":{"image_generator_settings":{"template":"highway","default_image_id":0,"font":"","enabled":false},"version":2},"_wpas_customize_per_network":false},"categories":[56,26820,2522,14625,47,14627],"tags":[13810,98,13814,13807,13805],"newspack_spnsrs_tax":[],"class_list":["post-316096","post","type-post","status-publish","format-standard","has-post-thumbnail","hentry","category-altos-de-chavon","category-casa-de-campo-resort","category-eventos-es","category-noticias-locales","category-marina-casa-de-campo","category-proximamente","tag-altos-de-chavon","tag-announcements","tag-casa-de-campo-resort","tag-events-and-activities","tag-marina-casa-de-campo","entry"],"yoast_head":"<!-- This site is optimized with the Yoast SEO plugin v28.3 - https:\/\/yoast.com\/product\/yoast-seo-wordpress\/ -->\n<title>The New Casa de Campo Living! | Casa de Campo Living<\/title>\n<meta name=\"description\" content=\"Today we are ver happy to announce the launch of our new Casa de Campo Living site. We hope that all of you like this new design as much as we do. Please\" \/>\n<meta name=\"robots\" content=\"index, follow, max-snippet:-1, max-image-preview:large, max-video-preview:-1\" \/>\n<link rel=\"canonical\" href=\"https:\/\/casadecampoliving.com\/es\/the-new-casa-de-campo-living\/\" \/>\n<meta property=\"og:locale\" content=\"es_ES\" \/>\n<meta property=\"og:type\" content=\"article\" \/>\n<meta property=\"og:title\" content=\"The New Casa de Campo Living! | Casa de Campo Living\" \/>\n<meta property=\"og:description\" content=\"Today we are ver happy to announce the launch of our new Casa de Campo Living site. We hope that all of you like this new design as much as we do. Please\" \/>\n<meta property=\"og:url\" content=\"https:\/\/casadecampoliving.com\/es\/the-new-casa-de-campo-living\/\" \/>\n<meta property=\"og:site_name\" content=\"Casa de Campo Living\" \/>\n<meta property=\"article:publisher\" content=\"https:\/\/www.facebook.com\/casadecampoliving\" \/>\n<meta property=\"article:published_time\" content=\"2009-01-27T04:00:00+00:00\" \/>\n<meta property=\"article:modified_time\" content=\"2022-10-21T21:47:47+00:00\" \/>\n<meta property=\"og:image\" content=\"https:\/\/i0.wp.com\/casadecampoliving.com\/wp-content\/uploads\/2022\/10\/logo-2.png?fit=216%2C95&ssl=1\" \/>\n\t<meta property=\"og:image:width\" content=\"216\" \/>\n\t<meta property=\"og:image:height\" content=\"95\" \/>\n\t<meta property=\"og:image:type\" content=\"image\/png\" \/>\n<meta name=\"author\" content=\"Mr B\" \/>\n<meta name=\"twitter:card\" content=\"summary_large_image\" \/>\n<meta name=\"twitter:creator\" content=\"@cdcliving\" \/>\n<meta name=\"twitter:site\" content=\"@cdcliving\" \/>\n<meta name=\"twitter:label1\" content=\"Escrito por\" \/>\n\t<meta name=\"twitter:data1\" content=\"Mr B\" \/>\n\t<meta name=\"twitter:label2\" content=\"Tiempo de lectura\" \/>\n\t<meta name=\"twitter:data2\" content=\"1 minuto\" \/>\n<script type=\"application\/ld+json\" class=\"yoast-schema-graph\">{\"@context\":\"https:\\\/\\\/schema.org\",\"@graph\":[{\"@type\":\"Article\",\"@id\":\"https:\\\/\\\/casadecampoliving.com\\\/es\\\/the-new-casa-de-campo-living\\\/#article\",\"isPartOf\":{\"@id\":\"https:\\\/\\\/casadecampoliving.com\\\/es\\\/the-new-casa-de-campo-living\\\/\"},\"author\":{\"name\":\"Mr B\",\"@id\":\"https:\\\/\\\/casadecampoliving.com\\\/es\\\/#\\\/schema\\\/person\\\/6777daad22b2d75f00d60dff6798f994\"},\"headline\":\"The New Casa de Campo Living!\",\"datePublished\":\"2009-01-27T04:00:00+00:00\",\"dateModified\":\"2022-10-21T21:47:47+00:00\",\"mainEntityOfPage\":{\"@id\":\"https:\\\/\\\/casadecampoliving.com\\\/es\\\/the-new-casa-de-campo-living\\\/\"},\"wordCount\":142,\"publisher\":{\"@id\":\"https:\\\/\\\/casadecampoliving.com\\\/es\\\/#organization\"},\"image\":{\"@id\":\"https:\\\/\\\/casadecampoliving.com\\\/es\\\/the-new-casa-de-campo-living\\\/#primaryimage\"},\"thumbnailUrl\":\"https:\\\/\\\/i0.wp.com\\\/casadecampoliving.com\\\/wp-content\\\/uploads\\\/2022\\\/10\\\/logo-2.png?fit=216%2C95&ssl=1\",\"keywords\":[\"Altos de Chavon\",\"Announcements\",\"Casa de Campo Resort\",\"Events and Activities\",\"Marina Casa de Campo\"],\"articleSection\":[\"Altos de Chavon\",\"Casa de Campo Resort\",\"Eventos\",\"Noticias Locales\",\"Marina Casa de Campo\",\"Proximamente\"],\"inLanguage\":\"es\"},{\"@type\":\"WebPage\",\"@id\":\"https:\\\/\\\/casadecampoliving.com\\\/es\\\/the-new-casa-de-campo-living\\\/\",\"url\":\"https:\\\/\\\/casadecampoliving.com\\\/es\\\/the-new-casa-de-campo-living\\\/\",\"name\":\"The New Casa de Campo Living! | Casa de Campo Living\",\"isPartOf\":{\"@id\":\"https:\\\/\\\/casadecampoliving.com\\\/es\\\/#website\"},\"primaryImageOfPage\":{\"@id\":\"https:\\\/\\\/casadecampoliving.com\\\/es\\\/the-new-casa-de-campo-living\\\/#primaryimage\"},\"image\":{\"@id\":\"https:\\\/\\\/casadecampoliving.com\\\/es\\\/the-new-casa-de-campo-living\\\/#primaryimage\"},\"thumbnailUrl\":\"https:\\\/\\\/i0.wp.com\\\/casadecampoliving.com\\\/wp-content\\\/uploads\\\/2022\\\/10\\\/logo-2.png?fit=216%2C95&ssl=1\",\"datePublished\":\"2009-01-27T04:00:00+00:00\",\"dateModified\":\"2022-10-21T21:47:47+00:00\",\"description\":\"Today we are ver happy to announce the launch of our new Casa de Campo Living site. We hope that all of you like this new design as much as we do. Please\",\"breadcrumb\":{\"@id\":\"https:\\\/\\\/casadecampoliving.com\\\/es\\\/the-new-casa-de-campo-living\\\/#breadcrumb\"},\"inLanguage\":\"es\",\"potentialAction\":[{\"@type\":\"ReadAction\",\"target\":[\"https:\\\/\\\/casadecampoliving.com\\\/es\\\/the-new-casa-de-campo-living\\\/\"]}]},{\"@type\":\"ImageObject\",\"inLanguage\":\"es\",\"@id\":\"https:\\\/\\\/casadecampoliving.com\\\/es\\\/the-new-casa-de-campo-living\\\/#primaryimage\",\"url\":\"https:\\\/\\\/i0.wp.com\\\/casadecampoliving.com\\\/wp-content\\\/uploads\\\/2022\\\/10\\\/logo-2.png?fit=216%2C95&ssl=1\",\"contentUrl\":\"https:\\\/\\\/i0.wp.com\\\/casadecampoliving.com\\\/wp-content\\\/uploads\\\/2022\\\/10\\\/logo-2.png?fit=216%2C95&ssl=1\",\"width\":216,\"height\":95},{\"@type\":\"BreadcrumbList\",\"@id\":\"https:\\\/\\\/casadecampoliving.com\\\/es\\\/the-new-casa-de-campo-living\\\/#breadcrumb\",\"itemListElement\":[{\"@type\":\"ListItem\",\"position\":1,\"name\":\"Home\",\"item\":\"https:\\\/\\\/casadecampoliving.com\\\/es\\\/\"},{\"@type\":\"ListItem\",\"position\":2,\"name\":\"The New Casa de Campo Living!\"}]},{\"@type\":\"WebSite\",\"@id\":\"https:\\\/\\\/casadecampoliving.com\\\/es\\\/#website\",\"url\":\"https:\\\/\\\/casadecampoliving.com\\\/es\\\/\",\"name\":\"Casa de Campo Living\",\"description\":\"Resort community news and resources.\",\"publisher\":{\"@id\":\"https:\\\/\\\/casadecampoliving.com\\\/es\\\/#organization\"},\"potentialAction\":[{\"@type\":\"SearchAction\",\"target\":{\"@type\":\"EntryPoint\",\"urlTemplate\":\"https:\\\/\\\/casadecampoliving.com\\\/es\\\/?s={search_term_string}\"},\"query-input\":{\"@type\":\"PropertyValueSpecification\",\"valueRequired\":true,\"valueName\":\"search_term_string\"}}],\"inLanguage\":\"es\"},{\"@type\":\"Organization\",\"@id\":\"https:\\\/\\\/casadecampoliving.com\\\/es\\\/#organization\",\"name\":\"Casa de Campo Living\",\"url\":\"https:\\\/\\\/casadecampoliving.com\\\/es\\\/\",\"logo\":{\"@type\":\"ImageObject\",\"inLanguage\":\"es\",\"@id\":\"https:\\\/\\\/casadecampoliving.com\\\/es\\\/#\\\/schema\\\/logo\\\/image\\\/\",\"url\":\"https:\\\/\\\/i0.wp.com\\\/casadecampoliving.com\\\/wp-content\\\/uploads\\\/2022\\\/07\\\/CDCLivingLogo_V1-white-sized.png?fit=800%2C214&ssl=1\",\"contentUrl\":\"https:\\\/\\\/i0.wp.com\\\/casadecampoliving.com\\\/wp-content\\\/uploads\\\/2022\\\/07\\\/CDCLivingLogo_V1-white-sized.png?fit=800%2C214&ssl=1\",\"width\":800,\"height\":214,\"caption\":\"Casa de Campo Living\"},\"image\":{\"@id\":\"https:\\\/\\\/casadecampoliving.com\\\/es\\\/#\\\/schema\\\/logo\\\/image\\\/\"},\"sameAs\":[\"https:\\\/\\\/www.facebook.com\\\/casadecampoliving\",\"https:\\\/\\\/x.com\\\/cdcliving\"]},{\"@type\":\"Person\",\"@id\":\"https:\\\/\\\/casadecampoliving.com\\\/es\\\/#\\\/schema\\\/person\\\/6777daad22b2d75f00d60dff6798f994\",\"name\":\"Mr B\",\"image\":{\"@type\":\"ImageObject\",\"inLanguage\":\"es\",\"@id\":\"https:\\\/\\\/secure.gravatar.com\\\/avatar\\\/a6081966dadc36da8930069678823cea59d9084eb1da84bf7f94ea86ad9119f8?s=96&d=mm&r=g\",\"url\":\"https:\\\/\\\/secure.gravatar.com\\\/avatar\\\/a6081966dadc36da8930069678823cea59d9084eb1da84bf7f94ea86ad9119f8?s=96&d=mm&r=g\",\"contentUrl\":\"https:\\\/\\\/secure.gravatar.com\\\/avatar\\\/a6081966dadc36da8930069678823cea59d9084eb1da84bf7f94ea86ad9119f8?s=96&d=mm&r=g\",\"caption\":\"Mr B\"},\"url\":\"https:\\\/\\\/casadecampoliving.com\\\/es\\\/author\\\/rbournigal\\\/\"}]}<\/script>\n<!-- \/ Yoast SEO plugin. -->","yoast_head_json":{"title":"The New Casa de Campo Living! | Casa de Campo Living","description":"Today we are ver happy to announce the launch of our new Casa de Campo Living site. We hope that all of you like this new design as much as we do. Please","robots":{"index":"index","follow":"follow","max-snippet":"max-snippet:-1","max-image-preview":"max-image-preview:large","max-video-preview":"max-video-preview:-1"},"canonical":"https:\/\/casadecampoliving.com\/es\/the-new-casa-de-campo-living\/","og_locale":"es_ES","og_type":"article","og_title":"The New Casa de Campo Living! | Casa de Campo Living","og_description":"Today we are ver happy to announce the launch of our new Casa de Campo Living site. We hope that all of you like this new design as much as we do. Please","og_url":"https:\/\/casadecampoliving.com\/es\/the-new-casa-de-campo-living\/","og_site_name":"Casa de Campo Living","article_publisher":"https:\/\/www.facebook.com\/casadecampoliving","article_published_time":"2009-01-27T04:00:00+00:00","article_modified_time":"2022-10-21T21:47:47+00:00","og_image":[{"width":216,"height":95,"url":"https:\/\/i0.wp.com\/casadecampoliving.com\/wp-content\/uploads\/2022\/10\/logo-2.png?fit=216%2C95&ssl=1","type":"image\/png"}],"author":"Mr B","twitter_card":"summary_large_image","twitter_creator":"@cdcliving","twitter_site":"@cdcliving","twitter_misc":{"Escrito por":"Mr B","Tiempo de lectura":"1 minuto"},"schema":{"@context":"https:\/\/schema.org","@graph":[{"@type":"Article","@id":"https:\/\/casadecampoliving.com\/es\/the-new-casa-de-campo-living\/#article","isPartOf":{"@id":"https:\/\/casadecampoliving.com\/es\/the-new-casa-de-campo-living\/"},"author":{"name":"Mr B","@id":"https:\/\/casadecampoliving.com\/es\/#\/schema\/person\/6777daad22b2d75f00d60dff6798f994"},"headline":"The New Casa de Campo Living!","datePublished":"2009-01-27T04:00:00+00:00","dateModified":"2022-10-21T21:47:47+00:00","mainEntityOfPage":{"@id":"https:\/\/casadecampoliving.com\/es\/the-new-casa-de-campo-living\/"},"wordCount":142,"publisher":{"@id":"https:\/\/casadecampoliving.com\/es\/#organization"},"image":{"@id":"https:\/\/casadecampoliving.com\/es\/the-new-casa-de-campo-living\/#primaryimage"},"thumbnailUrl":"https:\/\/i0.wp.com\/casadecampoliving.com\/wp-content\/uploads\/2022\/10\/logo-2.png?fit=216%2C95&ssl=1","keywords":["Altos de Chavon","Announcements","Casa de Campo Resort","Events and Activities","Marina Casa de Campo"],"articleSection":["Altos de Chavon","Casa de Campo Resort","Eventos","Noticias Locales","Marina Casa de Campo","Proximamente"],"inLanguage":"es"},{"@type":"WebPage","@id":"https:\/\/casadecampoliving.com\/es\/the-new-casa-de-campo-living\/","url":"https:\/\/casadecampoliving.com\/es\/the-new-casa-de-campo-living\/","name":"The New Casa de Campo Living! | Casa de Campo Living","isPartOf":{"@id":"https:\/\/casadecampoliving.com\/es\/#website"},"primaryImageOfPage":{"@id":"https:\/\/casadecampoliving.com\/es\/the-new-casa-de-campo-living\/#primaryimage"},"image":{"@id":"https:\/\/casadecampoliving.com\/es\/the-new-casa-de-campo-living\/#primaryimage"},"thumbnailUrl":"https:\/\/i0.wp.com\/casadecampoliving.com\/wp-content\/uploads\/2022\/10\/logo-2.png?fit=216%2C95&ssl=1","datePublished":"2009-01-27T04:00:00+00:00","dateModified":"2022-10-21T21:47:47+00:00","description":"Today we are ver happy to announce the launch of our new Casa de Campo Living site. We hope that all of you like this new design as much as we do. Please","breadcrumb":{"@id":"https:\/\/casadecampoliving.com\/es\/the-new-casa-de-campo-living\/#breadcrumb"},"inLanguage":"es","potentialAction":[{"@type":"ReadAction","target":["https:\/\/casadecampoliving.com\/es\/the-new-casa-de-campo-living\/"]}]},{"@type":"ImageObject","inLanguage":"es","@id":"https:\/\/casadecampoliving.com\/es\/the-new-casa-de-campo-living\/#primaryimage","url":"https:\/\/i0.wp.com\/casadecampoliving.com\/wp-content\/uploads\/2022\/10\/logo-2.png?fit=216%2C95&ssl=1","contentUrl":"https:\/\/i0.wp.com\/casadecampoliving.com\/wp-content\/uploads\/2022\/10\/logo-2.png?fit=216%2C95&ssl=1","width":216,"height":95},{"@type":"BreadcrumbList","@id":"https:\/\/casadecampoliving.com\/es\/the-new-casa-de-campo-living\/#breadcrumb","itemListElement":[{"@type":"ListItem","position":1,"name":"Home","item":"https:\/\/casadecampoliving.com\/es\/"},{"@type":"ListItem","position":2,"name":"The New Casa de Campo Living!"}]},{"@type":"WebSite","@id":"https:\/\/casadecampoliving.com\/es\/#website","url":"https:\/\/casadecampoliving.com\/es\/","name":"Casa de Campo Living","description":"Resort community news and resources.","publisher":{"@id":"https:\/\/casadecampoliving.com\/es\/#organization"},"potentialAction":[{"@type":"SearchAction","target":{"@type":"EntryPoint","urlTemplate":"https:\/\/casadecampoliving.com\/es\/?s={search_term_string}"},"query-input":{"@type":"PropertyValueSpecification","valueRequired":true,"valueName":"search_term_string"}}],"inLanguage":"es"},{"@type":"Organization","@id":"https:\/\/casadecampoliving.com\/es\/#organization","name":"Casa de Campo Living","url":"https:\/\/casadecampoliving.com\/es\/","logo":{"@type":"ImageObject","inLanguage":"es","@id":"https:\/\/casadecampoliving.com\/es\/#\/schema\/logo\/image\/","url":"https:\/\/i0.wp.com\/casadecampoliving.com\/wp-content\/uploads\/2022\/07\/CDCLivingLogo_V1-white-sized.png?fit=800%2C214&ssl=1","contentUrl":"https:\/\/i0.wp.com\/casadecampoliving.com\/wp-content\/uploads\/2022\/07\/CDCLivingLogo_V1-white-sized.png?fit=800%2C214&ssl=1","width":800,"height":214,"caption":"Casa de Campo Living"},"image":{"@id":"https:\/\/casadecampoliving.com\/es\/#\/schema\/logo\/image\/"},"sameAs":["https:\/\/www.facebook.com\/casadecampoliving","https:\/\/x.com\/cdcliving"]},{"@type":"Person","@id":"https:\/\/casadecampoliving.com\/es\/#\/schema\/person\/6777daad22b2d75f00d60dff6798f994","name":"Mr B","image":{"@type":"ImageObject","inLanguage":"es","@id":"https:\/\/secure.gravatar.com\/avatar\/a6081966dadc36da8930069678823cea59d9084eb1da84bf7f94ea86ad9119f8?s=96&d=mm&r=g","url":"https:\/\/secure.gravatar.com\/avatar\/a6081966dadc36da8930069678823cea59d9084eb1da84bf7f94ea86ad9119f8?s=96&d=mm&r=g","contentUrl":"https:\/\/secure.gravatar.com\/avatar\/a6081966dadc36da8930069678823cea59d9084eb1da84bf7f94ea86ad9119f8?s=96&d=mm&r=g","caption":"Mr B"},"url":"https:\/\/casadecampoliving.com\/es\/author\/rbournigal\/"}]}},"parsely":{"version":"1.1.0","canonical_url":"https:\/\/casadecampoliving.com\/es\/the-new-casa-de-campo-living\/","smart_links":{"inbound":0,"outbound":0},"traffic_boost_suggestions_count":0,"meta":{"@context":"https:\/\/schema.org","@type":"NewsArticle","headline":"The New Casa de Campo Living!","url":"http:\/\/casadecampoliving.com\/es\/the-new-casa-de-campo-living\/","mainEntityOfPage":{"@type":"WebPage","@id":"http:\/\/casadecampoliving.com\/es\/the-new-casa-de-campo-living\/"},"thumbnailUrl":"https:\/\/i0.wp.com\/casadecampoliving.com\/wp-content\/uploads\/2022\/10\/logo-2.png?resize=150%2C95&ssl=1","image":{"@type":"ImageObject","url":"https:\/\/i0.wp.com\/casadecampoliving.com\/wp-content\/uploads\/2022\/10\/logo-2.png?fit=216%2C95&ssl=1"},"articleSection":"Altos de Chavon","author":[{"@type":"Person","name":"Mr B"}],"creator":["Mr B"],"publisher":{"@type":"Organization","name":"Casa de Campo Living","logo":"https:\/\/casadecampoliving.com\/wp-content\/uploads\/2022\/07\/CDCLivingLogo_V1-white-sized.png"},"keywords":["altos de chavon -es","announcements","casa de campo resort","events and activities","marina casa de campo @es"],"dateCreated":"2009-01-27T04:00:00Z","datePublished":"2009-01-27T04:00:00Z","dateModified":"2022-10-21T21:47:47Z"},"rendered":"<meta name=\"parsely-title\" content=\"The New Casa de Campo Living!\" \/>\n<meta name=\"parsely-link\" content=\"http:\/\/casadecampoliving.com\/es\/the-new-casa-de-campo-living\/\" \/>\n<meta name=\"parsely-type\" content=\"post\" \/>\n<meta name=\"parsely-image-url\" content=\"https:\/\/i0.wp.com\/casadecampoliving.com\/wp-content\/uploads\/2022\/10\/logo-2.png?resize=150%2C95&amp;ssl=1\" \/>\n<meta name=\"parsely-pub-date\" content=\"2009-01-27T04:00:00Z\" \/>\n<meta name=\"parsely-section\" content=\"Altos de Chavon\" \/>\n<meta name=\"parsely-tags\" content=\"altos de chavon -es,announcements,casa de campo resort,events and activities,marina casa de campo @es\" \/>\n<meta name=\"parsely-author\" content=\"Mr B\" \/>","tracker_url":"https:\/\/cdn.parsely.com\/keys\/casadecampoliving.com\/p.js"},"jetpack_publicize_connections":[],"jetpack-related-posts":[{"id":433460,"url":"https:\/\/casadecampoliving.com\/es\/no-se-pierdan-el-increible-tributo-a-frank-sinatra-para-celebrar-el-40-aniversario-del-anfiteatro-altos-de-chavon\/","url_meta":{"origin":316096,"position":0},"title":"No se pierdan el incre\u00edble tributo a Frank Sinatra para celebrar el 40 aniversario del\u00a0Anfiteatro Altos de Chav\u00f3n","author":"Casa de Campo Living","date":"20 Oct, 2022","format":false,"excerpt":"Siendo uno de los escenarios m\u00e1s emblem\u00e1ticos del pa\u00eds, Casa de Campo Resort\u00ae & Villas celebra las cuatro d\u00e9cadas de aniversario de Altos de Chav\u00f3n con un tributo al gran Frank Sinatra, protagonizado por artistas invitados y una big band tal cual la que acompa\u00f1\u00f3 al artista hace 40 a\u00f1os\u2026","rel":"","context":"En \u00abUncategorized @es\u00bb","block_context":{"text":"Uncategorized @es","link":"https:\/\/casadecampoliving.com\/es\/category\/uncategorized-es\/"},"img":{"alt_text":"","src":"https:\/\/i0.wp.com\/casadecampoliving.com\/wp-content\/uploads\/2022\/10\/Tributo-Frank-Sinatra-Foto-Principal-Amaury-Sanchez-Danilo-Ginebra-Andres-Pichardo-y-Jose-Gabriel-Perez-.jpg?fit=1200%2C873&ssl=1&resize=350%2C200","width":350,"height":200,"srcset":"https:\/\/i0.wp.com\/casadecampoliving.com\/wp-content\/uploads\/2022\/10\/Tributo-Frank-Sinatra-Foto-Principal-Amaury-Sanchez-Danilo-Ginebra-Andres-Pichardo-y-Jose-Gabriel-Perez-.jpg?fit=1200%2C873&ssl=1&resize=350%2C200 1x, https:\/\/i0.wp.com\/casadecampoliving.com\/wp-content\/uploads\/2022\/10\/Tributo-Frank-Sinatra-Foto-Principal-Amaury-Sanchez-Danilo-Ginebra-Andres-Pichardo-y-Jose-Gabriel-Perez-.jpg?fit=1200%2C873&ssl=1&resize=525%2C300 1.5x, https:\/\/i0.wp.com\/casadecampoliving.com\/wp-content\/uploads\/2022\/10\/Tributo-Frank-Sinatra-Foto-Principal-Amaury-Sanchez-Danilo-Ginebra-Andres-Pichardo-y-Jose-Gabriel-Perez-.jpg?fit=1200%2C873&ssl=1&resize=700%2C400 2x, https:\/\/i0.wp.com\/casadecampoliving.com\/wp-content\/uploads\/2022\/10\/Tributo-Frank-Sinatra-Foto-Principal-Amaury-Sanchez-Danilo-Ginebra-Andres-Pichardo-y-Jose-Gabriel-Perez-.jpg?fit=1200%2C873&ssl=1&resize=1050%2C600 3x"},"classes":[]},{"id":317087,"url":"https:\/\/casadecampoliving.com\/es\/discount-movie-tickets-for-employees-and-students-at-caribbean-cinemas\/","url_meta":{"origin":316096,"position":1},"title":"Discount Movie Tickets for employees and students at Caribbean Cinemas","author":"Mr B","date":"22 Jun, 2009","format":false,"excerpt":"We have just been informed that the Caribbean Cinemas at the Casa de Campo Marina is running some ticket specials for all Casa de Campo, Costasur and Marina employees as well as for students and staff of the Altos de Chavon School of Design! Every week, Monday, Tuesday and Wednesday\u2026","rel":"","context":"En \u00abAltos de Chavon\u00bb","block_context":{"text":"Altos de Chavon","link":"https:\/\/casadecampoliving.com\/category\/altos-de-chavon\/"},"img":{"alt_text":"","src":"https:\/\/i0.wp.com\/casadecampoliving.com\/wp-content\/uploads\/2022\/10\/cine_special0001-1.jpg?fit=800%2C1035&ssl=1&resize=350%2C200","width":350,"height":200,"srcset":"https:\/\/i0.wp.com\/casadecampoliving.com\/wp-content\/uploads\/2022\/10\/cine_special0001-1.jpg?fit=800%2C1035&ssl=1&resize=350%2C200 1x, https:\/\/i0.wp.com\/casadecampoliving.com\/wp-content\/uploads\/2022\/10\/cine_special0001-1.jpg?fit=800%2C1035&ssl=1&resize=525%2C300 1.5x, https:\/\/i0.wp.com\/casadecampoliving.com\/wp-content\/uploads\/2022\/10\/cine_special0001-1.jpg?fit=800%2C1035&ssl=1&resize=700%2C400 2x"},"classes":[]},{"id":324957,"url":"https:\/\/casadecampoliving.com\/todo-the-best-of-2014-winners\/","url_meta":{"origin":316096,"position":2},"title":"TODO The Best of 2014: Winners!","author":"Rebecca Silvestri","date":"24 Dic, 2014","format":false,"excerpt":"We asked\u2026 and you voted. So who did the Casa de Campo community vote as \u201cThe Best of 2014\u201d? Keep reading to find out! TODO The Best of 2014: Winners Most creative menuWinner: La Morela, Marina Casa de Campo2nd place: La Cantina, Altos de Chav\u00f3n3rd place: La Casita, Marina Casa\u2026","rel":"","context":"En \u00abAltos de Chavon\u00bb","block_context":{"text":"Altos de Chavon","link":"https:\/\/casadecampoliving.com\/category\/altos-de-chavon\/"},"img":{"alt_text":"TODO Best of 2014 Casa de Campo","src":"https:\/\/i0.wp.com\/casadecampoliving.com\/wp-content\/uploads\/2022\/10\/TODO_Best_of_2014_Casa_de_Campo-1.jpg?fit=650%2C400&ssl=1&resize=350%2C200","width":350,"height":200,"srcset":"https:\/\/i0.wp.com\/casadecampoliving.com\/wp-content\/uploads\/2022\/10\/TODO_Best_of_2014_Casa_de_Campo-1.jpg?fit=650%2C400&ssl=1&resize=350%2C200 1x, https:\/\/i0.wp.com\/casadecampoliving.com\/wp-content\/uploads\/2022\/10\/TODO_Best_of_2014_Casa_de_Campo-1.jpg?fit=650%2C400&ssl=1&resize=525%2C300 1.5x"},"classes":[]},{"id":316707,"url":"https:\/\/casadecampoliving.com\/es\/free-wifi-round-up-in-casa-de-campo\/","url_meta":{"origin":316096,"position":3},"title":"Free WiFi Round-Up in Casa de Campo","author":"Mr Casa","date":"4 May, 2009","format":false,"excerpt":"Back in September 2008, we did a brief round-up on where to get your WiFi fix while in Casa de Campo, which at the time was limited to about six places. We are happy to announce that considerable progress has been made and additional businesses have either begun offering free\u00a0internet\u00a0access\u2026","rel":"","context":"En \u00abAltos de Chavon\u00bb","block_context":{"text":"Altos de Chavon","link":"https:\/\/casadecampoliving.com\/category\/altos-de-chavon\/"},"img":{"alt_text":"free-wifi","src":"https:\/\/i0.wp.com\/casadecampoliving.com\/wp-content\/uploads\/2022\/10\/free-wifi.jpg?resize=350%2C200&ssl=1","width":350,"height":200},"classes":[]},{"id":321977,"url":"https:\/\/casadecampoliving.com\/this-weekend-in-casa-de-campo-jan-11th-13th\/","url_meta":{"origin":316096,"position":4},"title":"This Weekend in Casa de Campo: Jan 11th &#8211; 13th!","author":"","date":"11 Ene, 2013","format":false,"excerpt":"This weekend in Casa de Campo, discover the new and fun activities available for you, your familly and friends!! Enjoy the weekend!! These events, activities and specials apply to:Friday Jan 11th \u2013 Sunday Jan 13th! A few upcoming activities for your schedule are: \u2022\u00a0Fundaci\u00f3n MIR: Magical Splendor For Life \u2013\u2026","rel":"","context":"En \u00abCasa de Campo Resort\u00bb","block_context":{"text":"Casa de Campo Resort","link":"https:\/\/casadecampoliving.com\/category\/casa-de-campo-resort\/"},"img":{"alt_text":"the weekend in casa","src":"https:\/\/i0.wp.com\/casadecampoliving.com\/wp-content\/uploads\/2022\/10\/this-weekend-in-casa1-1.jpg?fit=650%2C400&ssl=1&resize=350%2C200","width":350,"height":200,"srcset":"https:\/\/i0.wp.com\/casadecampoliving.com\/wp-content\/uploads\/2022\/10\/this-weekend-in-casa1-1.jpg?fit=650%2C400&ssl=1&resize=350%2C200 1x, https:\/\/i0.wp.com\/casadecampoliving.com\/wp-content\/uploads\/2022\/10\/this-weekend-in-casa1-1.jpg?fit=650%2C400&ssl=1&resize=525%2C300 1.5x"},"classes":[]},{"id":321953,"url":"https:\/\/casadecampoliving.com\/this-week-in-casa-de-campo-jan-7th-13th\/","url_meta":{"origin":316096,"position":5},"title":"This Week in Casa de Campo: Jan 7th &#8211; 13th!","author":"","date":"7 Ene, 2013","format":false,"excerpt":"This week in Casa de Campo, take a look at all the interesting workshops offered by the Altos de Chavon School during their \u201cInterin\u201d,\u00a0 the many art exhibits, polo games and much more!! These events, activities and specials apply to:Friday Jan 7th \u2013 Sunday Jan 13th! A few upcoming activities\u2026","rel":"","context":"En \u00abCasa de Campo Resort\u00bb","block_context":{"text":"Casa de Campo Resort","link":"https:\/\/casadecampoliving.com\/category\/casa-de-campo-resort\/"},"img":{"alt_text":"","src":"https:\/\/i0.wp.com\/casadecampoliving.com\/wp-content\/uploads\/2022\/10\/christmas_altos_de_chavon1-1.jpg?fit=650%2C350&ssl=1&resize=350%2C200","width":350,"height":200,"srcset":"https:\/\/i0.wp.com\/casadecampoliving.com\/wp-content\/uploads\/2022\/10\/christmas_altos_de_chavon1-1.jpg?fit=650%2C350&ssl=1&resize=350%2C200 1x, https:\/\/i0.wp.com\/casadecampoliving.com\/wp-content\/uploads\/2022\/10\/christmas_altos_de_chavon1-1.jpg?fit=650%2C350&ssl=1&resize=525%2C300 1.5x"},"classes":[]}],"jetpack_sharing_enabled":true,"jetpack_featured_media_url":"https:\/\/i0.wp.com\/casadecampoliving.com\/wp-content\/uploads\/2022\/10\/logo-2.png?fit=216%2C95&ssl=1","_links":{"self":[{"href":"https:\/\/casadecampoliving.com\/es\/wp-json\/wp\/v2\/posts\/316096","targetHints":{"allow":["GET"]}}],"collection":[{"href":"https:\/\/casadecampoliving.com\/es\/wp-json\/wp\/v2\/posts"}],"about":[{"href":"https:\/\/casadecampoliving.com\/es\/wp-json\/wp\/v2\/types\/post"}],"author":[{"embeddable":true,"href":"https:\/\/casadecampoliving.com\/es\/wp-json\/wp\/v2\/users\/11"}],"replies":[{"embeddable":true,"href":"https:\/\/casadecampoliving.com\/es\/wp-json\/wp\/v2\/comments?post=316096"}],"version-history":[{"count":0,"href":"https:\/\/casadecampoliving.com\/es\/wp-json\/wp\/v2\/posts\/316096\/revisions"}],"wp:featuredmedia":[{"embeddable":true,"href":"https:\/\/casadecampoliving.com\/es\/wp-json\/wp\/v2\/media\/287958"}],"wp:attachment":[{"href":"https:\/\/casadecampoliving.com\/es\/wp-json\/wp\/v2\/media?parent=316096"}],"wp:term":[{"taxonomy":"category","embeddable":true,"href":"https:\/\/casadecampoliving.com\/es\/wp-json\/wp\/v2\/categories?post=316096"},{"taxonomy":"post_tag","embeddable":true,"href":"https:\/\/casadecampoliving.com\/es\/wp-json\/wp\/v2\/tags?post=316096"},{"taxonomy":"newspack_spnsrs_tax","embeddable":true,"href":"https:\/\/casadecampoliving.com\/es\/wp-json\/wp\/v2\/newspack_spnsrs_tax?post=316096"}],"curies":[{"name":"wp","href":"https:\/\/api.w.org\/{rel}","templated":true}]}}