{"id":316000,"date":"2008-12-08T00:00:00","date_gmt":"2008-12-08T04:00:00","guid":{"rendered":"https:\/\/casadecampoliving.com\/concert-carlos-santana-coming-to-altos-de-chavon-on-march-7th\/"},"modified":"2022-10-21T17:52:09","modified_gmt":"2022-10-21T21:52:09","slug":"concert-carlos-santana-coming-to-altos-de-chavon-on-march-7th","status":"publish","type":"post","link":"https:\/\/casadecampoliving.com\/es\/concert-carlos-santana-coming-to-altos-de-chavon-on-march-7th\/","title":{"rendered":"CONCERT &#8211; Carlos Santana coming to Altos de Chavon on March 7th"},"content":{"rendered":"\n<p><a href=\"https:\/\/i0.wp.com\/2.bp.blogspot.com\/_9wHkmw8e9ds\/ST2Y0kF4RYI\/AAAAAAAAAEs\/tshd8Dfq-5I\/s1600-h\/SANTANA_publicity_07_v2m.jpg\" onblur=\"try {parent.deselectBloggerImageGracefully();} catch(e) {}\"><img decoding=\"async\" alt=\"\" border=\"0\" id=\"BLOGGER_PHOTO_ID_5277542367157044610\" src=\"https:\/\/i0.wp.com\/casadecampoliving.com\/wp-content\/uploads\/2022\/10\/SANTANA_publicity_07_v2m-1.jpg?ssl=1\" style=\"float: left; margin: 0pt 10px 10px 0pt;\"><\/a><span style=\"font-family: Times; font-size: 16px;\">That right, you heard it here first! Carlos Santana, the artist who has been reinventing and reshaping the landscape of the known universe\u2019s musical culture for close to four decades, will be performing in the Altos de Chavon Amphitheater on Saturday March 7th, 2009.<\/span><\/p>\n\n\n\n<div style=\"font-family: arial; font-size-adjust: none; font-size: small; font-stretch: normal; font-style: normal; font-variant: normal; font-weight: normal; line-height: normal; margin: 8px;\">\n<div style=\"margin: 0px;\"><\/div>\n<div style=\"margin: 0px;\"><span style=\"font-family: Times; font-size: 16px;\">Carlos Santana has been labeled as a visionary artist with no regards for genre boundaries. Santana, who\u2019s fluid sound long ago laid claim to the concept of \u201cworld music\u201d before the term ever surfaced on pop culture radar, will be among many greats to play in the unique ambiance of the Altos de Chavon, open air, Amphitheater. Among the greats who have performed in Altos de Chavon are legend such as Sting, Frank Sinatra, Placido Domingo, Charles Aznavour, Mark Anthony and many more.&nbsp;<\/span><p><\/p>\n<\/div>\n<div style=\"margin: 0px;\"><span style=\"font-family: Times; font-size: 16px;\">Get your tickets quickly, as this is expected to be a sold out performance. &nbsp;As more information about where to purchase tickets, and how much they will cost, becomes available \u2013 we will let you know!&nbsp;<\/span><p><\/p>\n<\/div>\n<p><span style=\"font-family: Times; font-size: 16px;\"><\/span><\/p><\/div>\n","protected":false},"excerpt":{"rendered":"<p>That right, you heard it here first! Carlos Santana, the artist who has been reinventing and reshaping the landscape of the known universe\u2019s musical culture for close to four decades, will be performing in the Altos de Chavon Amphitheater on Saturday March 7th, 2009. Carlos Santana has been labeled as a visionary artist with no [&hellip;]<\/p>\n","protected":false},"author":11,"featured_media":316001,"comment_status":"closed","ping_status":"open","sticky":false,"template":"","format":"standard","meta":{"newspack_ads_suppress_ads":false,"newspack_popups_has_disabled_popups":false,"newspack_sponsor_sponsorship_scope":"","newspack_sponsor_native_byline_display":"inherit","newspack_sponsor_native_category_display":"inherit","newspack_sponsor_underwriter_style":"inherit","newspack_sponsor_underwriter_placement":"inherit","_newspack_byline_active":false,"_newspack_byline":"","newspack_hide_updated_date":false,"newspack_show_updated_date":false,"newspack_content_restriction_is_exempt":false,"newspack_featured_image_position":"","newspack_post_subtitle":"","newspack_article_summary_title":"Overview:","newspack_article_summary":"","_jetpack_memberships_contains_paid_content":false,"footnotes":"","jetpack_publicize_message":"","jetpack_publicize_feature_enabled":true,"jetpack_social_post_already_shared":false,"jetpack_social_options":{"image_generator_settings":{"template":"highway","default_image_id":0,"font":"","enabled":false},"version":2},"_wpas_customize_per_network":false},"categories":[56,26820,80,52,51,14630,14624,14626],"tags":[53,13810,13814,13819,13808,13807,65],"newspack_spnsrs_tax":[],"class_list":["post-316000","post","type-post","status-publish","format-standard","has-post-thumbnail","hentry","category-altos-de-chavon","category-casa-de-campo-resort","category-celebs","category-concerts","category-events-and-activities","category-lifestyle","category-local-news","category-upcoming","tag-activities","tag-altos-de-chavon","tag-casa-de-campo-resort","tag-celebs","tag-concerts","tag-events-and-activities","tag-family-activities","entry"],"yoast_head":"<!-- This site is optimized with the Yoast SEO plugin v27.5 - https:\/\/yoast.com\/product\/yoast-seo-wordpress\/ -->\n<title>CONCERT - Carlos Santana coming to Altos de Chavon on March 7th | Casa de Campo Living<\/title>\n<meta name=\"description\" content=\"That right, you heard it here first! Carlos Santana, the artist who has been reinventing and reshaping the landscape of the known universe\u2019s musical\" \/>\n<meta name=\"robots\" content=\"index, follow, max-snippet:-1, max-image-preview:large, max-video-preview:-1\" \/>\n<link rel=\"canonical\" href=\"https:\/\/casadecampoliving.com\/es\/concert-carlos-santana-coming-to-altos-de-chavon-on-march-7th\/\" \/>\n<meta property=\"og:locale\" content=\"es_ES\" \/>\n<meta property=\"og:type\" content=\"article\" \/>\n<meta property=\"og:title\" content=\"CONCERT - Carlos Santana coming to Altos de Chavon on March 7th | Casa de Campo Living\" \/>\n<meta property=\"og:description\" content=\"That right, you heard it here first! Carlos Santana, the artist who has been reinventing and reshaping the landscape of the known universe\u2019s musical\" \/>\n<meta property=\"og:url\" content=\"https:\/\/casadecampoliving.com\/es\/concert-carlos-santana-coming-to-altos-de-chavon-on-march-7th\/\" \/>\n<meta property=\"og:site_name\" content=\"Casa de Campo Living\" \/>\n<meta property=\"article:publisher\" content=\"https:\/\/www.facebook.com\/casadecampoliving\" \/>\n<meta property=\"article:published_time\" content=\"2008-12-08T04:00:00+00:00\" \/>\n<meta property=\"article:modified_time\" content=\"2022-10-21T21:52:09+00:00\" \/>\n<meta property=\"og:image\" content=\"https:\/\/i0.wp.com\/casadecampoliving.com\/wp-content\/uploads\/2022\/10\/SANTANA_publicity_07_v2m-1.jpg?fit=231%2C320&ssl=1\" \/>\n\t<meta property=\"og:image:width\" content=\"231\" \/>\n\t<meta property=\"og:image:height\" content=\"320\" \/>\n\t<meta property=\"og:image:type\" content=\"image\/jpeg\" \/>\n<meta name=\"author\" content=\"Mr B\" \/>\n<meta name=\"twitter:card\" content=\"summary_large_image\" \/>\n<meta name=\"twitter:creator\" content=\"@cdcliving\" \/>\n<meta name=\"twitter:site\" content=\"@cdcliving\" \/>\n<meta name=\"twitter:label1\" content=\"Escrito por\" \/>\n\t<meta name=\"twitter:data1\" content=\"Mr B\" \/>\n\t<meta name=\"twitter:label2\" content=\"Tiempo de lectura\" \/>\n\t<meta name=\"twitter:data2\" content=\"1 minuto\" \/>\n<script type=\"application\/ld+json\" class=\"yoast-schema-graph\">{\"@context\":\"https:\\\/\\\/schema.org\",\"@graph\":[{\"@type\":\"Article\",\"@id\":\"https:\\\/\\\/casadecampoliving.com\\\/es\\\/concert-carlos-santana-coming-to-altos-de-chavon-on-march-7th\\\/#article\",\"isPartOf\":{\"@id\":\"https:\\\/\\\/casadecampoliving.com\\\/es\\\/concert-carlos-santana-coming-to-altos-de-chavon-on-march-7th\\\/\"},\"author\":{\"name\":\"Mr B\",\"@id\":\"https:\\\/\\\/casadecampoliving.com\\\/es\\\/#\\\/schema\\\/person\\\/6777daad22b2d75f00d60dff6798f994\"},\"headline\":\"CONCERT &#8211; Carlos Santana coming to Altos de Chavon on March 7th\",\"datePublished\":\"2008-12-08T04:00:00+00:00\",\"dateModified\":\"2022-10-21T21:52:09+00:00\",\"mainEntityOfPage\":{\"@id\":\"https:\\\/\\\/casadecampoliving.com\\\/es\\\/concert-carlos-santana-coming-to-altos-de-chavon-on-march-7th\\\/\"},\"wordCount\":178,\"publisher\":{\"@id\":\"https:\\\/\\\/casadecampoliving.com\\\/es\\\/#organization\"},\"image\":{\"@id\":\"https:\\\/\\\/casadecampoliving.com\\\/es\\\/concert-carlos-santana-coming-to-altos-de-chavon-on-march-7th\\\/#primaryimage\"},\"thumbnailUrl\":\"https:\\\/\\\/i0.wp.com\\\/casadecampoliving.com\\\/wp-content\\\/uploads\\\/2022\\\/10\\\/SANTANA_publicity_07_v2m-1.jpg?fit=231%2C320&ssl=1\",\"keywords\":[\"Activities\",\"Altos de Chavon\",\"Casa de Campo Resort\",\"Celebs\",\"Concerts\",\"Events and Activities\",\"Family Activities\"],\"articleSection\":[\"Altos de Chavon\",\"Casa de Campo Resort\",\"Celebs\",\"Concerts\",\"Events and Activities\",\"Lifestyle\",\"Local News\",\"Upcoming\"],\"inLanguage\":\"es\"},{\"@type\":\"WebPage\",\"@id\":\"https:\\\/\\\/casadecampoliving.com\\\/es\\\/concert-carlos-santana-coming-to-altos-de-chavon-on-march-7th\\\/\",\"url\":\"https:\\\/\\\/casadecampoliving.com\\\/es\\\/concert-carlos-santana-coming-to-altos-de-chavon-on-march-7th\\\/\",\"name\":\"CONCERT - Carlos Santana coming to Altos de Chavon on March 7th | Casa de Campo Living\",\"isPartOf\":{\"@id\":\"https:\\\/\\\/casadecampoliving.com\\\/es\\\/#website\"},\"primaryImageOfPage\":{\"@id\":\"https:\\\/\\\/casadecampoliving.com\\\/es\\\/concert-carlos-santana-coming-to-altos-de-chavon-on-march-7th\\\/#primaryimage\"},\"image\":{\"@id\":\"https:\\\/\\\/casadecampoliving.com\\\/es\\\/concert-carlos-santana-coming-to-altos-de-chavon-on-march-7th\\\/#primaryimage\"},\"thumbnailUrl\":\"https:\\\/\\\/i0.wp.com\\\/casadecampoliving.com\\\/wp-content\\\/uploads\\\/2022\\\/10\\\/SANTANA_publicity_07_v2m-1.jpg?fit=231%2C320&ssl=1\",\"datePublished\":\"2008-12-08T04:00:00+00:00\",\"dateModified\":\"2022-10-21T21:52:09+00:00\",\"description\":\"That right, you heard it here first! Carlos Santana, the artist who has been reinventing and reshaping the landscape of the known universe\u2019s musical\",\"breadcrumb\":{\"@id\":\"https:\\\/\\\/casadecampoliving.com\\\/es\\\/concert-carlos-santana-coming-to-altos-de-chavon-on-march-7th\\\/#breadcrumb\"},\"inLanguage\":\"es\",\"potentialAction\":[{\"@type\":\"ReadAction\",\"target\":[\"https:\\\/\\\/casadecampoliving.com\\\/es\\\/concert-carlos-santana-coming-to-altos-de-chavon-on-march-7th\\\/\"]}]},{\"@type\":\"ImageObject\",\"inLanguage\":\"es\",\"@id\":\"https:\\\/\\\/casadecampoliving.com\\\/es\\\/concert-carlos-santana-coming-to-altos-de-chavon-on-march-7th\\\/#primaryimage\",\"url\":\"https:\\\/\\\/i0.wp.com\\\/casadecampoliving.com\\\/wp-content\\\/uploads\\\/2022\\\/10\\\/SANTANA_publicity_07_v2m-1.jpg?fit=231%2C320&ssl=1\",\"contentUrl\":\"https:\\\/\\\/i0.wp.com\\\/casadecampoliving.com\\\/wp-content\\\/uploads\\\/2022\\\/10\\\/SANTANA_publicity_07_v2m-1.jpg?fit=231%2C320&ssl=1\",\"width\":231,\"height\":320},{\"@type\":\"BreadcrumbList\",\"@id\":\"https:\\\/\\\/casadecampoliving.com\\\/es\\\/concert-carlos-santana-coming-to-altos-de-chavon-on-march-7th\\\/#breadcrumb\",\"itemListElement\":[{\"@type\":\"ListItem\",\"position\":1,\"name\":\"Home\",\"item\":\"https:\\\/\\\/casadecampoliving.com\\\/es\\\/\"},{\"@type\":\"ListItem\",\"position\":2,\"name\":\"CONCERT &#8211; Carlos Santana coming to Altos de Chavon on March 7th\"}]},{\"@type\":\"WebSite\",\"@id\":\"https:\\\/\\\/casadecampoliving.com\\\/es\\\/#website\",\"url\":\"https:\\\/\\\/casadecampoliving.com\\\/es\\\/\",\"name\":\"Casa de Campo Living\",\"description\":\"Resort community news and resources.\",\"publisher\":{\"@id\":\"https:\\\/\\\/casadecampoliving.com\\\/es\\\/#organization\"},\"potentialAction\":[{\"@type\":\"SearchAction\",\"target\":{\"@type\":\"EntryPoint\",\"urlTemplate\":\"https:\\\/\\\/casadecampoliving.com\\\/es\\\/?s={search_term_string}\"},\"query-input\":{\"@type\":\"PropertyValueSpecification\",\"valueRequired\":true,\"valueName\":\"search_term_string\"}}],\"inLanguage\":\"es\"},{\"@type\":\"Organization\",\"@id\":\"https:\\\/\\\/casadecampoliving.com\\\/es\\\/#organization\",\"name\":\"Casa de Campo Living\",\"url\":\"https:\\\/\\\/casadecampoliving.com\\\/es\\\/\",\"logo\":{\"@type\":\"ImageObject\",\"inLanguage\":\"es\",\"@id\":\"https:\\\/\\\/casadecampoliving.com\\\/es\\\/#\\\/schema\\\/logo\\\/image\\\/\",\"url\":\"https:\\\/\\\/i0.wp.com\\\/casadecampoliving.com\\\/wp-content\\\/uploads\\\/2022\\\/07\\\/CDCLivingLogo_V1-white-sized.png?fit=800%2C214&ssl=1\",\"contentUrl\":\"https:\\\/\\\/i0.wp.com\\\/casadecampoliving.com\\\/wp-content\\\/uploads\\\/2022\\\/07\\\/CDCLivingLogo_V1-white-sized.png?fit=800%2C214&ssl=1\",\"width\":800,\"height\":214,\"caption\":\"Casa de Campo Living\"},\"image\":{\"@id\":\"https:\\\/\\\/casadecampoliving.com\\\/es\\\/#\\\/schema\\\/logo\\\/image\\\/\"},\"sameAs\":[\"https:\\\/\\\/www.facebook.com\\\/casadecampoliving\",\"https:\\\/\\\/x.com\\\/cdcliving\"]},{\"@type\":\"Person\",\"@id\":\"https:\\\/\\\/casadecampoliving.com\\\/es\\\/#\\\/schema\\\/person\\\/6777daad22b2d75f00d60dff6798f994\",\"name\":\"Mr B\",\"image\":{\"@type\":\"ImageObject\",\"inLanguage\":\"es\",\"@id\":\"https:\\\/\\\/secure.gravatar.com\\\/avatar\\\/a6081966dadc36da8930069678823cea59d9084eb1da84bf7f94ea86ad9119f8?s=96&d=mm&r=g\",\"url\":\"https:\\\/\\\/secure.gravatar.com\\\/avatar\\\/a6081966dadc36da8930069678823cea59d9084eb1da84bf7f94ea86ad9119f8?s=96&d=mm&r=g\",\"contentUrl\":\"https:\\\/\\\/secure.gravatar.com\\\/avatar\\\/a6081966dadc36da8930069678823cea59d9084eb1da84bf7f94ea86ad9119f8?s=96&d=mm&r=g\",\"caption\":\"Mr B\"},\"url\":\"https:\\\/\\\/casadecampoliving.com\\\/es\\\/author\\\/rbournigal\\\/\"}]}<\/script>\n<!-- \/ Yoast SEO plugin. -->","yoast_head_json":{"title":"CONCERT - Carlos Santana coming to Altos de Chavon on March 7th | Casa de Campo Living","description":"That right, you heard it here first! Carlos Santana, the artist who has been reinventing and reshaping the landscape of the known universe\u2019s musical","robots":{"index":"index","follow":"follow","max-snippet":"max-snippet:-1","max-image-preview":"max-image-preview:large","max-video-preview":"max-video-preview:-1"},"canonical":"https:\/\/casadecampoliving.com\/es\/concert-carlos-santana-coming-to-altos-de-chavon-on-march-7th\/","og_locale":"es_ES","og_type":"article","og_title":"CONCERT - Carlos Santana coming to Altos de Chavon on March 7th | Casa de Campo Living","og_description":"That right, you heard it here first! Carlos Santana, the artist who has been reinventing and reshaping the landscape of the known universe\u2019s musical","og_url":"https:\/\/casadecampoliving.com\/es\/concert-carlos-santana-coming-to-altos-de-chavon-on-march-7th\/","og_site_name":"Casa de Campo Living","article_publisher":"https:\/\/www.facebook.com\/casadecampoliving","article_published_time":"2008-12-08T04:00:00+00:00","article_modified_time":"2022-10-21T21:52:09+00:00","og_image":[{"width":231,"height":320,"url":"https:\/\/i0.wp.com\/casadecampoliving.com\/wp-content\/uploads\/2022\/10\/SANTANA_publicity_07_v2m-1.jpg?fit=231%2C320&ssl=1","type":"image\/jpeg"}],"author":"Mr B","twitter_card":"summary_large_image","twitter_creator":"@cdcliving","twitter_site":"@cdcliving","twitter_misc":{"Escrito por":"Mr B","Tiempo de lectura":"1 minuto"},"schema":{"@context":"https:\/\/schema.org","@graph":[{"@type":"Article","@id":"https:\/\/casadecampoliving.com\/es\/concert-carlos-santana-coming-to-altos-de-chavon-on-march-7th\/#article","isPartOf":{"@id":"https:\/\/casadecampoliving.com\/es\/concert-carlos-santana-coming-to-altos-de-chavon-on-march-7th\/"},"author":{"name":"Mr B","@id":"https:\/\/casadecampoliving.com\/es\/#\/schema\/person\/6777daad22b2d75f00d60dff6798f994"},"headline":"CONCERT &#8211; Carlos Santana coming to Altos de Chavon on March 7th","datePublished":"2008-12-08T04:00:00+00:00","dateModified":"2022-10-21T21:52:09+00:00","mainEntityOfPage":{"@id":"https:\/\/casadecampoliving.com\/es\/concert-carlos-santana-coming-to-altos-de-chavon-on-march-7th\/"},"wordCount":178,"publisher":{"@id":"https:\/\/casadecampoliving.com\/es\/#organization"},"image":{"@id":"https:\/\/casadecampoliving.com\/es\/concert-carlos-santana-coming-to-altos-de-chavon-on-march-7th\/#primaryimage"},"thumbnailUrl":"https:\/\/i0.wp.com\/casadecampoliving.com\/wp-content\/uploads\/2022\/10\/SANTANA_publicity_07_v2m-1.jpg?fit=231%2C320&ssl=1","keywords":["Activities","Altos de Chavon","Casa de Campo Resort","Celebs","Concerts","Events and Activities","Family Activities"],"articleSection":["Altos de Chavon","Casa de Campo Resort","Celebs","Concerts","Events and Activities","Lifestyle","Local News","Upcoming"],"inLanguage":"es"},{"@type":"WebPage","@id":"https:\/\/casadecampoliving.com\/es\/concert-carlos-santana-coming-to-altos-de-chavon-on-march-7th\/","url":"https:\/\/casadecampoliving.com\/es\/concert-carlos-santana-coming-to-altos-de-chavon-on-march-7th\/","name":"CONCERT - Carlos Santana coming to Altos de Chavon on March 7th | Casa de Campo Living","isPartOf":{"@id":"https:\/\/casadecampoliving.com\/es\/#website"},"primaryImageOfPage":{"@id":"https:\/\/casadecampoliving.com\/es\/concert-carlos-santana-coming-to-altos-de-chavon-on-march-7th\/#primaryimage"},"image":{"@id":"https:\/\/casadecampoliving.com\/es\/concert-carlos-santana-coming-to-altos-de-chavon-on-march-7th\/#primaryimage"},"thumbnailUrl":"https:\/\/i0.wp.com\/casadecampoliving.com\/wp-content\/uploads\/2022\/10\/SANTANA_publicity_07_v2m-1.jpg?fit=231%2C320&ssl=1","datePublished":"2008-12-08T04:00:00+00:00","dateModified":"2022-10-21T21:52:09+00:00","description":"That right, you heard it here first! Carlos Santana, the artist who has been reinventing and reshaping the landscape of the known universe\u2019s musical","breadcrumb":{"@id":"https:\/\/casadecampoliving.com\/es\/concert-carlos-santana-coming-to-altos-de-chavon-on-march-7th\/#breadcrumb"},"inLanguage":"es","potentialAction":[{"@type":"ReadAction","target":["https:\/\/casadecampoliving.com\/es\/concert-carlos-santana-coming-to-altos-de-chavon-on-march-7th\/"]}]},{"@type":"ImageObject","inLanguage":"es","@id":"https:\/\/casadecampoliving.com\/es\/concert-carlos-santana-coming-to-altos-de-chavon-on-march-7th\/#primaryimage","url":"https:\/\/i0.wp.com\/casadecampoliving.com\/wp-content\/uploads\/2022\/10\/SANTANA_publicity_07_v2m-1.jpg?fit=231%2C320&ssl=1","contentUrl":"https:\/\/i0.wp.com\/casadecampoliving.com\/wp-content\/uploads\/2022\/10\/SANTANA_publicity_07_v2m-1.jpg?fit=231%2C320&ssl=1","width":231,"height":320},{"@type":"BreadcrumbList","@id":"https:\/\/casadecampoliving.com\/es\/concert-carlos-santana-coming-to-altos-de-chavon-on-march-7th\/#breadcrumb","itemListElement":[{"@type":"ListItem","position":1,"name":"Home","item":"https:\/\/casadecampoliving.com\/es\/"},{"@type":"ListItem","position":2,"name":"CONCERT &#8211; Carlos Santana coming to Altos de Chavon on March 7th"}]},{"@type":"WebSite","@id":"https:\/\/casadecampoliving.com\/es\/#website","url":"https:\/\/casadecampoliving.com\/es\/","name":"Casa de Campo Living","description":"Resort community news and resources.","publisher":{"@id":"https:\/\/casadecampoliving.com\/es\/#organization"},"potentialAction":[{"@type":"SearchAction","target":{"@type":"EntryPoint","urlTemplate":"https:\/\/casadecampoliving.com\/es\/?s={search_term_string}"},"query-input":{"@type":"PropertyValueSpecification","valueRequired":true,"valueName":"search_term_string"}}],"inLanguage":"es"},{"@type":"Organization","@id":"https:\/\/casadecampoliving.com\/es\/#organization","name":"Casa de Campo Living","url":"https:\/\/casadecampoliving.com\/es\/","logo":{"@type":"ImageObject","inLanguage":"es","@id":"https:\/\/casadecampoliving.com\/es\/#\/schema\/logo\/image\/","url":"https:\/\/i0.wp.com\/casadecampoliving.com\/wp-content\/uploads\/2022\/07\/CDCLivingLogo_V1-white-sized.png?fit=800%2C214&ssl=1","contentUrl":"https:\/\/i0.wp.com\/casadecampoliving.com\/wp-content\/uploads\/2022\/07\/CDCLivingLogo_V1-white-sized.png?fit=800%2C214&ssl=1","width":800,"height":214,"caption":"Casa de Campo Living"},"image":{"@id":"https:\/\/casadecampoliving.com\/es\/#\/schema\/logo\/image\/"},"sameAs":["https:\/\/www.facebook.com\/casadecampoliving","https:\/\/x.com\/cdcliving"]},{"@type":"Person","@id":"https:\/\/casadecampoliving.com\/es\/#\/schema\/person\/6777daad22b2d75f00d60dff6798f994","name":"Mr B","image":{"@type":"ImageObject","inLanguage":"es","@id":"https:\/\/secure.gravatar.com\/avatar\/a6081966dadc36da8930069678823cea59d9084eb1da84bf7f94ea86ad9119f8?s=96&d=mm&r=g","url":"https:\/\/secure.gravatar.com\/avatar\/a6081966dadc36da8930069678823cea59d9084eb1da84bf7f94ea86ad9119f8?s=96&d=mm&r=g","contentUrl":"https:\/\/secure.gravatar.com\/avatar\/a6081966dadc36da8930069678823cea59d9084eb1da84bf7f94ea86ad9119f8?s=96&d=mm&r=g","caption":"Mr B"},"url":"https:\/\/casadecampoliving.com\/es\/author\/rbournigal\/"}]}},"parsely":{"version":"1.1.0","canonical_url":"https:\/\/casadecampoliving.com\/es\/concert-carlos-santana-coming-to-altos-de-chavon-on-march-7th\/","smart_links":{"inbound":0,"outbound":0},"traffic_boost_suggestions_count":0,"meta":{"@context":"https:\/\/schema.org","@type":"NewsArticle","headline":"CONCERT &#8211; Carlos Santana coming to Altos de Chavon on March 7th","url":"http:\/\/casadecampoliving.com\/es\/concert-carlos-santana-coming-to-altos-de-chavon-on-march-7th\/","mainEntityOfPage":{"@type":"WebPage","@id":"http:\/\/casadecampoliving.com\/es\/concert-carlos-santana-coming-to-altos-de-chavon-on-march-7th\/"},"thumbnailUrl":"https:\/\/i0.wp.com\/casadecampoliving.com\/wp-content\/uploads\/2022\/10\/SANTANA_publicity_07_v2m-1.jpg?resize=150%2C150&ssl=1","image":{"@type":"ImageObject","url":"https:\/\/i0.wp.com\/casadecampoliving.com\/wp-content\/uploads\/2022\/10\/SANTANA_publicity_07_v2m-1.jpg?fit=231%2C320&ssl=1"},"articleSection":"Altos de Chavon","author":[{"@type":"Person","name":"Mr B"}],"creator":["Mr B"],"publisher":{"@type":"Organization","name":"Casa de Campo Living","logo":"https:\/\/casadecampoliving.com\/wp-content\/uploads\/2022\/07\/CDCLivingLogo_V1-white-sized.png"},"keywords":["activities","altos de chavon -es","casa de campo resort","celebs","concerts","events and activities","family activities"],"dateCreated":"2008-12-08T04:00:00Z","datePublished":"2008-12-08T04:00:00Z","dateModified":"2022-10-21T21:52:09Z"},"rendered":"<script type=\"application\/ld+json\" class=\"wp-parsely-metadata\">{\"@context\":\"https:\\\/\\\/schema.org\",\"@type\":\"NewsArticle\",\"headline\":\"CONCERT &#8211; Carlos Santana coming to Altos de Chavon on March 7th\",\"url\":\"http:\\\/\\\/casadecampoliving.com\\\/es\\\/concert-carlos-santana-coming-to-altos-de-chavon-on-march-7th\\\/\",\"mainEntityOfPage\":{\"@type\":\"WebPage\",\"@id\":\"http:\\\/\\\/casadecampoliving.com\\\/es\\\/concert-carlos-santana-coming-to-altos-de-chavon-on-march-7th\\\/\"},\"thumbnailUrl\":\"https:\\\/\\\/i0.wp.com\\\/casadecampoliving.com\\\/wp-content\\\/uploads\\\/2022\\\/10\\\/SANTANA_publicity_07_v2m-1.jpg?resize=150%2C150&ssl=1\",\"image\":{\"@type\":\"ImageObject\",\"url\":\"https:\\\/\\\/i0.wp.com\\\/casadecampoliving.com\\\/wp-content\\\/uploads\\\/2022\\\/10\\\/SANTANA_publicity_07_v2m-1.jpg?fit=231%2C320&ssl=1\"},\"articleSection\":\"Altos de Chavon\",\"author\":[{\"@type\":\"Person\",\"name\":\"Mr B\"}],\"creator\":[\"Mr B\"],\"publisher\":{\"@type\":\"Organization\",\"name\":\"Casa de Campo Living\",\"logo\":\"https:\\\/\\\/casadecampoliving.com\\\/wp-content\\\/uploads\\\/2022\\\/07\\\/CDCLivingLogo_V1-white-sized.png\"},\"keywords\":[\"activities\",\"altos de chavon -es\",\"casa de campo resort\",\"celebs\",\"concerts\",\"events and activities\",\"family activities\"],\"dateCreated\":\"2008-12-08T04:00:00Z\",\"datePublished\":\"2008-12-08T04:00:00Z\",\"dateModified\":\"2022-10-21T21:52:09Z\"}<\/script>","tracker_url":"https:\/\/cdn.parsely.com\/keys\/casadecampoliving.com\/p.js"},"jetpack_publicize_connections":[],"jetpack_featured_media_url":"https:\/\/i0.wp.com\/casadecampoliving.com\/wp-content\/uploads\/2022\/10\/SANTANA_publicity_07_v2m-1.jpg?fit=231%2C320&ssl=1","jetpack-related-posts":[{"id":316111,"url":"https:\/\/casadecampoliving.com\/es\/carlos-santana-live-your-light-2009-at-altos-de-chavon\/","url_meta":{"origin":316000,"position":0},"title":"Carlos Santana Live Your Light 2009 at Altos de Chavon","author":"Mr B","date":"30 Ene, 2009","format":false,"excerpt":"We received a press release from Ana Pereyra, Productions and Shows Manager from Casa de Campo with the exciting details for the upcoming Carlos Santana, Live Your Light Tour in the Altos de Chavon Amphitheater on March 7th. We have included the original release in spanish as well as a\u2026","rel":"","context":"En \u00abAltos de Chavon\u00bb","block_context":{"text":"Altos de Chavon","link":"https:\/\/casadecampoliving.com\/category\/altos-de-chavon\/"},"img":{"alt_text":"","src":"https:\/\/i0.wp.com\/casadecampoliving.com\/wp-content\/uploads\/2022\/10\/santana_live_your_light.jpg?fit=476%2C576&ssl=1&resize=350%2C200","width":350,"height":200},"classes":[]},{"id":317801,"url":"https:\/\/casadecampoliving.com\/es\/video-of-il-divo-performing-a-mi-manera-at-the-altos-de-chavon-amphitheater\/","url_meta":{"origin":316000,"position":1},"title":"Video of Il Divo performing &#8216;A Mi Manera&#8217; at the Altos de Chavon Amphitheater","author":"Rebecca Silvestri","date":"15 Nov, 2009","format":false,"excerpt":"On Saturday the 7th of November, Il Divo the operatic-pop quartet and intentional singing phenomenon, performed at the Altos de Chavon Amphitheater. Below are links to all our Il Divo articles so far: Breathtaking photos of Il Divo by Pilar Rosario Video of Il Divo performing \u2018Bridge over troubled water\u2019\u2026","rel":"","context":"En \u00abAltos de Chavon\u00bb","block_context":{"text":"Altos de Chavon","link":"https:\/\/casadecampoliving.com\/category\/altos-de-chavon\/"},"img":{"alt_text":"","src":"https:\/\/i0.wp.com\/casadecampoliving.com\/wp-content\/uploads\/2022\/10\/il-divo.jpg?fit=580%2C435&ssl=1&resize=350%2C200","width":350,"height":200,"srcset":"https:\/\/i0.wp.com\/casadecampoliving.com\/wp-content\/uploads\/2022\/10\/il-divo.jpg?fit=580%2C435&ssl=1&resize=350%2C200 1x, https:\/\/i0.wp.com\/casadecampoliving.com\/wp-content\/uploads\/2022\/10\/il-divo.jpg?fit=580%2C435&ssl=1&resize=525%2C300 1.5x"},"classes":[]},{"id":433460,"url":"https:\/\/casadecampoliving.com\/es\/no-se-pierdan-el-increible-tributo-a-frank-sinatra-para-celebrar-el-40-aniversario-del-anfiteatro-altos-de-chavon\/","url_meta":{"origin":316000,"position":2},"title":"No se pierdan el incre\u00edble tributo a Frank Sinatra para celebrar el 40 aniversario del\u00a0Anfiteatro Altos de Chav\u00f3n","author":"Casa de Campo Living","date":"20 Oct, 2022","format":false,"excerpt":"Siendo uno de los escenarios m\u00e1s emblem\u00e1ticos del pa\u00eds, Casa de Campo Resort\u00ae & Villas celebra las cuatro d\u00e9cadas de aniversario de Altos de Chav\u00f3n con un tributo al gran Frank Sinatra, protagonizado por artistas invitados y una big band tal cual la que acompa\u00f1\u00f3 al artista hace 40 a\u00f1os\u2026","rel":"","context":"En \u00abUncategorized @es\u00bb","block_context":{"text":"Uncategorized @es","link":"https:\/\/casadecampoliving.com\/es\/category\/uncategorized-es\/"},"img":{"alt_text":"","src":"https:\/\/i0.wp.com\/casadecampoliving.com\/wp-content\/uploads\/2022\/10\/Tributo-Frank-Sinatra-Foto-Principal-Amaury-Sanchez-Danilo-Ginebra-Andres-Pichardo-y-Jose-Gabriel-Perez-.jpg?fit=1200%2C873&ssl=1&resize=350%2C200","width":350,"height":200,"srcset":"https:\/\/i0.wp.com\/casadecampoliving.com\/wp-content\/uploads\/2022\/10\/Tributo-Frank-Sinatra-Foto-Principal-Amaury-Sanchez-Danilo-Ginebra-Andres-Pichardo-y-Jose-Gabriel-Perez-.jpg?fit=1200%2C873&ssl=1&resize=350%2C200 1x, https:\/\/i0.wp.com\/casadecampoliving.com\/wp-content\/uploads\/2022\/10\/Tributo-Frank-Sinatra-Foto-Principal-Amaury-Sanchez-Danilo-Ginebra-Andres-Pichardo-y-Jose-Gabriel-Perez-.jpg?fit=1200%2C873&ssl=1&resize=525%2C300 1.5x, https:\/\/i0.wp.com\/casadecampoliving.com\/wp-content\/uploads\/2022\/10\/Tributo-Frank-Sinatra-Foto-Principal-Amaury-Sanchez-Danilo-Ginebra-Andres-Pichardo-y-Jose-Gabriel-Perez-.jpg?fit=1200%2C873&ssl=1&resize=700%2C400 2x, https:\/\/i0.wp.com\/casadecampoliving.com\/wp-content\/uploads\/2022\/10\/Tributo-Frank-Sinatra-Foto-Principal-Amaury-Sanchez-Danilo-Ginebra-Andres-Pichardo-y-Jose-Gabriel-Perez-.jpg?fit=1200%2C873&ssl=1&resize=1050%2C600 3x"},"classes":[]},{"id":316233,"url":"https:\/\/casadecampoliving.com\/es\/carlos-santana-videos\/","url_meta":{"origin":316000,"position":3},"title":"Carlos Santana Videos","author":"Mr B","date":"17 Feb, 2009","format":false,"excerpt":"While we wait for the big event on March 7th when Carlos Santana will share his amazing music with us on the Live Your Light tour we leave you with this. Below is a music video player right out of the official Carlos Santana website . Enjoy!! \u00a0\u00a0\u00a0\u00a0\u00a0","rel":"","context":"En \u00abAltos de Chavon\u00bb","block_context":{"text":"Altos de Chavon","link":"https:\/\/casadecampoliving.com\/category\/altos-de-chavon\/"},"img":{"alt_text":"","src":"https:\/\/i0.wp.com\/casadecampoliving.com\/wp-content\/uploads\/2022\/10\/santanabannerr.jpg?fit=200%2C200&ssl=1&resize=350%2C200","width":350,"height":200},"classes":[]},{"id":317763,"url":"https:\/\/casadecampoliving.com\/es\/video-of-il-divo-performing-bridge-over-troubled-water-at-the-altos-de-chavon-amphitheater\/","url_meta":{"origin":316000,"position":4},"title":"Video of Il Divo performing &#8216;Bridge over troubled water&#8217; at the Altos de Chavon Amphitheater","author":"Rebecca Silvestri","date":"10 Nov, 2009","format":false,"excerpt":"On Saturday the 7th of November, Il Divo the operatic-pop quartet and intentional singing phenomenon, performed at the Altos de Chavon Amphitheater. For our full coverage of the concert click here. Here is a video of Il Divo performing \u2018Bridge over troubled water\u2019 live at the Altos de Chavon Amphitheater:\u2026","rel":"","context":"En \u00abAltos de Chavon\u00bb","block_context":{"text":"Altos de Chavon","link":"https:\/\/casadecampoliving.com\/category\/altos-de-chavon\/"},"img":{"alt_text":"","src":"https:\/\/i0.wp.com\/casadecampoliving.com\/wp-content\/uploads\/2022\/10\/il-divo-3.jpg?fit=580%2C435&ssl=1&resize=350%2C200","width":350,"height":200,"srcset":"https:\/\/i0.wp.com\/casadecampoliving.com\/wp-content\/uploads\/2022\/10\/il-divo-3.jpg?fit=580%2C435&ssl=1&resize=350%2C200 1x, https:\/\/i0.wp.com\/casadecampoliving.com\/wp-content\/uploads\/2022\/10\/il-divo-3.jpg?fit=580%2C435&ssl=1&resize=525%2C300 1.5x"},"classes":[]},{"id":326885,"url":"https:\/\/casadecampoliving.com\/100th-birthday-frank-sinatra\/","url_meta":{"origin":316000,"position":5},"title":"Happy 100th Birthday, Frank Sinatra!","author":"Felix Guerrero","date":"30 Dic, 2015","format":false,"excerpt":"When listening to \u201cI\u2019ve Got The World on a String\u201d one can\u2019t help but be taken back to the \u201cConcert for the Americas\u201d when Frank Sinatra opened with this song during the inauguration of the Altos de Chav\u00f3n amphitheater back in 1982. It\u2019s been a long a long 33 years\u2026","rel":"","context":"En \u00abAltos de Chavon\u00bb","block_context":{"text":"Altos de Chavon","link":"https:\/\/casadecampoliving.com\/category\/altos-de-chavon\/"},"img":{"alt_text":"Frank Sinatra Capitol Records","src":"https:\/\/i0.wp.com\/casadecampoliving.com\/wp-content\/uploads\/2022\/10\/Frank-Sinatra-Capitol-Records-1.jpg?fit=650%2C400&ssl=1&resize=350%2C200","width":350,"height":200,"srcset":"https:\/\/i0.wp.com\/casadecampoliving.com\/wp-content\/uploads\/2022\/10\/Frank-Sinatra-Capitol-Records-1.jpg?fit=650%2C400&ssl=1&resize=350%2C200 1x, https:\/\/i0.wp.com\/casadecampoliving.com\/wp-content\/uploads\/2022\/10\/Frank-Sinatra-Capitol-Records-1.jpg?fit=650%2C400&ssl=1&resize=525%2C300 1.5x"},"classes":[]}],"jetpack_sharing_enabled":true,"_links":{"self":[{"href":"https:\/\/casadecampoliving.com\/es\/wp-json\/wp\/v2\/posts\/316000","targetHints":{"allow":["GET"]}}],"collection":[{"href":"https:\/\/casadecampoliving.com\/es\/wp-json\/wp\/v2\/posts"}],"about":[{"href":"https:\/\/casadecampoliving.com\/es\/wp-json\/wp\/v2\/types\/post"}],"author":[{"embeddable":true,"href":"https:\/\/casadecampoliving.com\/es\/wp-json\/wp\/v2\/users\/11"}],"replies":[{"embeddable":true,"href":"https:\/\/casadecampoliving.com\/es\/wp-json\/wp\/v2\/comments?post=316000"}],"version-history":[{"count":0,"href":"https:\/\/casadecampoliving.com\/es\/wp-json\/wp\/v2\/posts\/316000\/revisions"}],"wp:featuredmedia":[{"embeddable":true,"href":"https:\/\/casadecampoliving.com\/es\/wp-json\/wp\/v2\/media\/316001"}],"wp:attachment":[{"href":"https:\/\/casadecampoliving.com\/es\/wp-json\/wp\/v2\/media?parent=316000"}],"wp:term":[{"taxonomy":"category","embeddable":true,"href":"https:\/\/casadecampoliving.com\/es\/wp-json\/wp\/v2\/categories?post=316000"},{"taxonomy":"post_tag","embeddable":true,"href":"https:\/\/casadecampoliving.com\/es\/wp-json\/wp\/v2\/tags?post=316000"},{"taxonomy":"newspack_spnsrs_tax","embeddable":true,"href":"https:\/\/casadecampoliving.com\/es\/wp-json\/wp\/v2\/newspack_spnsrs_tax?post=316000"}],"curies":[{"name":"wp","href":"https:\/\/api.w.org\/{rel}","templated":true}]}}