{"id":315855,"date":"2008-09-30T00:00:00","date_gmt":"2008-09-30T04:00:00","guid":{"rendered":"https:\/\/casadecampoliving.com\/jose-graziani-coming-to-altos-de-chavon\/"},"modified":"2022-10-21T17:47:56","modified_gmt":"2022-10-21T21:47:56","slug":"jose-graziani-coming-to-altos-de-chavon","status":"publish","type":"post","link":"https:\/\/casadecampoliving.com\/es\/jose-graziani-coming-to-altos-de-chavon\/","title":{"rendered":"Jose Graziani coming to Altos de Chavon"},"content":{"rendered":"\n<div><a href=\"https:\/\/i0.wp.com\/2.bp.blogspot.com\/_Zfyeth-07d0\/SOItf5QmApI\/AAAAAAAAAAY\/rLU9iT7sKbI\/s1600-h\/JG2.jpg\"><img decoding=\"async\" id=\"BLOGGER_PHOTO_ID_5251810141437035154\" style=\"margin: 0px auto 10px; display: block; text-align: center;\" alt=\"\" src=\"https:\/\/i0.wp.com\/casadecampoliving.com\/wp-content\/uploads\/2022\/10\/JG2-1.jpg?ssl=1\" border=\"0\"><\/a>We have received news that Puerto Rican painter Jose Graziani brings to Altos de Chavon his work \u201cEl Viaje\u201d. Graziani was born in Ponce, Puerto Rico in 1973. By the age of 14 he had already decided he would be a painter and in 1991 he began studying art. Graziani has had great success in his career, so much that in 2002, Luciano Pavarotti, during his visit to Puerto Rico, bought Graziani\u2019s piece called \u201cPensando en ti\u201d, and has participated in numerous important art expositions worldwide.<p><\/p>\n<p><\/p>\n<p>In 2004, in another highlight of his career, Graziani gave his well known piece \u201cEl Cristo del Caribe\u201d to Pope John Paul II. This is going to be good art in display so this should definitely go in your agenda. The opening cocktail will take place on Friday October 17th at 7:30pm in the Altos de Chavon Art Gallery.<\/p>\n<p><\/p>\n<figure><a href=\"https:\/\/i0.wp.com\/2.bp.blogspot.com\/_Zfyeth-07d0\/SOItgA2tm6I\/AAAAAAAAAAo\/KG7YGSAv_JU\/s1600-h\/JG11.jpg\"><img decoding=\"async\" id=\"BLOGGER_PHOTO_ID_5251810143475964834\" style=\"margin: 0px auto 10px; display: block; text-align: center;\" alt=\"\" src=\"https:\/\/i0.wp.com\/casadecampoliving.com\/wp-content\/uploads\/2022\/10\/JG11-1.jpg?ssl=1\" border=\"0\"><\/a><\/figure><figure><a href=\"https:\/\/i0.wp.com\/2.bp.blogspot.com\/_Zfyeth-07d0\/SOItf3ZGhsI\/AAAAAAAAAAg\/OvrYVAA9jIg\/s1600-h\/JG4.jpg\"><img decoding=\"async\" id=\"BLOGGER_PHOTO_ID_5251810140935849666\" style=\"margin: 0px auto 10px; display: block; text-align: center;\" alt=\"\" src=\"https:\/\/i0.wp.com\/casadecampoliving.com\/wp-content\/uploads\/2022\/10\/JG4-1.jpg?ssl=1\" border=\"0\"><\/a><\/figure><div style=\"text-align: left;\"><\/div>\n<div><\/div>\n<\/div>\n","protected":false},"excerpt":{"rendered":"<p>We have received news that Puerto Rican painter Jose Graziani brings to Altos de Chavon his work \u201cEl Viaje\u201d. Graziani was born in Ponce, Puerto Rico in 1973. By the age of 14 he had already decided he would be a painter and in 1991 he began studying art. Graziani has had great success in [&hellip;]<\/p>\n","protected":false},"author":11,"featured_media":315856,"comment_status":"closed","ping_status":"open","sticky":false,"template":"","format":"standard","meta":{"newspack_ads_suppress_ads":false,"newspack_popups_has_disabled_popups":false,"newspack_sponsor_sponsorship_scope":"","newspack_sponsor_native_byline_display":"inherit","newspack_sponsor_native_category_display":"inherit","newspack_sponsor_underwriter_style":"inherit","newspack_sponsor_underwriter_placement":"inherit","_newspack_byline_active":false,"_newspack_byline":"","newspack_hide_updated_date":false,"newspack_show_updated_date":false,"newspack_content_restriction_is_exempt":false,"newspack_featured_image_position":"","newspack_post_subtitle":"","newspack_article_summary_title":"Overview:","newspack_article_summary":"","_jetpack_memberships_contains_paid_content":false,"footnotes":"","jetpack_publicize_message":"","jetpack_publicize_feature_enabled":true,"jetpack_social_post_already_shared":false,"jetpack_social_options":{"image_generator_settings":{"template":"highway","default_image_id":0,"font":"","enabled":false},"version":2},"_wpas_customize_per_network":false},"categories":[56,45,51,14624,14626],"tags":[13810,13803,13807],"newspack_spnsrs_tax":[],"class_list":["post-315855","post","type-post","status-publish","format-standard","has-post-thumbnail","hentry","category-altos-de-chavon","category-art-and-culture","category-events-and-activities","category-local-news","category-upcoming","tag-altos-de-chavon","tag-art-and-culture","tag-events-and-activities","entry"],"yoast_head":"<!-- This site is optimized with the Yoast SEO plugin v27.5 - https:\/\/yoast.com\/product\/yoast-seo-wordpress\/ -->\n<title>Jose Graziani coming to Altos de Chavon | Casa de Campo Living<\/title>\n<meta name=\"description\" content=\"We have received news that Puerto Rican painter Jose Graziani brings to Altos de Chavon his work \u201cEl Viaje\u201d. Graziani was born in Ponce, Puerto Rico in\" \/>\n<meta name=\"robots\" content=\"index, follow, max-snippet:-1, max-image-preview:large, max-video-preview:-1\" \/>\n<link rel=\"canonical\" href=\"https:\/\/casadecampoliving.com\/es\/jose-graziani-coming-to-altos-de-chavon\/\" \/>\n<meta property=\"og:locale\" content=\"es_ES\" \/>\n<meta property=\"og:type\" content=\"article\" \/>\n<meta property=\"og:title\" content=\"Jose Graziani coming to Altos de Chavon | Casa de Campo Living\" \/>\n<meta property=\"og:description\" content=\"We have received news that Puerto Rican painter Jose Graziani brings to Altos de Chavon his work \u201cEl Viaje\u201d. Graziani was born in Ponce, Puerto Rico in\" \/>\n<meta property=\"og:url\" content=\"https:\/\/casadecampoliving.com\/es\/jose-graziani-coming-to-altos-de-chavon\/\" \/>\n<meta property=\"og:site_name\" content=\"Casa de Campo Living\" \/>\n<meta property=\"article:publisher\" content=\"https:\/\/www.facebook.com\/casadecampoliving\" \/>\n<meta property=\"article:published_time\" content=\"2008-09-30T04:00:00+00:00\" \/>\n<meta property=\"article:modified_time\" content=\"2022-10-21T21:47:56+00:00\" \/>\n<meta property=\"og:image\" content=\"https:\/\/i0.wp.com\/casadecampoliving.com\/wp-content\/uploads\/2022\/10\/JG2-1.jpg?fit=272%2C320&ssl=1\" \/>\n\t<meta property=\"og:image:width\" content=\"272\" \/>\n\t<meta property=\"og:image:height\" content=\"320\" \/>\n\t<meta property=\"og:image:type\" content=\"image\/jpeg\" \/>\n<meta name=\"author\" content=\"Mr B\" \/>\n<meta name=\"twitter:card\" content=\"summary_large_image\" \/>\n<meta name=\"twitter:creator\" content=\"@cdcliving\" \/>\n<meta name=\"twitter:site\" content=\"@cdcliving\" \/>\n<meta name=\"twitter:label1\" content=\"Escrito por\" \/>\n\t<meta name=\"twitter:data1\" content=\"Mr B\" \/>\n\t<meta name=\"twitter:label2\" content=\"Tiempo de lectura\" \/>\n\t<meta name=\"twitter:data2\" content=\"1 minuto\" \/>\n<script type=\"application\/ld+json\" class=\"yoast-schema-graph\">{\"@context\":\"https:\\\/\\\/schema.org\",\"@graph\":[{\"@type\":\"Article\",\"@id\":\"https:\\\/\\\/casadecampoliving.com\\\/es\\\/jose-graziani-coming-to-altos-de-chavon\\\/#article\",\"isPartOf\":{\"@id\":\"https:\\\/\\\/casadecampoliving.com\\\/es\\\/jose-graziani-coming-to-altos-de-chavon\\\/\"},\"author\":{\"name\":\"Mr B\",\"@id\":\"https:\\\/\\\/casadecampoliving.com\\\/es\\\/#\\\/schema\\\/person\\\/6777daad22b2d75f00d60dff6798f994\"},\"headline\":\"Jose Graziani coming to Altos de Chavon\",\"datePublished\":\"2008-09-30T04:00:00+00:00\",\"dateModified\":\"2022-10-21T21:47:56+00:00\",\"mainEntityOfPage\":{\"@id\":\"https:\\\/\\\/casadecampoliving.com\\\/es\\\/jose-graziani-coming-to-altos-de-chavon\\\/\"},\"wordCount\":148,\"publisher\":{\"@id\":\"https:\\\/\\\/casadecampoliving.com\\\/es\\\/#organization\"},\"image\":{\"@id\":\"https:\\\/\\\/casadecampoliving.com\\\/es\\\/jose-graziani-coming-to-altos-de-chavon\\\/#primaryimage\"},\"thumbnailUrl\":\"https:\\\/\\\/i0.wp.com\\\/casadecampoliving.com\\\/wp-content\\\/uploads\\\/2022\\\/10\\\/JG2-1.jpg?fit=272%2C320&ssl=1\",\"keywords\":[\"Altos de Chavon\",\"Art and Culture\",\"Events and Activities\"],\"articleSection\":[\"Altos de Chavon\",\"Art and Culture\",\"Events and Activities\",\"Local News\",\"Upcoming\"],\"inLanguage\":\"es\"},{\"@type\":\"WebPage\",\"@id\":\"https:\\\/\\\/casadecampoliving.com\\\/es\\\/jose-graziani-coming-to-altos-de-chavon\\\/\",\"url\":\"https:\\\/\\\/casadecampoliving.com\\\/es\\\/jose-graziani-coming-to-altos-de-chavon\\\/\",\"name\":\"Jose Graziani coming to Altos de Chavon | Casa de Campo Living\",\"isPartOf\":{\"@id\":\"https:\\\/\\\/casadecampoliving.com\\\/es\\\/#website\"},\"primaryImageOfPage\":{\"@id\":\"https:\\\/\\\/casadecampoliving.com\\\/es\\\/jose-graziani-coming-to-altos-de-chavon\\\/#primaryimage\"},\"image\":{\"@id\":\"https:\\\/\\\/casadecampoliving.com\\\/es\\\/jose-graziani-coming-to-altos-de-chavon\\\/#primaryimage\"},\"thumbnailUrl\":\"https:\\\/\\\/i0.wp.com\\\/casadecampoliving.com\\\/wp-content\\\/uploads\\\/2022\\\/10\\\/JG2-1.jpg?fit=272%2C320&ssl=1\",\"datePublished\":\"2008-09-30T04:00:00+00:00\",\"dateModified\":\"2022-10-21T21:47:56+00:00\",\"description\":\"We have received news that Puerto Rican painter Jose Graziani brings to Altos de Chavon his work \u201cEl Viaje\u201d. Graziani was born in Ponce, Puerto Rico in\",\"breadcrumb\":{\"@id\":\"https:\\\/\\\/casadecampoliving.com\\\/es\\\/jose-graziani-coming-to-altos-de-chavon\\\/#breadcrumb\"},\"inLanguage\":\"es\",\"potentialAction\":[{\"@type\":\"ReadAction\",\"target\":[\"https:\\\/\\\/casadecampoliving.com\\\/es\\\/jose-graziani-coming-to-altos-de-chavon\\\/\"]}]},{\"@type\":\"ImageObject\",\"inLanguage\":\"es\",\"@id\":\"https:\\\/\\\/casadecampoliving.com\\\/es\\\/jose-graziani-coming-to-altos-de-chavon\\\/#primaryimage\",\"url\":\"https:\\\/\\\/i0.wp.com\\\/casadecampoliving.com\\\/wp-content\\\/uploads\\\/2022\\\/10\\\/JG2-1.jpg?fit=272%2C320&ssl=1\",\"contentUrl\":\"https:\\\/\\\/i0.wp.com\\\/casadecampoliving.com\\\/wp-content\\\/uploads\\\/2022\\\/10\\\/JG2-1.jpg?fit=272%2C320&ssl=1\",\"width\":272,\"height\":320},{\"@type\":\"BreadcrumbList\",\"@id\":\"https:\\\/\\\/casadecampoliving.com\\\/es\\\/jose-graziani-coming-to-altos-de-chavon\\\/#breadcrumb\",\"itemListElement\":[{\"@type\":\"ListItem\",\"position\":1,\"name\":\"Home\",\"item\":\"https:\\\/\\\/casadecampoliving.com\\\/es\\\/\"},{\"@type\":\"ListItem\",\"position\":2,\"name\":\"Jose Graziani coming to Altos de Chavon\"}]},{\"@type\":\"WebSite\",\"@id\":\"https:\\\/\\\/casadecampoliving.com\\\/es\\\/#website\",\"url\":\"https:\\\/\\\/casadecampoliving.com\\\/es\\\/\",\"name\":\"Casa de Campo Living\",\"description\":\"Resort community news and resources.\",\"publisher\":{\"@id\":\"https:\\\/\\\/casadecampoliving.com\\\/es\\\/#organization\"},\"potentialAction\":[{\"@type\":\"SearchAction\",\"target\":{\"@type\":\"EntryPoint\",\"urlTemplate\":\"https:\\\/\\\/casadecampoliving.com\\\/es\\\/?s={search_term_string}\"},\"query-input\":{\"@type\":\"PropertyValueSpecification\",\"valueRequired\":true,\"valueName\":\"search_term_string\"}}],\"inLanguage\":\"es\"},{\"@type\":\"Organization\",\"@id\":\"https:\\\/\\\/casadecampoliving.com\\\/es\\\/#organization\",\"name\":\"Casa de Campo Living\",\"url\":\"https:\\\/\\\/casadecampoliving.com\\\/es\\\/\",\"logo\":{\"@type\":\"ImageObject\",\"inLanguage\":\"es\",\"@id\":\"https:\\\/\\\/casadecampoliving.com\\\/es\\\/#\\\/schema\\\/logo\\\/image\\\/\",\"url\":\"https:\\\/\\\/i0.wp.com\\\/casadecampoliving.com\\\/wp-content\\\/uploads\\\/2022\\\/07\\\/CDCLivingLogo_V1-white-sized.png?fit=800%2C214&ssl=1\",\"contentUrl\":\"https:\\\/\\\/i0.wp.com\\\/casadecampoliving.com\\\/wp-content\\\/uploads\\\/2022\\\/07\\\/CDCLivingLogo_V1-white-sized.png?fit=800%2C214&ssl=1\",\"width\":800,\"height\":214,\"caption\":\"Casa de Campo Living\"},\"image\":{\"@id\":\"https:\\\/\\\/casadecampoliving.com\\\/es\\\/#\\\/schema\\\/logo\\\/image\\\/\"},\"sameAs\":[\"https:\\\/\\\/www.facebook.com\\\/casadecampoliving\",\"https:\\\/\\\/x.com\\\/cdcliving\"]},{\"@type\":\"Person\",\"@id\":\"https:\\\/\\\/casadecampoliving.com\\\/es\\\/#\\\/schema\\\/person\\\/6777daad22b2d75f00d60dff6798f994\",\"name\":\"Mr B\",\"image\":{\"@type\":\"ImageObject\",\"inLanguage\":\"es\",\"@id\":\"https:\\\/\\\/secure.gravatar.com\\\/avatar\\\/a6081966dadc36da8930069678823cea59d9084eb1da84bf7f94ea86ad9119f8?s=96&d=mm&r=g\",\"url\":\"https:\\\/\\\/secure.gravatar.com\\\/avatar\\\/a6081966dadc36da8930069678823cea59d9084eb1da84bf7f94ea86ad9119f8?s=96&d=mm&r=g\",\"contentUrl\":\"https:\\\/\\\/secure.gravatar.com\\\/avatar\\\/a6081966dadc36da8930069678823cea59d9084eb1da84bf7f94ea86ad9119f8?s=96&d=mm&r=g\",\"caption\":\"Mr B\"},\"url\":\"https:\\\/\\\/casadecampoliving.com\\\/es\\\/author\\\/rbournigal\\\/\"}]}<\/script>\n<!-- \/ Yoast SEO plugin. -->","yoast_head_json":{"title":"Jose Graziani coming to Altos de Chavon | Casa de Campo Living","description":"We have received news that Puerto Rican painter Jose Graziani brings to Altos de Chavon his work \u201cEl Viaje\u201d. Graziani was born in Ponce, Puerto Rico in","robots":{"index":"index","follow":"follow","max-snippet":"max-snippet:-1","max-image-preview":"max-image-preview:large","max-video-preview":"max-video-preview:-1"},"canonical":"https:\/\/casadecampoliving.com\/es\/jose-graziani-coming-to-altos-de-chavon\/","og_locale":"es_ES","og_type":"article","og_title":"Jose Graziani coming to Altos de Chavon | Casa de Campo Living","og_description":"We have received news that Puerto Rican painter Jose Graziani brings to Altos de Chavon his work \u201cEl Viaje\u201d. Graziani was born in Ponce, Puerto Rico in","og_url":"https:\/\/casadecampoliving.com\/es\/jose-graziani-coming-to-altos-de-chavon\/","og_site_name":"Casa de Campo Living","article_publisher":"https:\/\/www.facebook.com\/casadecampoliving","article_published_time":"2008-09-30T04:00:00+00:00","article_modified_time":"2022-10-21T21:47:56+00:00","og_image":[{"width":272,"height":320,"url":"https:\/\/i0.wp.com\/casadecampoliving.com\/wp-content\/uploads\/2022\/10\/JG2-1.jpg?fit=272%2C320&ssl=1","type":"image\/jpeg"}],"author":"Mr B","twitter_card":"summary_large_image","twitter_creator":"@cdcliving","twitter_site":"@cdcliving","twitter_misc":{"Escrito por":"Mr B","Tiempo de lectura":"1 minuto"},"schema":{"@context":"https:\/\/schema.org","@graph":[{"@type":"Article","@id":"https:\/\/casadecampoliving.com\/es\/jose-graziani-coming-to-altos-de-chavon\/#article","isPartOf":{"@id":"https:\/\/casadecampoliving.com\/es\/jose-graziani-coming-to-altos-de-chavon\/"},"author":{"name":"Mr B","@id":"https:\/\/casadecampoliving.com\/es\/#\/schema\/person\/6777daad22b2d75f00d60dff6798f994"},"headline":"Jose Graziani coming to Altos de Chavon","datePublished":"2008-09-30T04:00:00+00:00","dateModified":"2022-10-21T21:47:56+00:00","mainEntityOfPage":{"@id":"https:\/\/casadecampoliving.com\/es\/jose-graziani-coming-to-altos-de-chavon\/"},"wordCount":148,"publisher":{"@id":"https:\/\/casadecampoliving.com\/es\/#organization"},"image":{"@id":"https:\/\/casadecampoliving.com\/es\/jose-graziani-coming-to-altos-de-chavon\/#primaryimage"},"thumbnailUrl":"https:\/\/i0.wp.com\/casadecampoliving.com\/wp-content\/uploads\/2022\/10\/JG2-1.jpg?fit=272%2C320&ssl=1","keywords":["Altos de Chavon","Art and Culture","Events and Activities"],"articleSection":["Altos de Chavon","Art and Culture","Events and Activities","Local News","Upcoming"],"inLanguage":"es"},{"@type":"WebPage","@id":"https:\/\/casadecampoliving.com\/es\/jose-graziani-coming-to-altos-de-chavon\/","url":"https:\/\/casadecampoliving.com\/es\/jose-graziani-coming-to-altos-de-chavon\/","name":"Jose Graziani coming to Altos de Chavon | Casa de Campo Living","isPartOf":{"@id":"https:\/\/casadecampoliving.com\/es\/#website"},"primaryImageOfPage":{"@id":"https:\/\/casadecampoliving.com\/es\/jose-graziani-coming-to-altos-de-chavon\/#primaryimage"},"image":{"@id":"https:\/\/casadecampoliving.com\/es\/jose-graziani-coming-to-altos-de-chavon\/#primaryimage"},"thumbnailUrl":"https:\/\/i0.wp.com\/casadecampoliving.com\/wp-content\/uploads\/2022\/10\/JG2-1.jpg?fit=272%2C320&ssl=1","datePublished":"2008-09-30T04:00:00+00:00","dateModified":"2022-10-21T21:47:56+00:00","description":"We have received news that Puerto Rican painter Jose Graziani brings to Altos de Chavon his work \u201cEl Viaje\u201d. Graziani was born in Ponce, Puerto Rico in","breadcrumb":{"@id":"https:\/\/casadecampoliving.com\/es\/jose-graziani-coming-to-altos-de-chavon\/#breadcrumb"},"inLanguage":"es","potentialAction":[{"@type":"ReadAction","target":["https:\/\/casadecampoliving.com\/es\/jose-graziani-coming-to-altos-de-chavon\/"]}]},{"@type":"ImageObject","inLanguage":"es","@id":"https:\/\/casadecampoliving.com\/es\/jose-graziani-coming-to-altos-de-chavon\/#primaryimage","url":"https:\/\/i0.wp.com\/casadecampoliving.com\/wp-content\/uploads\/2022\/10\/JG2-1.jpg?fit=272%2C320&ssl=1","contentUrl":"https:\/\/i0.wp.com\/casadecampoliving.com\/wp-content\/uploads\/2022\/10\/JG2-1.jpg?fit=272%2C320&ssl=1","width":272,"height":320},{"@type":"BreadcrumbList","@id":"https:\/\/casadecampoliving.com\/es\/jose-graziani-coming-to-altos-de-chavon\/#breadcrumb","itemListElement":[{"@type":"ListItem","position":1,"name":"Home","item":"https:\/\/casadecampoliving.com\/es\/"},{"@type":"ListItem","position":2,"name":"Jose Graziani coming to Altos de Chavon"}]},{"@type":"WebSite","@id":"https:\/\/casadecampoliving.com\/es\/#website","url":"https:\/\/casadecampoliving.com\/es\/","name":"Casa de Campo Living","description":"Resort community news and resources.","publisher":{"@id":"https:\/\/casadecampoliving.com\/es\/#organization"},"potentialAction":[{"@type":"SearchAction","target":{"@type":"EntryPoint","urlTemplate":"https:\/\/casadecampoliving.com\/es\/?s={search_term_string}"},"query-input":{"@type":"PropertyValueSpecification","valueRequired":true,"valueName":"search_term_string"}}],"inLanguage":"es"},{"@type":"Organization","@id":"https:\/\/casadecampoliving.com\/es\/#organization","name":"Casa de Campo Living","url":"https:\/\/casadecampoliving.com\/es\/","logo":{"@type":"ImageObject","inLanguage":"es","@id":"https:\/\/casadecampoliving.com\/es\/#\/schema\/logo\/image\/","url":"https:\/\/i0.wp.com\/casadecampoliving.com\/wp-content\/uploads\/2022\/07\/CDCLivingLogo_V1-white-sized.png?fit=800%2C214&ssl=1","contentUrl":"https:\/\/i0.wp.com\/casadecampoliving.com\/wp-content\/uploads\/2022\/07\/CDCLivingLogo_V1-white-sized.png?fit=800%2C214&ssl=1","width":800,"height":214,"caption":"Casa de Campo Living"},"image":{"@id":"https:\/\/casadecampoliving.com\/es\/#\/schema\/logo\/image\/"},"sameAs":["https:\/\/www.facebook.com\/casadecampoliving","https:\/\/x.com\/cdcliving"]},{"@type":"Person","@id":"https:\/\/casadecampoliving.com\/es\/#\/schema\/person\/6777daad22b2d75f00d60dff6798f994","name":"Mr B","image":{"@type":"ImageObject","inLanguage":"es","@id":"https:\/\/secure.gravatar.com\/avatar\/a6081966dadc36da8930069678823cea59d9084eb1da84bf7f94ea86ad9119f8?s=96&d=mm&r=g","url":"https:\/\/secure.gravatar.com\/avatar\/a6081966dadc36da8930069678823cea59d9084eb1da84bf7f94ea86ad9119f8?s=96&d=mm&r=g","contentUrl":"https:\/\/secure.gravatar.com\/avatar\/a6081966dadc36da8930069678823cea59d9084eb1da84bf7f94ea86ad9119f8?s=96&d=mm&r=g","caption":"Mr B"},"url":"https:\/\/casadecampoliving.com\/es\/author\/rbournigal\/"}]}},"parsely":{"version":"1.1.0","canonical_url":"https:\/\/casadecampoliving.com\/es\/jose-graziani-coming-to-altos-de-chavon\/","smart_links":{"inbound":0,"outbound":0},"traffic_boost_suggestions_count":0,"meta":{"@context":"https:\/\/schema.org","@type":"NewsArticle","headline":"Jose Graziani coming to Altos de Chavon","url":"http:\/\/casadecampoliving.com\/es\/jose-graziani-coming-to-altos-de-chavon\/","mainEntityOfPage":{"@type":"WebPage","@id":"http:\/\/casadecampoliving.com\/es\/jose-graziani-coming-to-altos-de-chavon\/"},"thumbnailUrl":"https:\/\/i0.wp.com\/casadecampoliving.com\/wp-content\/uploads\/2022\/10\/JG2-1.jpg?resize=150%2C150&ssl=1","image":{"@type":"ImageObject","url":"https:\/\/i0.wp.com\/casadecampoliving.com\/wp-content\/uploads\/2022\/10\/JG2-1.jpg?fit=272%2C320&ssl=1"},"articleSection":"Altos de Chavon","author":[{"@type":"Person","name":"Mr B"}],"creator":["Mr B"],"publisher":{"@type":"Organization","name":"Casa de Campo Living","logo":"https:\/\/casadecampoliving.com\/wp-content\/uploads\/2022\/07\/CDCLivingLogo_V1-white-sized.png"},"keywords":["altos de chavon","art and culture","events and activities"],"dateCreated":"2008-09-30T04:00:00Z","datePublished":"2008-09-30T04:00:00Z","dateModified":"2022-10-21T21:47:56Z"},"rendered":"<script type=\"application\/ld+json\" class=\"wp-parsely-metadata\">{\"@context\":\"https:\\\/\\\/schema.org\",\"@type\":\"NewsArticle\",\"headline\":\"Jose Graziani coming to Altos de Chavon\",\"url\":\"http:\\\/\\\/casadecampoliving.com\\\/es\\\/jose-graziani-coming-to-altos-de-chavon\\\/\",\"mainEntityOfPage\":{\"@type\":\"WebPage\",\"@id\":\"http:\\\/\\\/casadecampoliving.com\\\/es\\\/jose-graziani-coming-to-altos-de-chavon\\\/\"},\"thumbnailUrl\":\"https:\\\/\\\/i0.wp.com\\\/casadecampoliving.com\\\/wp-content\\\/uploads\\\/2022\\\/10\\\/JG2-1.jpg?resize=150%2C150&ssl=1\",\"image\":{\"@type\":\"ImageObject\",\"url\":\"https:\\\/\\\/i0.wp.com\\\/casadecampoliving.com\\\/wp-content\\\/uploads\\\/2022\\\/10\\\/JG2-1.jpg?fit=272%2C320&ssl=1\"},\"articleSection\":\"Altos de Chavon\",\"author\":[{\"@type\":\"Person\",\"name\":\"Mr B\"}],\"creator\":[\"Mr B\"],\"publisher\":{\"@type\":\"Organization\",\"name\":\"Casa de Campo Living\",\"logo\":\"https:\\\/\\\/casadecampoliving.com\\\/wp-content\\\/uploads\\\/2022\\\/07\\\/CDCLivingLogo_V1-white-sized.png\"},\"keywords\":[\"altos de chavon\",\"art and culture\",\"events and activities\"],\"dateCreated\":\"2008-09-30T04:00:00Z\",\"datePublished\":\"2008-09-30T04:00:00Z\",\"dateModified\":\"2022-10-21T21:47:56Z\"}<\/script>","tracker_url":"https:\/\/cdn.parsely.com\/keys\/casadecampoliving.com\/p.js"},"jetpack_publicize_connections":[],"jetpack_featured_media_url":"https:\/\/i0.wp.com\/casadecampoliving.com\/wp-content\/uploads\/2022\/10\/JG2-1.jpg?fit=272%2C320&ssl=1","jetpack-related-posts":[{"id":433460,"url":"https:\/\/casadecampoliving.com\/es\/no-se-pierdan-el-increible-tributo-a-frank-sinatra-para-celebrar-el-40-aniversario-del-anfiteatro-altos-de-chavon\/","url_meta":{"origin":315855,"position":0},"title":"No se pierdan el incre\u00edble tributo a Frank Sinatra para celebrar el 40 aniversario del\u00a0Anfiteatro Altos de Chav\u00f3n","author":"Casa de Campo Living","date":"20 Oct, 2022","format":false,"excerpt":"Siendo uno de los escenarios m\u00e1s emblem\u00e1ticos del pa\u00eds, Casa de Campo Resort\u00ae & Villas celebra las cuatro d\u00e9cadas de aniversario de Altos de Chav\u00f3n con un tributo al gran Frank Sinatra, protagonizado por artistas invitados y una big band tal cual la que acompa\u00f1\u00f3 al artista hace 40 a\u00f1os\u2026","rel":"","context":"En \u00abUncategorized @es\u00bb","block_context":{"text":"Uncategorized @es","link":"https:\/\/casadecampoliving.com\/es\/category\/uncategorized-es\/"},"img":{"alt_text":"","src":"https:\/\/i0.wp.com\/casadecampoliving.com\/wp-content\/uploads\/2022\/10\/Tributo-Frank-Sinatra-Foto-Principal-Amaury-Sanchez-Danilo-Ginebra-Andres-Pichardo-y-Jose-Gabriel-Perez-.jpg?fit=1200%2C873&ssl=1&resize=350%2C200","width":350,"height":200,"srcset":"https:\/\/i0.wp.com\/casadecampoliving.com\/wp-content\/uploads\/2022\/10\/Tributo-Frank-Sinatra-Foto-Principal-Amaury-Sanchez-Danilo-Ginebra-Andres-Pichardo-y-Jose-Gabriel-Perez-.jpg?fit=1200%2C873&ssl=1&resize=350%2C200 1x, https:\/\/i0.wp.com\/casadecampoliving.com\/wp-content\/uploads\/2022\/10\/Tributo-Frank-Sinatra-Foto-Principal-Amaury-Sanchez-Danilo-Ginebra-Andres-Pichardo-y-Jose-Gabriel-Perez-.jpg?fit=1200%2C873&ssl=1&resize=525%2C300 1.5x, https:\/\/i0.wp.com\/casadecampoliving.com\/wp-content\/uploads\/2022\/10\/Tributo-Frank-Sinatra-Foto-Principal-Amaury-Sanchez-Danilo-Ginebra-Andres-Pichardo-y-Jose-Gabriel-Perez-.jpg?fit=1200%2C873&ssl=1&resize=700%2C400 2x, https:\/\/i0.wp.com\/casadecampoliving.com\/wp-content\/uploads\/2022\/10\/Tributo-Frank-Sinatra-Foto-Principal-Amaury-Sanchez-Danilo-Ginebra-Andres-Pichardo-y-Jose-Gabriel-Perez-.jpg?fit=1200%2C873&ssl=1&resize=1050%2C600 3x"},"classes":[]},{"id":316478,"url":"https:\/\/casadecampoliving.com\/es\/exposicion-colectiva-de-los-artistas-dominicanos-opens-friday-the-27th-of-march\/","url_meta":{"origin":315855,"position":1},"title":"Exposici\u00f3n Colectiva de los Artistas Dominicanos opens Friday the 27th of March","author":"Rebecca Silvestri","date":"23 Mar, 2009","format":false,"excerpt":"\u00a0 The Altos de Chavon Cultural Center cordially invites you to their upcoming exhibition, Exposicion Colectiva de los Artistas Dominicanos, featuring pieces by Fernando Tamburini, Niccolo Cataldi and Kikito Rodriguez. Opening night is this Friday March 27th and to celebrate the ocassion there will be a complimentary opening cocktail for\u2026","rel":"","context":"En \u00abAltos de Chavon\u00bb","block_context":{"text":"Altos de Chavon","link":"https:\/\/casadecampoliving.com\/category\/altos-de-chavon\/"},"img":{"alt_text":"","src":"https:\/\/i0.wp.com\/casadecampoliving.com\/wp-content\/uploads\/2022\/10\/tamburini-cataldi-rodriguez1.jpeg?fit=500%2C700&ssl=1&resize=350%2C200","width":350,"height":200},"classes":[]},{"id":319300,"url":"https:\/\/casadecampoliving.com\/es\/tamburini-rodriguez-cataldi-new-art-exhibit-opens\/","url_meta":{"origin":315855,"position":2},"title":"\u201cTamburini, Rodriguez, Cataldi\u201d new art exhibit opens","author":"Rebecca Silvestri","date":"5 Oct, 2010","format":false,"excerpt":"On Friday the 8th of October, the Altos de Chavon art gallery will be celebrating the opening of a new art exhibit \u2013 \u2018Tamburini, Rodriguez, Cataldi\u2019 with an inauguration cocktail, starting at 7.30pm. La Fundaci\u00f3n Centro Cultural Altos de Chav\u00f3n, se complace en invitarles a su pr\u00f3xima exposici\u00f3n \u201cTamburini, Rodriguez,\u2026","rel":"","context":"En \u00abAltos de Chavon\u00bb","block_context":{"text":"Altos de Chavon","link":"https:\/\/casadecampoliving.com\/category\/altos-de-chavon\/"},"img":{"alt_text":"","src":"https:\/\/i0.wp.com\/casadecampoliving.com\/wp-content\/uploads\/2010\/09\/tamburini.jpg?resize=350%2C200&ssl=1","width":350,"height":200,"srcset":"https:\/\/i0.wp.com\/casadecampoliving.com\/wp-content\/uploads\/2010\/09\/tamburini.jpg?resize=350%2C200&ssl=1 1x, https:\/\/i0.wp.com\/casadecampoliving.com\/wp-content\/uploads\/2010\/09\/tamburini.jpg?resize=525%2C300&ssl=1 1.5x"},"classes":[]},{"id":319129,"url":"https:\/\/casadecampoliving.com\/es\/inauguration-of-virgenes-del-tropico-at-the-altos-de-chavon-art-gallery\/","url_meta":{"origin":315855,"position":3},"title":"Inauguration of &#8216;Virgenes del Tr\u00f3pico&#8217; at the Altos de Chavon art gallery","author":"Rebecca Silvestri","date":"10 Ago, 2010","format":false,"excerpt":"On Thursday the 5th of August the Altos de Chavon Cultural Center Foundation celebrated the inauguration of their new art exhibit 'Virgenes del Tr\u00f3pico.' The exhibiting artist is Carlos Santiago, a young artist from Puerto Rico, who was present at the opening welcoming Casa de Campo's many art aficionados and\u2026","rel":"","context":"En \u00abAltos de Chavon\u00bb","block_context":{"text":"Altos de Chavon","link":"https:\/\/casadecampoliving.com\/category\/altos-de-chavon\/"},"img":{"alt_text":"","src":"https:\/\/i0.wp.com\/casadecampoliving.com\/wp-content\/uploads\/2022\/10\/carlos_santiago-1.jpg?fit=565%2C387&ssl=1&resize=350%2C200","width":350,"height":200,"srcset":"https:\/\/i0.wp.com\/casadecampoliving.com\/wp-content\/uploads\/2022\/10\/carlos_santiago-1.jpg?fit=565%2C387&ssl=1&resize=350%2C200 1x, https:\/\/i0.wp.com\/casadecampoliving.com\/wp-content\/uploads\/2022\/10\/carlos_santiago-1.jpg?fit=565%2C387&ssl=1&resize=525%2C300 1.5x"},"classes":[]},{"id":324403,"url":"https:\/\/casadecampoliving.com\/davidoff-announces-first-5-international-artists-selected-residency-altos-de-chavon\/","url_meta":{"origin":315855,"position":4},"title":"Davidoff announces first 5 international artists selected for residency in Altos de Chav\u00f3n","author":"Rebecca Silvestri","date":"8 Oct, 2014","format":false,"excerpt":"The Davidoff Art Initiative in collaboration\u00a0with Altos de Chav\u00f3n School of Design has just\u00a0announced the first five\u00a0international artists who will participate in the Davidoff International Art\u00a0Residency at the newly built residency facilities at the Altos de Chav\u00f3n School of Design, here in Casa de Campo, from January 18 to April\u2026","rel":"","context":"En \u00abAltos de Chavon\u00bb","block_context":{"text":"Altos de Chavon","link":"https:\/\/casadecampoliving.com\/category\/altos-de-chavon\/"},"img":{"alt_text":"Davidoff Art Residency Altos de Chav\u00f3n","src":"https:\/\/i0.wp.com\/casadecampoliving.com\/wp-content\/uploads\/2022\/10\/Davidoff_art_residency_Altos_de_Chavon-1.jpg?fit=1200%2C796&ssl=1&resize=350%2C200","width":350,"height":200,"srcset":"https:\/\/i0.wp.com\/casadecampoliving.com\/wp-content\/uploads\/2022\/10\/Davidoff_art_residency_Altos_de_Chavon-1.jpg?fit=1200%2C796&ssl=1&resize=350%2C200 1x, https:\/\/i0.wp.com\/casadecampoliving.com\/wp-content\/uploads\/2022\/10\/Davidoff_art_residency_Altos_de_Chavon-1.jpg?fit=1200%2C796&ssl=1&resize=525%2C300 1.5x, https:\/\/i0.wp.com\/casadecampoliving.com\/wp-content\/uploads\/2022\/10\/Davidoff_art_residency_Altos_de_Chavon-1.jpg?fit=1200%2C796&ssl=1&resize=700%2C400 2x, https:\/\/i0.wp.com\/casadecampoliving.com\/wp-content\/uploads\/2022\/10\/Davidoff_art_residency_Altos_de_Chavon-1.jpg?fit=1200%2C796&ssl=1&resize=1050%2C600 3x"},"classes":[]},{"id":327659,"url":"https:\/\/casadecampoliving.com\/filling-fantasy-unknown-adventures-gustavo-penas-solo-exhibition\/","url_meta":{"origin":315855,"position":5},"title":"Filling in the fantasy in \u00abUnknown Adventures\u00bb at Gustavo Pe\u00f1a&#8217;s Solo Exhibition","author":"Heather Lincoln","date":"26 Jul, 2016","format":false,"excerpt":"At the heart of Altos de Chav\u00f3n is the School of Design, graduating students with expertise in the fields of Fine Arts, Illustration, Graphic Design, Fashion Design, Interior Design, Photography, Film Production and Architecture. It comes as no surprise Chav\u00f3n is deemed the \u201cartist\u2019s village\u201d. Students go on to form\u2026","rel":"","context":"En \u00abAltos de Chavon\u00bb","block_context":{"text":"Altos de Chavon","link":"https:\/\/casadecampoliving.com\/category\/altos-de-chavon\/"},"img":{"alt_text":"","src":"https:\/\/i0.wp.com\/casadecampoliving.com\/wp-content\/uploads\/2022\/10\/GustavoPena04.jpg?fit=868%2C667&ssl=1&resize=350%2C200","width":350,"height":200,"srcset":"https:\/\/i0.wp.com\/casadecampoliving.com\/wp-content\/uploads\/2022\/10\/GustavoPena04.jpg?fit=868%2C667&ssl=1&resize=350%2C200 1x, https:\/\/i0.wp.com\/casadecampoliving.com\/wp-content\/uploads\/2022\/10\/GustavoPena04.jpg?fit=868%2C667&ssl=1&resize=525%2C300 1.5x, https:\/\/i0.wp.com\/casadecampoliving.com\/wp-content\/uploads\/2022\/10\/GustavoPena04.jpg?fit=868%2C667&ssl=1&resize=700%2C400 2x"},"classes":[]}],"jetpack_sharing_enabled":true,"_links":{"self":[{"href":"https:\/\/casadecampoliving.com\/es\/wp-json\/wp\/v2\/posts\/315855","targetHints":{"allow":["GET"]}}],"collection":[{"href":"https:\/\/casadecampoliving.com\/es\/wp-json\/wp\/v2\/posts"}],"about":[{"href":"https:\/\/casadecampoliving.com\/es\/wp-json\/wp\/v2\/types\/post"}],"author":[{"embeddable":true,"href":"https:\/\/casadecampoliving.com\/es\/wp-json\/wp\/v2\/users\/11"}],"replies":[{"embeddable":true,"href":"https:\/\/casadecampoliving.com\/es\/wp-json\/wp\/v2\/comments?post=315855"}],"version-history":[{"count":0,"href":"https:\/\/casadecampoliving.com\/es\/wp-json\/wp\/v2\/posts\/315855\/revisions"}],"wp:featuredmedia":[{"embeddable":true,"href":"https:\/\/casadecampoliving.com\/es\/wp-json\/wp\/v2\/media\/315856"}],"wp:attachment":[{"href":"https:\/\/casadecampoliving.com\/es\/wp-json\/wp\/v2\/media?parent=315855"}],"wp:term":[{"taxonomy":"category","embeddable":true,"href":"https:\/\/casadecampoliving.com\/es\/wp-json\/wp\/v2\/categories?post=315855"},{"taxonomy":"post_tag","embeddable":true,"href":"https:\/\/casadecampoliving.com\/es\/wp-json\/wp\/v2\/tags?post=315855"},{"taxonomy":"newspack_spnsrs_tax","embeddable":true,"href":"https:\/\/casadecampoliving.com\/es\/wp-json\/wp\/v2\/newspack_spnsrs_tax?post=315855"}],"curies":[{"name":"wp","href":"https:\/\/api.w.org\/{rel}","templated":true}]}}