{"id":315845,"date":"2008-09-15T00:00:00","date_gmt":"2008-09-15T04:00:00","guid":{"rendered":"https:\/\/casadecampoliving.com\/a-snapshot-of-a-photography-exhibition\/"},"modified":"2022-10-21T17:47:23","modified_gmt":"2022-10-21T21:47:23","slug":"a-snapshot-of-a-photography-exhibition","status":"publish","type":"post","link":"https:\/\/casadecampoliving.com\/es\/a-snapshot-of-a-photography-exhibition\/","title":{"rendered":"A Snapshot of a Photography Exhibition"},"content":{"rendered":"\n<p class=\"wp-block-paragraph\">Just to provide everyone with some alternative coverage of the Liliane Vanbalberghe exhibit that took place in the Altos de Chavon Art Gallery, we felt it would be fun to post a few snapshots of the event itself, and let the work speak for itself.<\/p>\n\n\n\n<p class=\"wp-block-paragraph\">Before going into the photos though, we should mention that the event was well attended within the cultural circules of Casa de Campo residents.<\/p>\n\n\n\n<figure class=\"wp-block-image\"><a href=\"https:\/\/i0.wp.com\/4.bp.blogspot.com\/_DdCmL2nv294\/SM7Vkz-sHlI\/AAAAAAAAAFg\/-RfkpSc3Ixs\/s1600-h\/DSC03550.JPG\"><img decoding=\"async\" src=\"https:\/\/i0.wp.com\/4.bp.blogspot.com\/_DdCmL2nv294\/SM7Vkz-sHlI\/AAAAAAAAAFg\/C3nW-fJbBGE\/s320-R\/DSC03550.JPG\" alt=\"\"\/><\/a><\/figure>\n\n\n\n<div class=\"separator\" style=\"clear: both; text-align: center;\"><\/div>\n\n\n\n<figure class=\"wp-block-image\"><a href=\"https:\/\/i0.wp.com\/4.bp.blogspot.com\/_DdCmL2nv294\/SM7Vr8pQQ0I\/AAAAAAAAAFw\/rdmitZwrwqA\/s1600-h\/DSC03553.JPG\"><img decoding=\"async\" src=\"https:\/\/i0.wp.com\/4.bp.blogspot.com\/_DdCmL2nv294\/SM7Vr8pQQ0I\/AAAAAAAAAFw\/QuvfdJb1A1c\/s320-R\/DSC03553.JPG\" alt=\"\"\/><\/a><\/figure>\n\n\n\n<div class=\"separator\" style=\"clear: both; text-align: center;\"><\/div>\n\n\n\n<figure class=\"wp-block-image\"><a href=\"https:\/\/i0.wp.com\/2.bp.blogspot.com\/_DdCmL2nv294\/SM7VoqLDPkI\/AAAAAAAAAFo\/vTkWD0ZOn94\/s1600-h\/DSC03552.JPG\"><img decoding=\"async\" src=\"https:\/\/i0.wp.com\/2.bp.blogspot.com\/_DdCmL2nv294\/SM7VoqLDPkI\/AAAAAAAAAFo\/FMsEy5myAOc\/s320-R\/DSC03552.JPG\" alt=\"\"\/><\/a><\/figure>\n\n\n\n<div class=\"separator\" style=\"clear: both; text-align: center;\"><\/div>\n\n\n\n<figure class=\"wp-block-image\"><a href=\"https:\/\/i0.wp.com\/2.bp.blogspot.com\/_DdCmL2nv294\/SM7V0xL-F6I\/AAAAAAAAAGQ\/rWPx8wtJV0c\/s1600-h\/DSC03558.JPG\"><img decoding=\"async\" src=\"https:\/\/i0.wp.com\/2.bp.blogspot.com\/_DdCmL2nv294\/SM7V0xL-F6I\/AAAAAAAAAGQ\/v5Zv29E5d48\/s320-R\/DSC03558.JPG\" alt=\"\"\/><\/a><\/figure>\n\n\n\n<div class=\"separator\" style=\"clear: both; text-align: center;\"><\/div>\n\n\n\n<figure class=\"wp-block-image\"><a href=\"https:\/\/i0.wp.com\/2.bp.blogspot.com\/_DdCmL2nv294\/SM7VtwWuPfI\/AAAAAAAAAF4\/z46TMGPvkrA\/s1600-h\/DSC03555.JPG\"><img decoding=\"async\" src=\"https:\/\/i0.wp.com\/2.bp.blogspot.com\/_DdCmL2nv294\/SM7VtwWuPfI\/AAAAAAAAAF4\/HXnRJO-kNM0\/s320-R\/DSC03555.JPG\" alt=\"\"\/><\/a><\/figure>\n\n\n\n<div class=\"separator\" style=\"clear: both; text-align: center;\"><\/div>\n\n\n\n<figure class=\"wp-block-image\"><a href=\"https:\/\/i0.wp.com\/1.bp.blogspot.com\/_DdCmL2nv294\/SM7VvOpgToI\/AAAAAAAAAGA\/fYM1FspE4PY\/s1600-h\/DSC03554.JPG\"><img decoding=\"async\" src=\"https:\/\/i0.wp.com\/1.bp.blogspot.com\/_DdCmL2nv294\/SM7VvOpgToI\/AAAAAAAAAGA\/ClcmdHsljdQ\/s320-R\/DSC03554.JPG\" alt=\"\"\/><\/a><\/figure>\n\n\n\n<div class=\"separator\" style=\"clear: both; text-align: center;\"><\/div>\n\n\n\n<figure class=\"wp-block-image\"><a href=\"https:\/\/i0.wp.com\/4.bp.blogspot.com\/_DdCmL2nv294\/SM7VyFXDU8I\/AAAAAAAAAGI\/O9_NChIZLm4\/s1600-h\/DSC03557.JPG\"><img decoding=\"async\" src=\"https:\/\/i0.wp.com\/4.bp.blogspot.com\/_DdCmL2nv294\/SM7VyFXDU8I\/AAAAAAAAAGI\/_IVwjLubvbQ\/s320-R\/DSC03557.JPG\" alt=\"\"\/><\/a><\/figure>\n\n\n\n<div class=\"separator\" style=\"clear: both; text-align: center;\"><\/div>\n","protected":false},"excerpt":{"rendered":"<p>Just to provide everyone with some alternative coverage of the Liliane Vanbalberghe exhibit that took place in the Altos de Chavon Art Gallery, we felt it would be fun to post a few snapshots of the event itself, and let the work speak for itself. Before going into the photos though, we should mention that [&hellip;]<\/p>\n","protected":false},"author":11,"featured_media":0,"comment_status":"closed","ping_status":"open","sticky":false,"template":"","format":"standard","meta":{"newspack_ads_suppress_ads":false,"newspack_popups_has_disabled_popups":false,"newspack_sponsor_sponsorship_scope":"","newspack_sponsor_native_byline_display":"inherit","newspack_sponsor_native_category_display":"inherit","newspack_sponsor_underwriter_style":"inherit","newspack_sponsor_underwriter_placement":"inherit","_newspack_byline_active":false,"_newspack_byline":"","newspack_hide_updated_date":false,"newspack_show_updated_date":false,"newspack_featured_image_position":"","newspack_post_subtitle":"","newspack_article_summary_title":"Overview:","newspack_article_summary":"","_jetpack_memberships_contains_paid_content":false,"footnotes":"","jetpack_publicize_message":"{title}\n\n{excerpt}\n\n{url}","jetpack_publicize_feature_enabled":true,"jetpack_social_post_already_shared":false,"jetpack_social_options":{"image_generator_settings":{"template":"highway","default_image_id":0,"font":"","enabled":false},"version":2},"_wpas_customize_per_network":false},"categories":[56,45,51,14624,14626],"tags":[53,13810,13803,74,13807],"newspack_spnsrs_tax":[],"class_list":["post-315845","post","type-post","status-publish","format-standard","hentry","category-altos-de-chavon","category-art-and-culture","category-events-and-activities","category-local-news","category-upcoming","tag-activities","tag-altos-de-chavon","tag-art-and-culture","tag-chavon-gallery","tag-events-and-activities","entry"],"yoast_head":"<!-- This site is optimized with the Yoast SEO plugin v28.4 - https:\/\/yoast.com\/product\/yoast-seo-wordpress\/ -->\n<title>A Snapshot of a Photography Exhibition | Casa de Campo Living<\/title>\n<meta name=\"description\" content=\"Just to provide everyone with some alternative coverage of the Liliane Vanbalberghe exhibit that took place in the Altos de Chavon Art Gallery, we felt it\" \/>\n<meta name=\"robots\" content=\"index, follow, max-snippet:-1, max-image-preview:large, max-video-preview:-1\" \/>\n<link rel=\"canonical\" href=\"https:\/\/casadecampoliving.com\/es\/a-snapshot-of-a-photography-exhibition\/\" \/>\n<meta property=\"og:locale\" content=\"es_ES\" \/>\n<meta property=\"og:type\" content=\"article\" \/>\n<meta property=\"og:title\" content=\"A Snapshot of a Photography Exhibition | Casa de Campo Living\" \/>\n<meta property=\"og:description\" content=\"Just to provide everyone with some alternative coverage of the Liliane Vanbalberghe exhibit that took place in the Altos de Chavon Art Gallery, we felt it\" \/>\n<meta property=\"og:url\" content=\"https:\/\/casadecampoliving.com\/es\/a-snapshot-of-a-photography-exhibition\/\" \/>\n<meta property=\"og:site_name\" content=\"Casa de Campo Living\" \/>\n<meta property=\"article:publisher\" content=\"https:\/\/www.facebook.com\/casadecampoliving\" \/>\n<meta property=\"article:published_time\" content=\"2008-09-15T04:00:00+00:00\" \/>\n<meta property=\"article:modified_time\" content=\"2022-10-21T21:47:23+00:00\" \/>\n<meta property=\"og:image\" content=\"http:\/\/4.bp.blogspot.com\/_DdCmL2nv294\/SM7Vkz-sHlI\/AAAAAAAAAFg\/C3nW-fJbBGE\/s320-R\/DSC03550.JPG\" \/>\n<meta name=\"author\" content=\"Mr B\" \/>\n<meta name=\"twitter:card\" content=\"summary_large_image\" \/>\n<meta name=\"twitter:creator\" content=\"@cdcliving\" \/>\n<meta name=\"twitter:site\" content=\"@cdcliving\" \/>\n<meta name=\"twitter:label1\" content=\"Escrito por\" \/>\n\t<meta name=\"twitter:data1\" content=\"Mr B\" \/>\n<script type=\"application\/ld+json\" class=\"yoast-schema-graph\">{\"@context\":\"https:\\\/\\\/schema.org\",\"@graph\":[{\"@type\":\"Article\",\"@id\":\"https:\\\/\\\/casadecampoliving.com\\\/es\\\/a-snapshot-of-a-photography-exhibition\\\/#article\",\"isPartOf\":{\"@id\":\"https:\\\/\\\/casadecampoliving.com\\\/es\\\/a-snapshot-of-a-photography-exhibition\\\/\"},\"author\":{\"name\":\"Mr B\",\"@id\":\"https:\\\/\\\/casadecampoliving.com\\\/es\\\/#\\\/schema\\\/person\\\/6777daad22b2d75f00d60dff6798f994\"},\"headline\":\"A Snapshot of a Photography Exhibition\",\"datePublished\":\"2008-09-15T04:00:00+00:00\",\"dateModified\":\"2022-10-21T21:47:23+00:00\",\"mainEntityOfPage\":{\"@id\":\"https:\\\/\\\/casadecampoliving.com\\\/es\\\/a-snapshot-of-a-photography-exhibition\\\/\"},\"wordCount\":75,\"publisher\":{\"@id\":\"https:\\\/\\\/casadecampoliving.com\\\/es\\\/#organization\"},\"image\":{\"@id\":\"https:\\\/\\\/casadecampoliving.com\\\/es\\\/a-snapshot-of-a-photography-exhibition\\\/#primaryimage\"},\"thumbnailUrl\":\"https:\\\/\\\/i0.wp.com\\\/4.bp.blogspot.com\\\/_DdCmL2nv294\\\/SM7Vkz-sHlI\\\/AAAAAAAAAFg\\\/C3nW-fJbBGE\\\/s320-R\\\/DSC03550.JPG\",\"keywords\":[\"Activities\",\"Altos de Chavon\",\"Art and Culture\",\"Chavon Gallery\",\"Events and Activities\"],\"articleSection\":[\"Altos de Chavon\",\"Art and Culture\",\"Events and Activities\",\"Local News\",\"Upcoming\"],\"inLanguage\":\"es\"},{\"@type\":\"WebPage\",\"@id\":\"https:\\\/\\\/casadecampoliving.com\\\/es\\\/a-snapshot-of-a-photography-exhibition\\\/\",\"url\":\"https:\\\/\\\/casadecampoliving.com\\\/es\\\/a-snapshot-of-a-photography-exhibition\\\/\",\"name\":\"A Snapshot of a Photography Exhibition | Casa de Campo Living\",\"isPartOf\":{\"@id\":\"https:\\\/\\\/casadecampoliving.com\\\/es\\\/#website\"},\"primaryImageOfPage\":{\"@id\":\"https:\\\/\\\/casadecampoliving.com\\\/es\\\/a-snapshot-of-a-photography-exhibition\\\/#primaryimage\"},\"image\":{\"@id\":\"https:\\\/\\\/casadecampoliving.com\\\/es\\\/a-snapshot-of-a-photography-exhibition\\\/#primaryimage\"},\"thumbnailUrl\":\"https:\\\/\\\/i0.wp.com\\\/4.bp.blogspot.com\\\/_DdCmL2nv294\\\/SM7Vkz-sHlI\\\/AAAAAAAAAFg\\\/C3nW-fJbBGE\\\/s320-R\\\/DSC03550.JPG\",\"datePublished\":\"2008-09-15T04:00:00+00:00\",\"dateModified\":\"2022-10-21T21:47:23+00:00\",\"description\":\"Just to provide everyone with some alternative coverage of the Liliane Vanbalberghe exhibit that took place in the Altos de Chavon Art Gallery, we felt it\",\"breadcrumb\":{\"@id\":\"https:\\\/\\\/casadecampoliving.com\\\/es\\\/a-snapshot-of-a-photography-exhibition\\\/#breadcrumb\"},\"inLanguage\":\"es\",\"potentialAction\":[{\"@type\":\"ReadAction\",\"target\":[\"https:\\\/\\\/casadecampoliving.com\\\/es\\\/a-snapshot-of-a-photography-exhibition\\\/\"]}]},{\"@type\":\"ImageObject\",\"inLanguage\":\"es\",\"@id\":\"https:\\\/\\\/casadecampoliving.com\\\/es\\\/a-snapshot-of-a-photography-exhibition\\\/#primaryimage\",\"url\":\"https:\\\/\\\/i0.wp.com\\\/4.bp.blogspot.com\\\/_DdCmL2nv294\\\/SM7Vkz-sHlI\\\/AAAAAAAAAFg\\\/C3nW-fJbBGE\\\/s320-R\\\/DSC03550.JPG\",\"contentUrl\":\"https:\\\/\\\/i0.wp.com\\\/4.bp.blogspot.com\\\/_DdCmL2nv294\\\/SM7Vkz-sHlI\\\/AAAAAAAAAFg\\\/C3nW-fJbBGE\\\/s320-R\\\/DSC03550.JPG\"},{\"@type\":\"BreadcrumbList\",\"@id\":\"https:\\\/\\\/casadecampoliving.com\\\/es\\\/a-snapshot-of-a-photography-exhibition\\\/#breadcrumb\",\"itemListElement\":[{\"@type\":\"ListItem\",\"position\":1,\"name\":\"Home\",\"item\":\"https:\\\/\\\/casadecampoliving.com\\\/es\\\/\"},{\"@type\":\"ListItem\",\"position\":2,\"name\":\"A Snapshot of a Photography Exhibition\"}]},{\"@type\":\"WebSite\",\"@id\":\"https:\\\/\\\/casadecampoliving.com\\\/es\\\/#website\",\"url\":\"https:\\\/\\\/casadecampoliving.com\\\/es\\\/\",\"name\":\"Casa de Campo Living\",\"description\":\"Resort community news and resources.\",\"publisher\":{\"@id\":\"https:\\\/\\\/casadecampoliving.com\\\/es\\\/#organization\"},\"potentialAction\":[{\"@type\":\"SearchAction\",\"target\":{\"@type\":\"EntryPoint\",\"urlTemplate\":\"https:\\\/\\\/casadecampoliving.com\\\/es\\\/?s={search_term_string}\"},\"query-input\":{\"@type\":\"PropertyValueSpecification\",\"valueRequired\":true,\"valueName\":\"search_term_string\"}}],\"inLanguage\":\"es\"},{\"@type\":\"Organization\",\"@id\":\"https:\\\/\\\/casadecampoliving.com\\\/es\\\/#organization\",\"name\":\"Casa de Campo Living\",\"url\":\"https:\\\/\\\/casadecampoliving.com\\\/es\\\/\",\"logo\":{\"@type\":\"ImageObject\",\"inLanguage\":\"es\",\"@id\":\"https:\\\/\\\/casadecampoliving.com\\\/es\\\/#\\\/schema\\\/logo\\\/image\\\/\",\"url\":\"https:\\\/\\\/i0.wp.com\\\/casadecampoliving.com\\\/wp-content\\\/uploads\\\/2022\\\/07\\\/CDCLivingLogo_V1-white-sized.png?fit=800%2C214&ssl=1\",\"contentUrl\":\"https:\\\/\\\/i0.wp.com\\\/casadecampoliving.com\\\/wp-content\\\/uploads\\\/2022\\\/07\\\/CDCLivingLogo_V1-white-sized.png?fit=800%2C214&ssl=1\",\"width\":800,\"height\":214,\"caption\":\"Casa de Campo Living\"},\"image\":{\"@id\":\"https:\\\/\\\/casadecampoliving.com\\\/es\\\/#\\\/schema\\\/logo\\\/image\\\/\"},\"sameAs\":[\"https:\\\/\\\/www.facebook.com\\\/casadecampoliving\",\"https:\\\/\\\/x.com\\\/cdcliving\"]},{\"@type\":\"Person\",\"@id\":\"https:\\\/\\\/casadecampoliving.com\\\/es\\\/#\\\/schema\\\/person\\\/6777daad22b2d75f00d60dff6798f994\",\"name\":\"Mr B\",\"image\":{\"@type\":\"ImageObject\",\"inLanguage\":\"es\",\"@id\":\"https:\\\/\\\/secure.gravatar.com\\\/avatar\\\/a6081966dadc36da8930069678823cea59d9084eb1da84bf7f94ea86ad9119f8?s=96&d=mm&r=g\",\"url\":\"https:\\\/\\\/secure.gravatar.com\\\/avatar\\\/a6081966dadc36da8930069678823cea59d9084eb1da84bf7f94ea86ad9119f8?s=96&d=mm&r=g\",\"contentUrl\":\"https:\\\/\\\/secure.gravatar.com\\\/avatar\\\/a6081966dadc36da8930069678823cea59d9084eb1da84bf7f94ea86ad9119f8?s=96&d=mm&r=g\",\"caption\":\"Mr B\"},\"url\":\"https:\\\/\\\/casadecampoliving.com\\\/es\\\/author\\\/rbournigal\\\/\"}]}<\/script>\n<!-- \/ Yoast SEO plugin. -->","yoast_head_json":{"title":"A Snapshot of a Photography Exhibition | Casa de Campo Living","description":"Just to provide everyone with some alternative coverage of the Liliane Vanbalberghe exhibit that took place in the Altos de Chavon Art Gallery, we felt it","robots":{"index":"index","follow":"follow","max-snippet":"max-snippet:-1","max-image-preview":"max-image-preview:large","max-video-preview":"max-video-preview:-1"},"canonical":"https:\/\/casadecampoliving.com\/es\/a-snapshot-of-a-photography-exhibition\/","og_locale":"es_ES","og_type":"article","og_title":"A Snapshot of a Photography Exhibition | Casa de Campo Living","og_description":"Just to provide everyone with some alternative coverage of the Liliane Vanbalberghe exhibit that took place in the Altos de Chavon Art Gallery, we felt it","og_url":"https:\/\/casadecampoliving.com\/es\/a-snapshot-of-a-photography-exhibition\/","og_site_name":"Casa de Campo Living","article_publisher":"https:\/\/www.facebook.com\/casadecampoliving","article_published_time":"2008-09-15T04:00:00+00:00","article_modified_time":"2022-10-21T21:47:23+00:00","og_image":[{"url":"http:\/\/4.bp.blogspot.com\/_DdCmL2nv294\/SM7Vkz-sHlI\/AAAAAAAAAFg\/C3nW-fJbBGE\/s320-R\/DSC03550.JPG","type":"","width":"","height":""}],"author":"Mr B","twitter_card":"summary_large_image","twitter_creator":"@cdcliving","twitter_site":"@cdcliving","twitter_misc":{"Escrito por":"Mr B"},"schema":{"@context":"https:\/\/schema.org","@graph":[{"@type":"Article","@id":"https:\/\/casadecampoliving.com\/es\/a-snapshot-of-a-photography-exhibition\/#article","isPartOf":{"@id":"https:\/\/casadecampoliving.com\/es\/a-snapshot-of-a-photography-exhibition\/"},"author":{"name":"Mr B","@id":"https:\/\/casadecampoliving.com\/es\/#\/schema\/person\/6777daad22b2d75f00d60dff6798f994"},"headline":"A Snapshot of a Photography Exhibition","datePublished":"2008-09-15T04:00:00+00:00","dateModified":"2022-10-21T21:47:23+00:00","mainEntityOfPage":{"@id":"https:\/\/casadecampoliving.com\/es\/a-snapshot-of-a-photography-exhibition\/"},"wordCount":75,"publisher":{"@id":"https:\/\/casadecampoliving.com\/es\/#organization"},"image":{"@id":"https:\/\/casadecampoliving.com\/es\/a-snapshot-of-a-photography-exhibition\/#primaryimage"},"thumbnailUrl":"https:\/\/i0.wp.com\/4.bp.blogspot.com\/_DdCmL2nv294\/SM7Vkz-sHlI\/AAAAAAAAAFg\/C3nW-fJbBGE\/s320-R\/DSC03550.JPG","keywords":["Activities","Altos de Chavon","Art and Culture","Chavon Gallery","Events and Activities"],"articleSection":["Altos de Chavon","Art and Culture","Events and Activities","Local News","Upcoming"],"inLanguage":"es"},{"@type":"WebPage","@id":"https:\/\/casadecampoliving.com\/es\/a-snapshot-of-a-photography-exhibition\/","url":"https:\/\/casadecampoliving.com\/es\/a-snapshot-of-a-photography-exhibition\/","name":"A Snapshot of a Photography Exhibition | Casa de Campo Living","isPartOf":{"@id":"https:\/\/casadecampoliving.com\/es\/#website"},"primaryImageOfPage":{"@id":"https:\/\/casadecampoliving.com\/es\/a-snapshot-of-a-photography-exhibition\/#primaryimage"},"image":{"@id":"https:\/\/casadecampoliving.com\/es\/a-snapshot-of-a-photography-exhibition\/#primaryimage"},"thumbnailUrl":"https:\/\/i0.wp.com\/4.bp.blogspot.com\/_DdCmL2nv294\/SM7Vkz-sHlI\/AAAAAAAAAFg\/C3nW-fJbBGE\/s320-R\/DSC03550.JPG","datePublished":"2008-09-15T04:00:00+00:00","dateModified":"2022-10-21T21:47:23+00:00","description":"Just to provide everyone with some alternative coverage of the Liliane Vanbalberghe exhibit that took place in the Altos de Chavon Art Gallery, we felt it","breadcrumb":{"@id":"https:\/\/casadecampoliving.com\/es\/a-snapshot-of-a-photography-exhibition\/#breadcrumb"},"inLanguage":"es","potentialAction":[{"@type":"ReadAction","target":["https:\/\/casadecampoliving.com\/es\/a-snapshot-of-a-photography-exhibition\/"]}]},{"@type":"ImageObject","inLanguage":"es","@id":"https:\/\/casadecampoliving.com\/es\/a-snapshot-of-a-photography-exhibition\/#primaryimage","url":"https:\/\/i0.wp.com\/4.bp.blogspot.com\/_DdCmL2nv294\/SM7Vkz-sHlI\/AAAAAAAAAFg\/C3nW-fJbBGE\/s320-R\/DSC03550.JPG","contentUrl":"https:\/\/i0.wp.com\/4.bp.blogspot.com\/_DdCmL2nv294\/SM7Vkz-sHlI\/AAAAAAAAAFg\/C3nW-fJbBGE\/s320-R\/DSC03550.JPG"},{"@type":"BreadcrumbList","@id":"https:\/\/casadecampoliving.com\/es\/a-snapshot-of-a-photography-exhibition\/#breadcrumb","itemListElement":[{"@type":"ListItem","position":1,"name":"Home","item":"https:\/\/casadecampoliving.com\/es\/"},{"@type":"ListItem","position":2,"name":"A Snapshot of a Photography Exhibition"}]},{"@type":"WebSite","@id":"https:\/\/casadecampoliving.com\/es\/#website","url":"https:\/\/casadecampoliving.com\/es\/","name":"Casa de Campo Living","description":"Resort community news and resources.","publisher":{"@id":"https:\/\/casadecampoliving.com\/es\/#organization"},"potentialAction":[{"@type":"SearchAction","target":{"@type":"EntryPoint","urlTemplate":"https:\/\/casadecampoliving.com\/es\/?s={search_term_string}"},"query-input":{"@type":"PropertyValueSpecification","valueRequired":true,"valueName":"search_term_string"}}],"inLanguage":"es"},{"@type":"Organization","@id":"https:\/\/casadecampoliving.com\/es\/#organization","name":"Casa de Campo Living","url":"https:\/\/casadecampoliving.com\/es\/","logo":{"@type":"ImageObject","inLanguage":"es","@id":"https:\/\/casadecampoliving.com\/es\/#\/schema\/logo\/image\/","url":"https:\/\/i0.wp.com\/casadecampoliving.com\/wp-content\/uploads\/2022\/07\/CDCLivingLogo_V1-white-sized.png?fit=800%2C214&ssl=1","contentUrl":"https:\/\/i0.wp.com\/casadecampoliving.com\/wp-content\/uploads\/2022\/07\/CDCLivingLogo_V1-white-sized.png?fit=800%2C214&ssl=1","width":800,"height":214,"caption":"Casa de Campo Living"},"image":{"@id":"https:\/\/casadecampoliving.com\/es\/#\/schema\/logo\/image\/"},"sameAs":["https:\/\/www.facebook.com\/casadecampoliving","https:\/\/x.com\/cdcliving"]},{"@type":"Person","@id":"https:\/\/casadecampoliving.com\/es\/#\/schema\/person\/6777daad22b2d75f00d60dff6798f994","name":"Mr B","image":{"@type":"ImageObject","inLanguage":"es","@id":"https:\/\/secure.gravatar.com\/avatar\/a6081966dadc36da8930069678823cea59d9084eb1da84bf7f94ea86ad9119f8?s=96&d=mm&r=g","url":"https:\/\/secure.gravatar.com\/avatar\/a6081966dadc36da8930069678823cea59d9084eb1da84bf7f94ea86ad9119f8?s=96&d=mm&r=g","contentUrl":"https:\/\/secure.gravatar.com\/avatar\/a6081966dadc36da8930069678823cea59d9084eb1da84bf7f94ea86ad9119f8?s=96&d=mm&r=g","caption":"Mr B"},"url":"https:\/\/casadecampoliving.com\/es\/author\/rbournigal\/"}]}},"parsely":{"version":"1.1.0","canonical_url":"https:\/\/casadecampoliving.com\/es\/a-snapshot-of-a-photography-exhibition\/","smart_links":{"inbound":0,"outbound":0},"traffic_boost_suggestions_count":0,"meta":{"@context":"https:\/\/schema.org","@type":"NewsArticle","headline":"A Snapshot of a Photography Exhibition","url":"http:\/\/casadecampoliving.com\/es\/a-snapshot-of-a-photography-exhibition\/","mainEntityOfPage":{"@type":"WebPage","@id":"http:\/\/casadecampoliving.com\/es\/a-snapshot-of-a-photography-exhibition\/"},"thumbnailUrl":"","image":{"@type":"ImageObject","url":""},"articleSection":"Altos de Chavon","author":[{"@type":"Person","name":"Mr B"}],"creator":["Mr B"],"publisher":{"@type":"Organization","name":"Casa de Campo Living","logo":"https:\/\/casadecampoliving.com\/wp-content\/uploads\/2022\/07\/CDCLivingLogo_V1-white-sized.png"},"keywords":["activities","altos de chavon -es","art and culture","chavon gallery","events and activities"],"dateCreated":"2008-09-15T04:00:00Z","datePublished":"2008-09-15T04:00:00Z","dateModified":"2022-10-21T21:47:23Z"},"rendered":"<meta name=\"parsely-title\" content=\"A Snapshot of a Photography Exhibition\" \/>\n<meta name=\"parsely-link\" content=\"http:\/\/casadecampoliving.com\/es\/a-snapshot-of-a-photography-exhibition\/\" \/>\n<meta name=\"parsely-type\" content=\"post\" \/>\n<meta name=\"parsely-pub-date\" content=\"2008-09-15T04:00:00Z\" \/>\n<meta name=\"parsely-section\" content=\"Altos de Chavon\" \/>\n<meta name=\"parsely-tags\" content=\"activities,altos de chavon -es,art and culture,chavon gallery,events and activities\" \/>\n<meta name=\"parsely-author\" content=\"Mr B\" \/>","tracker_url":"https:\/\/cdn.parsely.com\/keys\/casadecampoliving.com\/p.js"},"jetpack_publicize_connections":[],"jetpack-related-posts":[{"id":433460,"url":"https:\/\/casadecampoliving.com\/es\/no-se-pierdan-el-increible-tributo-a-frank-sinatra-para-celebrar-el-40-aniversario-del-anfiteatro-altos-de-chavon\/","url_meta":{"origin":315845,"position":0},"title":"No se pierdan el incre\u00edble tributo a Frank Sinatra para celebrar el 40 aniversario del\u00a0Anfiteatro Altos de Chav\u00f3n","author":"Casa de Campo Living","date":"20 Oct, 2022","format":false,"excerpt":"Siendo uno de los escenarios m\u00e1s emblem\u00e1ticos del pa\u00eds, Casa de Campo Resort\u00ae & Villas celebra las cuatro d\u00e9cadas de aniversario de Altos de Chav\u00f3n con un tributo al gran Frank Sinatra, protagonizado por artistas invitados y una big band tal cual la que acompa\u00f1\u00f3 al artista hace 40 a\u00f1os\u2026","rel":"","context":"En \u00abUncategorized @es\u00bb","block_context":{"text":"Uncategorized @es","link":"https:\/\/casadecampoliving.com\/es\/category\/uncategorized-es\/"},"img":{"alt_text":"","src":"https:\/\/i0.wp.com\/casadecampoliving.com\/wp-content\/uploads\/2022\/10\/Tributo-Frank-Sinatra-Foto-Principal-Amaury-Sanchez-Danilo-Ginebra-Andres-Pichardo-y-Jose-Gabriel-Perez-.jpg?fit=1200%2C873&ssl=1&resize=350%2C200","width":350,"height":200,"srcset":"https:\/\/i0.wp.com\/casadecampoliving.com\/wp-content\/uploads\/2022\/10\/Tributo-Frank-Sinatra-Foto-Principal-Amaury-Sanchez-Danilo-Ginebra-Andres-Pichardo-y-Jose-Gabriel-Perez-.jpg?fit=1200%2C873&ssl=1&resize=350%2C200 1x, https:\/\/i0.wp.com\/casadecampoliving.com\/wp-content\/uploads\/2022\/10\/Tributo-Frank-Sinatra-Foto-Principal-Amaury-Sanchez-Danilo-Ginebra-Andres-Pichardo-y-Jose-Gabriel-Perez-.jpg?fit=1200%2C873&ssl=1&resize=525%2C300 1.5x, https:\/\/i0.wp.com\/casadecampoliving.com\/wp-content\/uploads\/2022\/10\/Tributo-Frank-Sinatra-Foto-Principal-Amaury-Sanchez-Danilo-Ginebra-Andres-Pichardo-y-Jose-Gabriel-Perez-.jpg?fit=1200%2C873&ssl=1&resize=700%2C400 2x, https:\/\/i0.wp.com\/casadecampoliving.com\/wp-content\/uploads\/2022\/10\/Tributo-Frank-Sinatra-Foto-Principal-Amaury-Sanchez-Danilo-Ginebra-Andres-Pichardo-y-Jose-Gabriel-Perez-.jpg?fit=1200%2C873&ssl=1&resize=1050%2C600 3x"},"classes":[]},{"id":317142,"url":"https:\/\/casadecampoliving.com\/es\/thelma-leonor-espinal-art-exhibition-at-the-altos-de-chavon-gallery\/","url_meta":{"origin":315845,"position":1},"title":"Thelma Leonor Espinal Art Exhibition at the Altos de Chavon Gallery","author":"Mr B","date":"13 Jul, 2009","format":false,"excerpt":"The Altos de Chavon Cultural Center cordially invites you to the inauguration of their upcoming exhibition \u201cinter-VERSIONES\u201d by the artist Thelma Leonor Espinal. The inauguration of the new exhibition will take place this Friday the 17th of July at 7.30pm at the main art gallery in Altos de Chavon. The\u2026","rel":"","context":"En \u00abAltos de Chavon\u00bb","block_context":{"text":"Altos de Chavon","link":"https:\/\/casadecampoliving.com\/category\/altos-de-chavon\/"},"img":{"alt_text":"","src":"https:\/\/i0.wp.com\/casadecampoliving.com\/wp-content\/uploads\/2022\/10\/thelma-1.jpg?fit=580%2C414&ssl=1&resize=350%2C200","width":350,"height":200,"srcset":"https:\/\/i0.wp.com\/casadecampoliving.com\/wp-content\/uploads\/2022\/10\/thelma-1.jpg?fit=580%2C414&ssl=1&resize=350%2C200 1x, https:\/\/i0.wp.com\/casadecampoliving.com\/wp-content\/uploads\/2022\/10\/thelma-1.jpg?fit=580%2C414&ssl=1&resize=525%2C300 1.5x"},"classes":[]},{"id":317245,"url":"https:\/\/casadecampoliving.com\/es\/the-new-art-exhibit-opens-tonight-at-the-altos-de-chavon-art-gallery\/","url_meta":{"origin":315845,"position":2},"title":"The new art exhibit opens at the Altos de Chavon art gallery","author":"Rebecca Silvestri","date":"23 Sep, 2009","format":false,"excerpt":"The Altos de Chavon Cultural Center Foundation cordially invites you to the next exhibit opening, TOMORROW night,\u00a0Thursday, September 24th, at 7:30pm in the Main Gallery. \u00a0The inauguration event is always a great evening; when the Casa de Campo community come together and enjoy a drink and shared love of art.\u2026","rel":"","context":"En \u00abAltos de Chavon\u00bb","block_context":{"text":"Altos de Chavon","link":"https:\/\/casadecampoliving.com\/category\/altos-de-chavon\/"},"img":{"alt_text":"","src":"https:\/\/i0.wp.com\/casadecampoliving.com\/wp-content\/uploads\/2022\/10\/aitnona-01-1.jpg?fit=700%2C500&ssl=1&resize=350%2C200","width":350,"height":200,"srcset":"https:\/\/i0.wp.com\/casadecampoliving.com\/wp-content\/uploads\/2022\/10\/aitnona-01-1.jpg?fit=700%2C500&ssl=1&resize=350%2C200 1x, https:\/\/i0.wp.com\/casadecampoliving.com\/wp-content\/uploads\/2022\/10\/aitnona-01-1.jpg?fit=700%2C500&ssl=1&resize=525%2C300 1.5x, https:\/\/i0.wp.com\/casadecampoliving.com\/wp-content\/uploads\/2022\/10\/aitnona-01-1.jpg?fit=700%2C500&ssl=1&resize=700%2C400 2x"},"classes":[]},{"id":321115,"url":"https:\/\/casadecampoliving.com\/art-exhibit-soleils-by-michel-bizet-opens-march-22nd-as-part-of-the-semana-de-francia\/","url_meta":{"origin":315845,"position":3},"title":"Art exhibit \u00abSoleils\u00bb by Michel Bizet opens March 22nd as part of the \u00abSemana de Francia\u00bb!","author":"Rebecca Silvestri","date":"21 Mar, 2012","format":false,"excerpt":"On Thursday the 22nd of March, the Altos de Chav\u00f3n art gallery will be inaugurating yet another art gallery exhibition; \u201cSoleils\u201d presented by French artist Michel Bizet. The new exhibit, taking place as part of the \u201cSemana de Francia\u201d will be officially opened with a cocktail reception \u2013 and you\u2026","rel":"","context":"En \u00abAltos de Chavon\u00bb","block_context":{"text":"Altos de Chavon","link":"https:\/\/casadecampoliving.com\/category\/altos-de-chavon\/"},"img":{"alt_text":"michel bizet art","src":"https:\/\/i0.wp.com\/casadecampoliving.com\/wp-content\/uploads\/2022\/10\/michel_bizet-1.jpg?fit=650%2C324&ssl=1&resize=350%2C200","width":350,"height":200,"srcset":"https:\/\/i0.wp.com\/casadecampoliving.com\/wp-content\/uploads\/2022\/10\/michel_bizet-1.jpg?fit=650%2C324&ssl=1&resize=350%2C200 1x, https:\/\/i0.wp.com\/casadecampoliving.com\/wp-content\/uploads\/2022\/10\/michel_bizet-1.jpg?fit=650%2C324&ssl=1&resize=525%2C300 1.5x"},"classes":[]},{"id":320739,"url":"https:\/\/casadecampoliving.com\/celebrating-the-inauguration-of-new-art-exhibit-psychology-of-nature-in-altos-de-chavon\/","url_meta":{"origin":315845,"position":4},"title":"Celebrating the Inauguration of new Art Exhibit \u201cPsychology of nature\u201d in Altos de Chav\u00f3n!","author":"Rebecca Silvestri","date":"25 Nov, 2011","format":false,"excerpt":"On Wednesday the 23rd of November, the Altos de Chav\u00f3n art gallery celebrated the opening of it's newest art exhibit\u00a0\u201cPsychology of nature.\u201d To inaugurate the new exhibit by Dominican Artist Juan Carlos Reyes from Santiago, the Altos de Chav\u00f3n gallery hosted an official opening and welcomed the\u00a0Altos de Chav\u00f3n artistic\u2026","rel":"","context":"En \u00abAltos de Chavon\u00bb","block_context":{"text":"Altos de Chavon","link":"https:\/\/casadecampoliving.com\/category\/altos-de-chavon\/"},"img":{"alt_text":"art altos de chavon","src":"https:\/\/i0.wp.com\/casadecampoliving.com\/wp-content\/uploads\/2022\/10\/art_altos_de_chavon4-1.jpg?fit=650%2C364&ssl=1&resize=350%2C200","width":350,"height":200,"srcset":"https:\/\/i0.wp.com\/casadecampoliving.com\/wp-content\/uploads\/2022\/10\/art_altos_de_chavon4-1.jpg?fit=650%2C364&ssl=1&resize=350%2C200 1x, https:\/\/i0.wp.com\/casadecampoliving.com\/wp-content\/uploads\/2022\/10\/art_altos_de_chavon4-1.jpg?fit=650%2C364&ssl=1&resize=525%2C300 1.5x"},"classes":[]},{"id":319126,"url":"https:\/\/casadecampoliving.com\/es\/reminder-new-art-exhibit-virgenes-del-tropico-opens-in-altos-de-chavon\/","url_meta":{"origin":315845,"position":5},"title":"REMINDER: New art exhibit &#8216;Virgenes del Tr\u00f3pico&#8217; opens in Altos de Chavon","author":"Rebecca Silvestri","date":"5 Ago, 2010","format":false,"excerpt":"Don\u2019t forget! Tonight is the opening of the new art exhibit \u2018Virgenes del Tr\u00f3pico\u2019 in the Altos de Chavon art gallery. The Altos de Chavon Cultural Center Foundation, cordially invites you to the inauguration of this new exhibit, which will begin at 7:30PM and be celebrated with a brindis (drink)\u2026","rel":"","context":"En \u00abAltos de Chavon\u00bb","block_context":{"text":"Altos de Chavon","link":"https:\/\/casadecampoliving.com\/category\/altos-de-chavon\/"},"img":{"alt_text":"","src":"https:\/\/i0.wp.com\/casadecampoliving.com\/wp-content\/uploads\/2022\/10\/Screen-shot-2010-07-12-at-15.20.071.png?fit=514%2C362&ssl=1&resize=350%2C200","width":350,"height":200},"classes":[]}],"jetpack_sharing_enabled":true,"jetpack_featured_media_url":"","_links":{"self":[{"href":"https:\/\/casadecampoliving.com\/es\/wp-json\/wp\/v2\/posts\/315845","targetHints":{"allow":["GET"]}}],"collection":[{"href":"https:\/\/casadecampoliving.com\/es\/wp-json\/wp\/v2\/posts"}],"about":[{"href":"https:\/\/casadecampoliving.com\/es\/wp-json\/wp\/v2\/types\/post"}],"author":[{"embeddable":true,"href":"https:\/\/casadecampoliving.com\/es\/wp-json\/wp\/v2\/users\/11"}],"replies":[{"embeddable":true,"href":"https:\/\/casadecampoliving.com\/es\/wp-json\/wp\/v2\/comments?post=315845"}],"version-history":[{"count":0,"href":"https:\/\/casadecampoliving.com\/es\/wp-json\/wp\/v2\/posts\/315845\/revisions"}],"wp:attachment":[{"href":"https:\/\/casadecampoliving.com\/es\/wp-json\/wp\/v2\/media?parent=315845"}],"wp:term":[{"taxonomy":"category","embeddable":true,"href":"https:\/\/casadecampoliving.com\/es\/wp-json\/wp\/v2\/categories?post=315845"},{"taxonomy":"post_tag","embeddable":true,"href":"https:\/\/casadecampoliving.com\/es\/wp-json\/wp\/v2\/tags?post=315845"},{"taxonomy":"newspack_spnsrs_tax","embeddable":true,"href":"https:\/\/casadecampoliving.com\/es\/wp-json\/wp\/v2\/newspack_spnsrs_tax?post=315845"}],"curies":[{"name":"wp","href":"https:\/\/api.w.org\/{rel}","templated":true}]}}