{"id":315842,"date":"2008-09-10T00:00:00","date_gmt":"2008-09-10T04:00:00","guid":{"rendered":"https:\/\/casadecampoliving.com\/liliane-vanbalberghe-art-show\/"},"modified":"2022-10-21T17:47:10","modified_gmt":"2022-10-21T21:47:10","slug":"liliane-vanbalberghe-art-show","status":"publish","type":"post","link":"https:\/\/casadecampoliving.com\/es\/liliane-vanbalberghe-art-show\/","title":{"rendered":"Liliane Vanbalberghe Art Show"},"content":{"rendered":"\n<figure class=\"wp-block-image\"><a href=\"https:\/\/i0.wp.com\/2.bp.blogspot.com\/_DdCmL2nv294\/SMlhfjLYWeI\/AAAAAAAAAFQ\/wYo6Ig68PSk\/s1600-h\/liliane+vanbalberghe.jpg\"><img decoding=\"async\" src=\"https:\/\/i0.wp.com\/2.bp.blogspot.com\/_DdCmL2nv294\/SMlhfjLYWeI\/AAAAAAAAAFQ\/wYo6Ig68PSk\/s400\/liliane+vanbalberghe.jpg\" alt=\"\"\/><\/a><\/figure>\n\n\n\n<div><\/div>\n\n\n\n<div>Hello all art \/ photography lovers, tommorow, September 12th will be the grand opening and reception for Liliane Vanbalberghe\u2019s show at the Gallery in Altos de Chavon. The show will run till the 13th of October, weekdays (except for tuesdays)&nbsp;from 9am to 9pm.<\/div>\n\n\n\n<div><\/div>\n\n\n\n<div>Liliane Vanbalberghe\u2019s own website has limited information about this photographer, but looking at her online portfolio raises enough interes to want to attend the opening, if at least for a few minutes.&nbsp;<\/div>\n\n\n\n<div><\/div>\n\n\n\n<div>While her website,&nbsp;http:\/\/www.vanbalberghedesign.com, gives us little in terms of her bio, it does however provide us ample samples of her portafolio, from which to base our decisions. &nbsp;Take a look at the following images and decide for yourself.<\/div>\n\n\n\n<figure class=\"wp-block-image\"><a href=\"http:\/\/www.vanbalberghedesign.com\/portraits2_1.html\"><img decoding=\"async\" src=\"https:\/\/i0.wp.com\/www.vanbalberghedesign.com\/images\/photography_jpg\/portrait2_a.jpg\" alt=\"\"\/><\/a><\/figure>\n\n\n\n<figure class=\"wp-block-image\"><a href=\"http:\/\/www.vanbalberghedesign.com\/portraits2_9.html\"><img decoding=\"async\" src=\"https:\/\/i0.wp.com\/www.vanbalberghedesign.com\/images\/photography_jpg\/portrait2_i.jpg\" alt=\"\"\/><\/a><\/figure>\n\n\n\n<figure class=\"wp-block-image\"><a href=\"http:\/\/www.vanbalberghedesign.com\/portraits2_5.html\"><img decoding=\"async\" src=\"https:\/\/i0.wp.com\/www.vanbalberghedesign.com\/images\/photography_jpg\/portrait2_e.jpg\" alt=\"\"\/><\/a><\/figure>\n\n\n\n<figure class=\"wp-block-image\"><a href=\"http:\/\/www.vanbalberghedesign.com\/portraits2_10.html\"><img decoding=\"async\" src=\"https:\/\/i0.wp.com\/www.vanbalberghedesign.com\/images\/photography_jpg\/portrait2_j.jpg\" alt=\"\"\/><\/a><\/figure>\n\n\n\n<figure class=\"wp-block-image\"><a href=\"http:\/\/www.vanbalberghedesign.com\/portraits1_6.html\"><img decoding=\"async\" src=\"https:\/\/i0.wp.com\/www.vanbalberghedesign.com\/images\/photography_jpg\/portrait_6.jpg\" alt=\"\"\/><\/a><\/figure>\n\n\n\n<figure class=\"wp-block-image\"><a href=\"http:\/\/www.vanbalberghedesign.com\/villa_1.html\"><img decoding=\"async\" src=\"https:\/\/i0.wp.com\/www.vanbalberghedesign.com\/images\/photography_jpg\/villa_1.jpg\" alt=\"\"\/><\/a><\/figure>\n\n\n\n<div><\/div>\n\n\n\n<div><\/div>\n\n\n\n<div>One last thing\u2026 if you are interested, keep in mind that there will be an opening cocktail on september 12th, starting at 7:30pm. While there will no doubt be plenty of Altos de Chavon students enjoying the \u201cArt\u201d and possibly a drink or two, its still worth supporting any and all culture we are offered.&nbsp;<\/div>\n\n\n\n<div><\/div>\n","protected":false},"excerpt":{"rendered":"<p>Hello all art \/ photography lovers, tommorow, September 12th will be the grand opening and reception for Liliane Vanbalberghe\u2019s show at the Gallery in Altos de Chavon. The show will run till the 13th of October, weekdays (except for tuesdays)&nbsp;from 9am to 9pm. Liliane Vanbalberghe\u2019s own website has limited information about this photographer, but looking [&hellip;]<\/p>\n","protected":false},"author":11,"featured_media":0,"comment_status":"closed","ping_status":"open","sticky":false,"template":"","format":"standard","meta":{"newspack_ads_suppress_ads":false,"newspack_popups_has_disabled_popups":false,"newspack_sponsor_sponsorship_scope":"","newspack_sponsor_native_byline_display":"inherit","newspack_sponsor_native_category_display":"inherit","newspack_sponsor_underwriter_style":"inherit","newspack_sponsor_underwriter_placement":"inherit","_newspack_byline_active":false,"_newspack_byline":"","newspack_hide_updated_date":false,"newspack_show_updated_date":false,"newspack_featured_image_position":"","newspack_post_subtitle":"","newspack_article_summary_title":"Overview:","newspack_article_summary":"","_jetpack_memberships_contains_paid_content":false,"footnotes":"","jetpack_publicize_message":"{title}\n\n{excerpt}\n\n{url}","jetpack_publicize_feature_enabled":true,"jetpack_social_post_already_shared":false,"jetpack_social_options":{"image_generator_settings":{"template":"highway","default_image_id":0,"font":"","enabled":false},"version":2},"_wpas_customize_per_network":false},"categories":[56,45,14624],"tags":[53,13810,13803],"newspack_spnsrs_tax":[],"class_list":["post-315842","post","type-post","status-publish","format-standard","hentry","category-altos-de-chavon","category-art-and-culture","category-local-news","tag-activities","tag-altos-de-chavon","tag-art-and-culture","entry"],"yoast_head":"<!-- This site is optimized with the Yoast SEO plugin v28.4 - https:\/\/yoast.com\/product\/yoast-seo-wordpress\/ -->\n<title>Liliane Vanbalberghe Art Show | Casa de Campo Living<\/title>\n<meta name=\"description\" content=\"Hello all art \/ photography lovers, tommorow, September 12th will be the grand opening and reception for Liliane Vanbalberghe\u2019s show at the Gallery in\" \/>\n<meta name=\"robots\" content=\"index, follow, max-snippet:-1, max-image-preview:large, max-video-preview:-1\" \/>\n<link rel=\"canonical\" href=\"https:\/\/casadecampoliving.com\/es\/liliane-vanbalberghe-art-show\/\" \/>\n<meta property=\"og:locale\" content=\"es_ES\" \/>\n<meta property=\"og:type\" content=\"article\" \/>\n<meta property=\"og:title\" content=\"Liliane Vanbalberghe Art Show | Casa de Campo Living\" \/>\n<meta property=\"og:description\" content=\"Hello all art \/ photography lovers, tommorow, September 12th will be the grand opening and reception for Liliane Vanbalberghe\u2019s show at the Gallery in\" \/>\n<meta property=\"og:url\" content=\"https:\/\/casadecampoliving.com\/es\/liliane-vanbalberghe-art-show\/\" \/>\n<meta property=\"og:site_name\" content=\"Casa de Campo Living\" \/>\n<meta property=\"article:publisher\" content=\"https:\/\/www.facebook.com\/casadecampoliving\" \/>\n<meta property=\"article:published_time\" content=\"2008-09-10T04:00:00+00:00\" \/>\n<meta property=\"article:modified_time\" content=\"2022-10-21T21:47:10+00:00\" \/>\n<meta property=\"og:image\" content=\"http:\/\/2.bp.blogspot.com\/_DdCmL2nv294\/SMlhfjLYWeI\/AAAAAAAAAFQ\/wYo6Ig68PSk\/s400\/liliane+vanbalberghe.jpg\" \/>\n<meta name=\"author\" content=\"Mr B\" \/>\n<meta name=\"twitter:card\" content=\"summary_large_image\" \/>\n<meta name=\"twitter:creator\" content=\"@cdcliving\" \/>\n<meta name=\"twitter:site\" content=\"@cdcliving\" \/>\n<meta name=\"twitter:label1\" content=\"Escrito por\" \/>\n\t<meta name=\"twitter:data1\" content=\"Mr B\" \/>\n\t<meta name=\"twitter:label2\" content=\"Tiempo de lectura\" \/>\n\t<meta name=\"twitter:data2\" content=\"1 minuto\" \/>\n<script type=\"application\/ld+json\" class=\"yoast-schema-graph\">{\"@context\":\"https:\\\/\\\/schema.org\",\"@graph\":[{\"@type\":\"Article\",\"@id\":\"https:\\\/\\\/casadecampoliving.com\\\/es\\\/liliane-vanbalberghe-art-show\\\/#article\",\"isPartOf\":{\"@id\":\"https:\\\/\\\/casadecampoliving.com\\\/es\\\/liliane-vanbalberghe-art-show\\\/\"},\"author\":{\"name\":\"Mr B\",\"@id\":\"https:\\\/\\\/casadecampoliving.com\\\/es\\\/#\\\/schema\\\/person\\\/6777daad22b2d75f00d60dff6798f994\"},\"headline\":\"Liliane Vanbalberghe Art Show\",\"datePublished\":\"2008-09-10T04:00:00+00:00\",\"dateModified\":\"2022-10-21T21:47:10+00:00\",\"mainEntityOfPage\":{\"@id\":\"https:\\\/\\\/casadecampoliving.com\\\/es\\\/liliane-vanbalberghe-art-show\\\/\"},\"wordCount\":183,\"publisher\":{\"@id\":\"https:\\\/\\\/casadecampoliving.com\\\/es\\\/#organization\"},\"image\":{\"@id\":\"https:\\\/\\\/casadecampoliving.com\\\/es\\\/liliane-vanbalberghe-art-show\\\/#primaryimage\"},\"thumbnailUrl\":\"https:\\\/\\\/i0.wp.com\\\/2.bp.blogspot.com\\\/_DdCmL2nv294\\\/SMlhfjLYWeI\\\/AAAAAAAAAFQ\\\/wYo6Ig68PSk\\\/s400\\\/liliane+vanbalberghe.jpg\",\"keywords\":[\"Activities\",\"Altos de Chavon\",\"Art and Culture\"],\"articleSection\":[\"Altos de Chavon\",\"Art and Culture\",\"Local News\"],\"inLanguage\":\"es\"},{\"@type\":\"WebPage\",\"@id\":\"https:\\\/\\\/casadecampoliving.com\\\/es\\\/liliane-vanbalberghe-art-show\\\/\",\"url\":\"https:\\\/\\\/casadecampoliving.com\\\/es\\\/liliane-vanbalberghe-art-show\\\/\",\"name\":\"Liliane Vanbalberghe Art Show | Casa de Campo Living\",\"isPartOf\":{\"@id\":\"https:\\\/\\\/casadecampoliving.com\\\/es\\\/#website\"},\"primaryImageOfPage\":{\"@id\":\"https:\\\/\\\/casadecampoliving.com\\\/es\\\/liliane-vanbalberghe-art-show\\\/#primaryimage\"},\"image\":{\"@id\":\"https:\\\/\\\/casadecampoliving.com\\\/es\\\/liliane-vanbalberghe-art-show\\\/#primaryimage\"},\"thumbnailUrl\":\"https:\\\/\\\/i0.wp.com\\\/2.bp.blogspot.com\\\/_DdCmL2nv294\\\/SMlhfjLYWeI\\\/AAAAAAAAAFQ\\\/wYo6Ig68PSk\\\/s400\\\/liliane+vanbalberghe.jpg\",\"datePublished\":\"2008-09-10T04:00:00+00:00\",\"dateModified\":\"2022-10-21T21:47:10+00:00\",\"description\":\"Hello all art \\\/ photography lovers, tommorow, September 12th will be the grand opening and reception for Liliane Vanbalberghe\u2019s show at the Gallery in\",\"breadcrumb\":{\"@id\":\"https:\\\/\\\/casadecampoliving.com\\\/es\\\/liliane-vanbalberghe-art-show\\\/#breadcrumb\"},\"inLanguage\":\"es\",\"potentialAction\":[{\"@type\":\"ReadAction\",\"target\":[\"https:\\\/\\\/casadecampoliving.com\\\/es\\\/liliane-vanbalberghe-art-show\\\/\"]}]},{\"@type\":\"ImageObject\",\"inLanguage\":\"es\",\"@id\":\"https:\\\/\\\/casadecampoliving.com\\\/es\\\/liliane-vanbalberghe-art-show\\\/#primaryimage\",\"url\":\"https:\\\/\\\/i0.wp.com\\\/2.bp.blogspot.com\\\/_DdCmL2nv294\\\/SMlhfjLYWeI\\\/AAAAAAAAAFQ\\\/wYo6Ig68PSk\\\/s400\\\/liliane+vanbalberghe.jpg\",\"contentUrl\":\"https:\\\/\\\/i0.wp.com\\\/2.bp.blogspot.com\\\/_DdCmL2nv294\\\/SMlhfjLYWeI\\\/AAAAAAAAAFQ\\\/wYo6Ig68PSk\\\/s400\\\/liliane+vanbalberghe.jpg\"},{\"@type\":\"BreadcrumbList\",\"@id\":\"https:\\\/\\\/casadecampoliving.com\\\/es\\\/liliane-vanbalberghe-art-show\\\/#breadcrumb\",\"itemListElement\":[{\"@type\":\"ListItem\",\"position\":1,\"name\":\"Home\",\"item\":\"https:\\\/\\\/casadecampoliving.com\\\/es\\\/\"},{\"@type\":\"ListItem\",\"position\":2,\"name\":\"Liliane Vanbalberghe Art Show\"}]},{\"@type\":\"WebSite\",\"@id\":\"https:\\\/\\\/casadecampoliving.com\\\/es\\\/#website\",\"url\":\"https:\\\/\\\/casadecampoliving.com\\\/es\\\/\",\"name\":\"Casa de Campo Living\",\"description\":\"Resort community news and resources.\",\"publisher\":{\"@id\":\"https:\\\/\\\/casadecampoliving.com\\\/es\\\/#organization\"},\"potentialAction\":[{\"@type\":\"SearchAction\",\"target\":{\"@type\":\"EntryPoint\",\"urlTemplate\":\"https:\\\/\\\/casadecampoliving.com\\\/es\\\/?s={search_term_string}\"},\"query-input\":{\"@type\":\"PropertyValueSpecification\",\"valueRequired\":true,\"valueName\":\"search_term_string\"}}],\"inLanguage\":\"es\"},{\"@type\":\"Organization\",\"@id\":\"https:\\\/\\\/casadecampoliving.com\\\/es\\\/#organization\",\"name\":\"Casa de Campo Living\",\"url\":\"https:\\\/\\\/casadecampoliving.com\\\/es\\\/\",\"logo\":{\"@type\":\"ImageObject\",\"inLanguage\":\"es\",\"@id\":\"https:\\\/\\\/casadecampoliving.com\\\/es\\\/#\\\/schema\\\/logo\\\/image\\\/\",\"url\":\"https:\\\/\\\/i0.wp.com\\\/casadecampoliving.com\\\/wp-content\\\/uploads\\\/2022\\\/07\\\/CDCLivingLogo_V1-white-sized.png?fit=800%2C214&ssl=1\",\"contentUrl\":\"https:\\\/\\\/i0.wp.com\\\/casadecampoliving.com\\\/wp-content\\\/uploads\\\/2022\\\/07\\\/CDCLivingLogo_V1-white-sized.png?fit=800%2C214&ssl=1\",\"width\":800,\"height\":214,\"caption\":\"Casa de Campo Living\"},\"image\":{\"@id\":\"https:\\\/\\\/casadecampoliving.com\\\/es\\\/#\\\/schema\\\/logo\\\/image\\\/\"},\"sameAs\":[\"https:\\\/\\\/www.facebook.com\\\/casadecampoliving\",\"https:\\\/\\\/x.com\\\/cdcliving\"]},{\"@type\":\"Person\",\"@id\":\"https:\\\/\\\/casadecampoliving.com\\\/es\\\/#\\\/schema\\\/person\\\/6777daad22b2d75f00d60dff6798f994\",\"name\":\"Mr B\",\"image\":{\"@type\":\"ImageObject\",\"inLanguage\":\"es\",\"@id\":\"https:\\\/\\\/secure.gravatar.com\\\/avatar\\\/a6081966dadc36da8930069678823cea59d9084eb1da84bf7f94ea86ad9119f8?s=96&d=mm&r=g\",\"url\":\"https:\\\/\\\/secure.gravatar.com\\\/avatar\\\/a6081966dadc36da8930069678823cea59d9084eb1da84bf7f94ea86ad9119f8?s=96&d=mm&r=g\",\"contentUrl\":\"https:\\\/\\\/secure.gravatar.com\\\/avatar\\\/a6081966dadc36da8930069678823cea59d9084eb1da84bf7f94ea86ad9119f8?s=96&d=mm&r=g\",\"caption\":\"Mr B\"},\"url\":\"https:\\\/\\\/casadecampoliving.com\\\/es\\\/author\\\/rbournigal\\\/\"}]}<\/script>\n<!-- \/ Yoast SEO plugin. -->","yoast_head_json":{"title":"Liliane Vanbalberghe Art Show | Casa de Campo Living","description":"Hello all art \/ photography lovers, tommorow, September 12th will be the grand opening and reception for Liliane Vanbalberghe\u2019s show at the Gallery in","robots":{"index":"index","follow":"follow","max-snippet":"max-snippet:-1","max-image-preview":"max-image-preview:large","max-video-preview":"max-video-preview:-1"},"canonical":"https:\/\/casadecampoliving.com\/es\/liliane-vanbalberghe-art-show\/","og_locale":"es_ES","og_type":"article","og_title":"Liliane Vanbalberghe Art Show | Casa de Campo Living","og_description":"Hello all art \/ photography lovers, tommorow, September 12th will be the grand opening and reception for Liliane Vanbalberghe\u2019s show at the Gallery in","og_url":"https:\/\/casadecampoliving.com\/es\/liliane-vanbalberghe-art-show\/","og_site_name":"Casa de Campo Living","article_publisher":"https:\/\/www.facebook.com\/casadecampoliving","article_published_time":"2008-09-10T04:00:00+00:00","article_modified_time":"2022-10-21T21:47:10+00:00","og_image":[{"url":"http:\/\/2.bp.blogspot.com\/_DdCmL2nv294\/SMlhfjLYWeI\/AAAAAAAAAFQ\/wYo6Ig68PSk\/s400\/liliane+vanbalberghe.jpg","type":"","width":"","height":""}],"author":"Mr B","twitter_card":"summary_large_image","twitter_creator":"@cdcliving","twitter_site":"@cdcliving","twitter_misc":{"Escrito por":"Mr B","Tiempo de lectura":"1 minuto"},"schema":{"@context":"https:\/\/schema.org","@graph":[{"@type":"Article","@id":"https:\/\/casadecampoliving.com\/es\/liliane-vanbalberghe-art-show\/#article","isPartOf":{"@id":"https:\/\/casadecampoliving.com\/es\/liliane-vanbalberghe-art-show\/"},"author":{"name":"Mr B","@id":"https:\/\/casadecampoliving.com\/es\/#\/schema\/person\/6777daad22b2d75f00d60dff6798f994"},"headline":"Liliane Vanbalberghe Art Show","datePublished":"2008-09-10T04:00:00+00:00","dateModified":"2022-10-21T21:47:10+00:00","mainEntityOfPage":{"@id":"https:\/\/casadecampoliving.com\/es\/liliane-vanbalberghe-art-show\/"},"wordCount":183,"publisher":{"@id":"https:\/\/casadecampoliving.com\/es\/#organization"},"image":{"@id":"https:\/\/casadecampoliving.com\/es\/liliane-vanbalberghe-art-show\/#primaryimage"},"thumbnailUrl":"https:\/\/i0.wp.com\/2.bp.blogspot.com\/_DdCmL2nv294\/SMlhfjLYWeI\/AAAAAAAAAFQ\/wYo6Ig68PSk\/s400\/liliane+vanbalberghe.jpg","keywords":["Activities","Altos de Chavon","Art and Culture"],"articleSection":["Altos de Chavon","Art and Culture","Local News"],"inLanguage":"es"},{"@type":"WebPage","@id":"https:\/\/casadecampoliving.com\/es\/liliane-vanbalberghe-art-show\/","url":"https:\/\/casadecampoliving.com\/es\/liliane-vanbalberghe-art-show\/","name":"Liliane Vanbalberghe Art Show | Casa de Campo Living","isPartOf":{"@id":"https:\/\/casadecampoliving.com\/es\/#website"},"primaryImageOfPage":{"@id":"https:\/\/casadecampoliving.com\/es\/liliane-vanbalberghe-art-show\/#primaryimage"},"image":{"@id":"https:\/\/casadecampoliving.com\/es\/liliane-vanbalberghe-art-show\/#primaryimage"},"thumbnailUrl":"https:\/\/i0.wp.com\/2.bp.blogspot.com\/_DdCmL2nv294\/SMlhfjLYWeI\/AAAAAAAAAFQ\/wYo6Ig68PSk\/s400\/liliane+vanbalberghe.jpg","datePublished":"2008-09-10T04:00:00+00:00","dateModified":"2022-10-21T21:47:10+00:00","description":"Hello all art \/ photography lovers, tommorow, September 12th will be the grand opening and reception for Liliane Vanbalberghe\u2019s show at the Gallery in","breadcrumb":{"@id":"https:\/\/casadecampoliving.com\/es\/liliane-vanbalberghe-art-show\/#breadcrumb"},"inLanguage":"es","potentialAction":[{"@type":"ReadAction","target":["https:\/\/casadecampoliving.com\/es\/liliane-vanbalberghe-art-show\/"]}]},{"@type":"ImageObject","inLanguage":"es","@id":"https:\/\/casadecampoliving.com\/es\/liliane-vanbalberghe-art-show\/#primaryimage","url":"https:\/\/i0.wp.com\/2.bp.blogspot.com\/_DdCmL2nv294\/SMlhfjLYWeI\/AAAAAAAAAFQ\/wYo6Ig68PSk\/s400\/liliane+vanbalberghe.jpg","contentUrl":"https:\/\/i0.wp.com\/2.bp.blogspot.com\/_DdCmL2nv294\/SMlhfjLYWeI\/AAAAAAAAAFQ\/wYo6Ig68PSk\/s400\/liliane+vanbalberghe.jpg"},{"@type":"BreadcrumbList","@id":"https:\/\/casadecampoliving.com\/es\/liliane-vanbalberghe-art-show\/#breadcrumb","itemListElement":[{"@type":"ListItem","position":1,"name":"Home","item":"https:\/\/casadecampoliving.com\/es\/"},{"@type":"ListItem","position":2,"name":"Liliane Vanbalberghe Art Show"}]},{"@type":"WebSite","@id":"https:\/\/casadecampoliving.com\/es\/#website","url":"https:\/\/casadecampoliving.com\/es\/","name":"Casa de Campo Living","description":"Resort community news and resources.","publisher":{"@id":"https:\/\/casadecampoliving.com\/es\/#organization"},"potentialAction":[{"@type":"SearchAction","target":{"@type":"EntryPoint","urlTemplate":"https:\/\/casadecampoliving.com\/es\/?s={search_term_string}"},"query-input":{"@type":"PropertyValueSpecification","valueRequired":true,"valueName":"search_term_string"}}],"inLanguage":"es"},{"@type":"Organization","@id":"https:\/\/casadecampoliving.com\/es\/#organization","name":"Casa de Campo Living","url":"https:\/\/casadecampoliving.com\/es\/","logo":{"@type":"ImageObject","inLanguage":"es","@id":"https:\/\/casadecampoliving.com\/es\/#\/schema\/logo\/image\/","url":"https:\/\/i0.wp.com\/casadecampoliving.com\/wp-content\/uploads\/2022\/07\/CDCLivingLogo_V1-white-sized.png?fit=800%2C214&ssl=1","contentUrl":"https:\/\/i0.wp.com\/casadecampoliving.com\/wp-content\/uploads\/2022\/07\/CDCLivingLogo_V1-white-sized.png?fit=800%2C214&ssl=1","width":800,"height":214,"caption":"Casa de Campo Living"},"image":{"@id":"https:\/\/casadecampoliving.com\/es\/#\/schema\/logo\/image\/"},"sameAs":["https:\/\/www.facebook.com\/casadecampoliving","https:\/\/x.com\/cdcliving"]},{"@type":"Person","@id":"https:\/\/casadecampoliving.com\/es\/#\/schema\/person\/6777daad22b2d75f00d60dff6798f994","name":"Mr B","image":{"@type":"ImageObject","inLanguage":"es","@id":"https:\/\/secure.gravatar.com\/avatar\/a6081966dadc36da8930069678823cea59d9084eb1da84bf7f94ea86ad9119f8?s=96&d=mm&r=g","url":"https:\/\/secure.gravatar.com\/avatar\/a6081966dadc36da8930069678823cea59d9084eb1da84bf7f94ea86ad9119f8?s=96&d=mm&r=g","contentUrl":"https:\/\/secure.gravatar.com\/avatar\/a6081966dadc36da8930069678823cea59d9084eb1da84bf7f94ea86ad9119f8?s=96&d=mm&r=g","caption":"Mr B"},"url":"https:\/\/casadecampoliving.com\/es\/author\/rbournigal\/"}]}},"parsely":{"version":"1.1.0","canonical_url":"https:\/\/casadecampoliving.com\/es\/liliane-vanbalberghe-art-show\/","smart_links":{"inbound":0,"outbound":0},"traffic_boost_suggestions_count":0,"meta":{"@context":"https:\/\/schema.org","@type":"NewsArticle","headline":"Liliane Vanbalberghe Art Show","url":"http:\/\/casadecampoliving.com\/es\/liliane-vanbalberghe-art-show\/","mainEntityOfPage":{"@type":"WebPage","@id":"http:\/\/casadecampoliving.com\/es\/liliane-vanbalberghe-art-show\/"},"thumbnailUrl":"","image":{"@type":"ImageObject","url":""},"articleSection":"Altos de Chavon","author":[{"@type":"Person","name":"Mr B"}],"creator":["Mr B"],"publisher":{"@type":"Organization","name":"Casa de Campo Living","logo":"https:\/\/casadecampoliving.com\/wp-content\/uploads\/2022\/07\/CDCLivingLogo_V1-white-sized.png"},"keywords":["activities","altos de chavon","art and culture"],"dateCreated":"2008-09-10T04:00:00Z","datePublished":"2008-09-10T04:00:00Z","dateModified":"2022-10-21T21:47:10Z"},"rendered":"<meta name=\"parsely-title\" content=\"Liliane Vanbalberghe Art Show\" \/>\n<meta name=\"parsely-link\" content=\"http:\/\/casadecampoliving.com\/es\/liliane-vanbalberghe-art-show\/\" \/>\n<meta name=\"parsely-type\" content=\"post\" \/>\n<meta name=\"parsely-pub-date\" content=\"2008-09-10T04:00:00Z\" \/>\n<meta name=\"parsely-section\" content=\"Altos de Chavon\" \/>\n<meta name=\"parsely-tags\" content=\"activities,altos de chavon,art and culture\" \/>\n<meta name=\"parsely-author\" content=\"Mr B\" \/>","tracker_url":"https:\/\/cdn.parsely.com\/keys\/casadecampoliving.com\/p.js"},"jetpack_publicize_connections":[],"jetpack-related-posts":[{"id":315845,"url":"https:\/\/casadecampoliving.com\/es\/a-snapshot-of-a-photography-exhibition\/","url_meta":{"origin":315842,"position":0},"title":"A Snapshot of a Photography Exhibition","author":"Mr B","date":"15 Sep, 2008","format":false,"excerpt":"Just to provide everyone with some alternative coverage of the Liliane Vanbalberghe exhibit that took place in the Altos de Chavon Art Gallery, we felt it would be fun to post a few snapshots of the event itself, and let the work speak for itself. Before going into the photos\u2026","rel":"","context":"En \u00abAltos de Chavon\u00bb","block_context":{"text":"Altos de Chavon","link":"https:\/\/casadecampoliving.com\/category\/altos-de-chavon\/"},"img":{"alt_text":"","src":"","width":0,"height":0},"classes":[]},{"id":315898,"url":"https:\/\/casadecampoliving.com\/es\/artists-in-residence-fall-2008-at-altos-de-chavon\/","url_meta":{"origin":315842,"position":1},"title":"Artists in Residence Fall 2008 at Altos de Chavon","author":"Mr B","date":"5 Nov, 2008","format":false,"excerpt":"This November 14th the Altos de Chavon Gallery will bring you its traditional Artists in Residence Exibition.This exibition will feature pieces from: \u2013 James Adams from England\u2013 Lorraine Riebel from USA\u2013 Cherry Pickels from Wales \u2013 Liliane Vanbalberghe from Venezuela There will be an opening cocktail party on November 14th\u2026","rel":"","context":"En \u00abAltos de Chavon\u00bb","block_context":{"text":"Altos de Chavon","link":"https:\/\/casadecampoliving.com\/category\/altos-de-chavon\/"},"img":{"alt_text":"","src":"https:\/\/i0.wp.com\/casadecampoliving.com\/wp-content\/uploads\/2022\/10\/Artistas-en-Residencia-Otono-2008-1.jpg?fit=277%2C400&ssl=1&resize=350%2C200","width":350,"height":200},"classes":[]},{"id":320604,"url":"https:\/\/casadecampoliving.com\/the-altos-de-chavon-school-of-art-and-design-sensational-at-dominicana-moda\/","url_meta":{"origin":315842,"position":2},"title":"The Altos de Chav\u00f3n School of Art and Design: Sensational at Dominicana Moda!","author":"Rebecca Silvestri","date":"25 Oct, 2011","format":false,"excerpt":"Last Saturday the 22nd of October, the Altos de Chav\u00f3n School of Art and Design took part in the Dominicana Moda fashion event in Santo Domingo for the very first time! Showcasing fashion show \"The Silk Road\" (La Ruta de la Seda) created by the school's 2011 graduating class, the\u2026","rel":"","context":"En \u00abAltos de Chavon\u00bb","block_context":{"text":"Altos de Chavon","link":"https:\/\/casadecampoliving.com\/category\/altos-de-chavon\/"},"img":{"alt_text":"altos de chavon","src":"https:\/\/i0.wp.com\/casadecampoliving.com\/wp-content\/uploads\/2022\/10\/altos_de_chavon_dominicana_moda-1.jpg?fit=565%2C318&ssl=1&resize=350%2C200","width":350,"height":200,"srcset":"https:\/\/i0.wp.com\/casadecampoliving.com\/wp-content\/uploads\/2022\/10\/altos_de_chavon_dominicana_moda-1.jpg?fit=565%2C318&ssl=1&resize=350%2C200 1x, https:\/\/i0.wp.com\/casadecampoliving.com\/wp-content\/uploads\/2022\/10\/altos_de_chavon_dominicana_moda-1.jpg?fit=565%2C318&ssl=1&resize=525%2C300 1.5x"},"classes":[]},{"id":337158,"url":"https:\/\/casadecampoliving.com\/es\/excelente-debut-de-la-escuela-de-diseno-de-altos-de-chavon-en-dominicana-moda-2\/","url_meta":{"origin":315842,"position":3},"title":"\u00a1Excelente debut de la Escuela de Dise\u00f1o de Altos de Chav\u00f3n en Dominicana Moda!","author":"Rebecca Silvestri","date":"25 Oct, 2011","format":false,"excerpt":"La moda y el esp\u00edritu de creativo e innovador despierta en la Escuela de Arte y Dise\u00f1o de Altos de Chav\u00f3n, que por primera vez, la noche del s\u00e1bado 22 de octubre, jug\u00f3 un papel preponderante en las pasarelas del evento de moda m\u00e1s destacado del pa\u00eds, Dominicana Moda 2011.\u2026","rel":"","context":"En \u00abAltos de Chavon @es\u00bb","block_context":{"text":"Altos de Chavon @es","link":"https:\/\/casadecampoliving.com\/category\/altos-de-chavon-es\/"},"img":{"alt_text":"altos de chavon","src":"https:\/\/i0.wp.com\/casadecampoliving.com\/wp-content\/uploads\/2022\/10\/altos_de_chavon_dominicana_moda-1.jpg?fit=565%2C318&ssl=1&resize=350%2C200","width":350,"height":200,"srcset":"https:\/\/i0.wp.com\/casadecampoliving.com\/wp-content\/uploads\/2022\/10\/altos_de_chavon_dominicana_moda-1.jpg?fit=565%2C318&ssl=1&resize=350%2C200 1x, https:\/\/i0.wp.com\/casadecampoliving.com\/wp-content\/uploads\/2022\/10\/altos_de_chavon_dominicana_moda-1.jpg?fit=565%2C318&ssl=1&resize=525%2C300 1.5x"},"classes":[]},{"id":433460,"url":"https:\/\/casadecampoliving.com\/es\/no-se-pierdan-el-increible-tributo-a-frank-sinatra-para-celebrar-el-40-aniversario-del-anfiteatro-altos-de-chavon\/","url_meta":{"origin":315842,"position":4},"title":"No se pierdan el incre\u00edble tributo a Frank Sinatra para celebrar el 40 aniversario del\u00a0Anfiteatro Altos de Chav\u00f3n","author":"Casa de Campo Living","date":"20 Oct, 2022","format":false,"excerpt":"Siendo uno de los escenarios m\u00e1s emblem\u00e1ticos del pa\u00eds, Casa de Campo Resort\u00ae & Villas celebra las cuatro d\u00e9cadas de aniversario de Altos de Chav\u00f3n con un tributo al gran Frank Sinatra, protagonizado por artistas invitados y una big band tal cual la que acompa\u00f1\u00f3 al artista hace 40 a\u00f1os\u2026","rel":"","context":"En \u00abUncategorized @es\u00bb","block_context":{"text":"Uncategorized @es","link":"https:\/\/casadecampoliving.com\/es\/category\/uncategorized-es\/"},"img":{"alt_text":"","src":"https:\/\/i0.wp.com\/casadecampoliving.com\/wp-content\/uploads\/2022\/10\/Tributo-Frank-Sinatra-Foto-Principal-Amaury-Sanchez-Danilo-Ginebra-Andres-Pichardo-y-Jose-Gabriel-Perez-.jpg?fit=1200%2C873&ssl=1&resize=350%2C200","width":350,"height":200,"srcset":"https:\/\/i0.wp.com\/casadecampoliving.com\/wp-content\/uploads\/2022\/10\/Tributo-Frank-Sinatra-Foto-Principal-Amaury-Sanchez-Danilo-Ginebra-Andres-Pichardo-y-Jose-Gabriel-Perez-.jpg?fit=1200%2C873&ssl=1&resize=350%2C200 1x, https:\/\/i0.wp.com\/casadecampoliving.com\/wp-content\/uploads\/2022\/10\/Tributo-Frank-Sinatra-Foto-Principal-Amaury-Sanchez-Danilo-Ginebra-Andres-Pichardo-y-Jose-Gabriel-Perez-.jpg?fit=1200%2C873&ssl=1&resize=525%2C300 1.5x, https:\/\/i0.wp.com\/casadecampoliving.com\/wp-content\/uploads\/2022\/10\/Tributo-Frank-Sinatra-Foto-Principal-Amaury-Sanchez-Danilo-Ginebra-Andres-Pichardo-y-Jose-Gabriel-Perez-.jpg?fit=1200%2C873&ssl=1&resize=700%2C400 2x, https:\/\/i0.wp.com\/casadecampoliving.com\/wp-content\/uploads\/2022\/10\/Tributo-Frank-Sinatra-Foto-Principal-Amaury-Sanchez-Danilo-Ginebra-Andres-Pichardo-y-Jose-Gabriel-Perez-.jpg?fit=1200%2C873&ssl=1&resize=1050%2C600 3x"},"classes":[]},{"id":319462,"url":"https:\/\/casadecampoliving.com\/the-casa-montecristo-hosts-ron-zacapa-tasting-evening\/","url_meta":{"origin":315842,"position":5},"title":"The Casa Montecristo hosts Ron Zacapa Tasting evening","author":"Rebecca Silvestri","date":"12 Nov, 2010","format":false,"excerpt":"Last Friday the 5th of November, the residents and villa owners of Casa de Campo were treated to a very special night of rum and cigars at the Casa Montecristo in Altos de Chav\u00f3n with delicious high-end rum, Ron Zacapa.\u00a0 The event's distinguished guests were welcomed by Ruben Gonzalez, Commercial\u2026","rel":"","context":"En \u00abAltos de Chavon\u00bb","block_context":{"text":"Altos de Chavon","link":"https:\/\/casadecampoliving.com\/category\/altos-de-chavon\/"},"img":{"alt_text":"","src":"https:\/\/i0.wp.com\/casadecampoliving.com\/wp-content\/uploads\/2022\/10\/ron_zacapa_casa_montecristo_casadecampo-1.jpg?fit=557%2C291&ssl=1&resize=350%2C200","width":350,"height":200,"srcset":"https:\/\/i0.wp.com\/casadecampoliving.com\/wp-content\/uploads\/2022\/10\/ron_zacapa_casa_montecristo_casadecampo-1.jpg?fit=557%2C291&ssl=1&resize=350%2C200 1x, https:\/\/i0.wp.com\/casadecampoliving.com\/wp-content\/uploads\/2022\/10\/ron_zacapa_casa_montecristo_casadecampo-1.jpg?fit=557%2C291&ssl=1&resize=525%2C300 1.5x"},"classes":[]}],"jetpack_sharing_enabled":true,"jetpack_featured_media_url":"","_links":{"self":[{"href":"https:\/\/casadecampoliving.com\/es\/wp-json\/wp\/v2\/posts\/315842","targetHints":{"allow":["GET"]}}],"collection":[{"href":"https:\/\/casadecampoliving.com\/es\/wp-json\/wp\/v2\/posts"}],"about":[{"href":"https:\/\/casadecampoliving.com\/es\/wp-json\/wp\/v2\/types\/post"}],"author":[{"embeddable":true,"href":"https:\/\/casadecampoliving.com\/es\/wp-json\/wp\/v2\/users\/11"}],"replies":[{"embeddable":true,"href":"https:\/\/casadecampoliving.com\/es\/wp-json\/wp\/v2\/comments?post=315842"}],"version-history":[{"count":0,"href":"https:\/\/casadecampoliving.com\/es\/wp-json\/wp\/v2\/posts\/315842\/revisions"}],"wp:attachment":[{"href":"https:\/\/casadecampoliving.com\/es\/wp-json\/wp\/v2\/media?parent=315842"}],"wp:term":[{"taxonomy":"category","embeddable":true,"href":"https:\/\/casadecampoliving.com\/es\/wp-json\/wp\/v2\/categories?post=315842"},{"taxonomy":"post_tag","embeddable":true,"href":"https:\/\/casadecampoliving.com\/es\/wp-json\/wp\/v2\/tags?post=315842"},{"taxonomy":"newspack_spnsrs_tax","embeddable":true,"href":"https:\/\/casadecampoliving.com\/es\/wp-json\/wp\/v2\/newspack_spnsrs_tax?post=315842"}],"curies":[{"name":"wp","href":"https:\/\/api.w.org\/{rel}","templated":true}]}}