{"id":315814,"date":"2008-08-17T00:00:00","date_gmt":"2008-08-17T04:00:00","guid":{"rendered":"https:\/\/casadecampoliving.com\/fay-shmey\/"},"modified":"2022-10-21T17:46:05","modified_gmt":"2022-10-21T21:46:05","slug":"fay-shmey","status":"publish","type":"post","link":"https:\/\/casadecampoliving.com\/es\/fay-shmey\/","title":{"rendered":"Fay, shmey."},"content":{"rendered":"\n<figure class=\"wp-block-image\"><a href=\"https:\/\/i0.wp.com\/3.bp.blogspot.com\/_b8mHVdrLGb8\/SK75kjp8vJI\/AAAAAAAAGn0\/AcEi9QkhvZQ\/s1600-h\/DSC02808.JPG\"><img decoding=\"async\" src=\"https:\/\/i0.wp.com\/casadecampoliving.com\/wp-content\/uploads\/2022\/10\/DSC02808.jpg?ssl=1\" alt=\"\"\/><\/a><\/figure>\n\n\n\n<p>So we got \u2018hit\u2019 by the first, and hopefully last, storm of the season \u2013 Tropical depression Fay. In any case, Fay was a wuss. It rained. It poured. We got wet. Next day we where at the beach. If I can say something positive though, Fay did remove all loose branches, leaves and reminded us that despite traditionally being lucky we should not take the hurricane season for granted.<\/p>\n\n\n\n<p>Keep in mind that you can always find the latest details and some pretty maps at the following links (which we\u2019ve also put up on the right of this page for the remainder of the hurricane season):<\/p>\n\n\n\n<ul class=\"wp-block-list\"><li> National Hurricane Center \u2013 <a href=\"http:\/\/www.nhc.noaa.gov\/\">http:\/\/www.nhc.noaa.gov\/<\/a><\/li><li>Weather.com \u2013 Atlantic Satellite View \u2013 <a href=\"http:\/\/www.weather.com\/maps\/news\/atlstorm2\/tropicalatlanticsatellite_large.html\">http:\/\/www.weather.com\/maps\/news\/atlstorm2\/tropicalatlanticsatellite_large.html<\/a><\/li><\/ul>\n\n\n\n<p>In the meantime, remember to keep safe and dry.<\/p>\n","protected":false},"excerpt":{"rendered":"<p>So we got \u2018hit\u2019 by the first, and hopefully last, storm of the season \u2013 Tropical depression Fay. In any case, Fay was a wuss. It rained. It poured. We got wet. Next day we where at the beach. If I can say something positive though, Fay did remove all loose branches, leaves and reminded [&hellip;]<\/p>\n","protected":false},"author":11,"featured_media":212764,"comment_status":"closed","ping_status":"open","sticky":false,"template":"","format":"standard","meta":{"newspack_ads_suppress_ads":false,"newspack_popups_has_disabled_popups":false,"newspack_sponsor_sponsorship_scope":"","newspack_sponsor_native_byline_display":"inherit","newspack_sponsor_native_category_display":"inherit","newspack_sponsor_underwriter_style":"inherit","newspack_sponsor_underwriter_placement":"inherit","_newspack_byline_active":false,"_newspack_byline":"","newspack_hide_updated_date":false,"newspack_show_updated_date":false,"newspack_content_restriction_is_exempt":false,"newspack_featured_image_position":"","newspack_post_subtitle":"","newspack_article_summary_title":"Overview:","newspack_article_summary":"","_jetpack_memberships_contains_paid_content":false,"footnotes":"","jetpack_publicize_message":"","jetpack_publicize_feature_enabled":true,"jetpack_social_post_already_shared":false,"jetpack_social_options":{"image_generator_settings":{"template":"highway","default_image_id":0,"font":"","enabled":false},"version":2},"_wpas_customize_per_network":false},"categories":[1],"tags":[58],"newspack_spnsrs_tax":[],"class_list":["post-315814","post","type-post","status-publish","format-standard","has-post-thumbnail","hentry","category-uncategorized","tag-weather","entry"],"yoast_head":"<!-- This site is optimized with the Yoast SEO plugin v27.4 - https:\/\/yoast.com\/product\/yoast-seo-wordpress\/ -->\n<title>Fay, shmey. | Casa de Campo Living<\/title>\n<meta name=\"description\" content=\"So we got \u2018hit\u2019 by the first, and hopefully last, storm of the season \u2013 Tropical depression Fay. In any case, Fay was a wuss. It rained. It poured. We got\" \/>\n<meta name=\"robots\" content=\"index, follow, max-snippet:-1, max-image-preview:large, max-video-preview:-1\" \/>\n<link rel=\"canonical\" href=\"https:\/\/casadecampoliving.com\/es\/fay-shmey\/\" \/>\n<meta property=\"og:locale\" content=\"es_ES\" \/>\n<meta property=\"og:type\" content=\"article\" \/>\n<meta property=\"og:title\" content=\"Fay, shmey. | Casa de Campo Living\" \/>\n<meta property=\"og:description\" content=\"So we got \u2018hit\u2019 by the first, and hopefully last, storm of the season \u2013 Tropical depression Fay. In any case, Fay was a wuss. It rained. It poured. We got\" \/>\n<meta property=\"og:url\" content=\"https:\/\/casadecampoliving.com\/es\/fay-shmey\/\" \/>\n<meta property=\"og:site_name\" content=\"Casa de Campo Living\" \/>\n<meta property=\"article:publisher\" content=\"https:\/\/www.facebook.com\/casadecampoliving\" \/>\n<meta property=\"article:published_time\" content=\"2008-08-17T04:00:00+00:00\" \/>\n<meta property=\"article:modified_time\" content=\"2022-10-21T21:46:05+00:00\" \/>\n<meta property=\"og:image\" content=\"https:\/\/i0.wp.com\/casadecampoliving.com\/wp-content\/uploads\/2022\/10\/DSC02808.jpg?fit=400%2C300&ssl=1\" \/>\n\t<meta property=\"og:image:width\" content=\"400\" \/>\n\t<meta property=\"og:image:height\" content=\"300\" \/>\n\t<meta property=\"og:image:type\" content=\"image\/jpeg\" \/>\n<meta name=\"author\" content=\"Mr B\" \/>\n<meta name=\"twitter:card\" content=\"summary_large_image\" \/>\n<meta name=\"twitter:creator\" content=\"@cdcliving\" \/>\n<meta name=\"twitter:site\" content=\"@cdcliving\" \/>\n<meta name=\"twitter:label1\" content=\"Escrito por\" \/>\n\t<meta name=\"twitter:data1\" content=\"Mr B\" \/>\n\t<meta name=\"twitter:label2\" content=\"Tiempo de lectura\" \/>\n\t<meta name=\"twitter:data2\" content=\"1 minuto\" \/>\n<script type=\"application\/ld+json\" class=\"yoast-schema-graph\">{\"@context\":\"https:\\\/\\\/schema.org\",\"@graph\":[{\"@type\":\"Article\",\"@id\":\"https:\\\/\\\/casadecampoliving.com\\\/es\\\/fay-shmey\\\/#article\",\"isPartOf\":{\"@id\":\"https:\\\/\\\/casadecampoliving.com\\\/es\\\/fay-shmey\\\/\"},\"author\":{\"name\":\"Mr B\",\"@id\":\"https:\\\/\\\/casadecampoliving.com\\\/es\\\/#\\\/schema\\\/person\\\/6777daad22b2d75f00d60dff6798f994\"},\"headline\":\"Fay, shmey.\",\"datePublished\":\"2008-08-17T04:00:00+00:00\",\"dateModified\":\"2022-10-21T21:46:05+00:00\",\"mainEntityOfPage\":{\"@id\":\"https:\\\/\\\/casadecampoliving.com\\\/es\\\/fay-shmey\\\/\"},\"wordCount\":141,\"publisher\":{\"@id\":\"https:\\\/\\\/casadecampoliving.com\\\/es\\\/#organization\"},\"image\":{\"@id\":\"https:\\\/\\\/casadecampoliving.com\\\/es\\\/fay-shmey\\\/#primaryimage\"},\"thumbnailUrl\":\"https:\\\/\\\/i0.wp.com\\\/casadecampoliving.com\\\/wp-content\\\/uploads\\\/2022\\\/10\\\/DSC02808.jpg?fit=400%2C300&ssl=1\",\"keywords\":[\"Weather\"],\"articleSection\":[\"Uncategorized\"],\"inLanguage\":\"es\"},{\"@type\":\"WebPage\",\"@id\":\"https:\\\/\\\/casadecampoliving.com\\\/es\\\/fay-shmey\\\/\",\"url\":\"https:\\\/\\\/casadecampoliving.com\\\/es\\\/fay-shmey\\\/\",\"name\":\"Fay, shmey. | Casa de Campo Living\",\"isPartOf\":{\"@id\":\"https:\\\/\\\/casadecampoliving.com\\\/es\\\/#website\"},\"primaryImageOfPage\":{\"@id\":\"https:\\\/\\\/casadecampoliving.com\\\/es\\\/fay-shmey\\\/#primaryimage\"},\"image\":{\"@id\":\"https:\\\/\\\/casadecampoliving.com\\\/es\\\/fay-shmey\\\/#primaryimage\"},\"thumbnailUrl\":\"https:\\\/\\\/i0.wp.com\\\/casadecampoliving.com\\\/wp-content\\\/uploads\\\/2022\\\/10\\\/DSC02808.jpg?fit=400%2C300&ssl=1\",\"datePublished\":\"2008-08-17T04:00:00+00:00\",\"dateModified\":\"2022-10-21T21:46:05+00:00\",\"description\":\"So we got \u2018hit\u2019 by the first, and hopefully last, storm of the season \u2013 Tropical depression Fay. In any case, Fay was a wuss. It rained. It poured. We got\",\"breadcrumb\":{\"@id\":\"https:\\\/\\\/casadecampoliving.com\\\/es\\\/fay-shmey\\\/#breadcrumb\"},\"inLanguage\":\"es\",\"potentialAction\":[{\"@type\":\"ReadAction\",\"target\":[\"https:\\\/\\\/casadecampoliving.com\\\/es\\\/fay-shmey\\\/\"]}]},{\"@type\":\"ImageObject\",\"inLanguage\":\"es\",\"@id\":\"https:\\\/\\\/casadecampoliving.com\\\/es\\\/fay-shmey\\\/#primaryimage\",\"url\":\"https:\\\/\\\/i0.wp.com\\\/casadecampoliving.com\\\/wp-content\\\/uploads\\\/2022\\\/10\\\/DSC02808.jpg?fit=400%2C300&ssl=1\",\"contentUrl\":\"https:\\\/\\\/i0.wp.com\\\/casadecampoliving.com\\\/wp-content\\\/uploads\\\/2022\\\/10\\\/DSC02808.jpg?fit=400%2C300&ssl=1\",\"width\":400,\"height\":300},{\"@type\":\"BreadcrumbList\",\"@id\":\"https:\\\/\\\/casadecampoliving.com\\\/es\\\/fay-shmey\\\/#breadcrumb\",\"itemListElement\":[{\"@type\":\"ListItem\",\"position\":1,\"name\":\"Home\",\"item\":\"https:\\\/\\\/casadecampoliving.com\\\/es\\\/\"},{\"@type\":\"ListItem\",\"position\":2,\"name\":\"Fay, shmey.\"}]},{\"@type\":\"WebSite\",\"@id\":\"https:\\\/\\\/casadecampoliving.com\\\/es\\\/#website\",\"url\":\"https:\\\/\\\/casadecampoliving.com\\\/es\\\/\",\"name\":\"Casa de Campo Living\",\"description\":\"Resort community news and resources.\",\"publisher\":{\"@id\":\"https:\\\/\\\/casadecampoliving.com\\\/es\\\/#organization\"},\"potentialAction\":[{\"@type\":\"SearchAction\",\"target\":{\"@type\":\"EntryPoint\",\"urlTemplate\":\"https:\\\/\\\/casadecampoliving.com\\\/es\\\/?s={search_term_string}\"},\"query-input\":{\"@type\":\"PropertyValueSpecification\",\"valueRequired\":true,\"valueName\":\"search_term_string\"}}],\"inLanguage\":\"es\"},{\"@type\":\"Organization\",\"@id\":\"https:\\\/\\\/casadecampoliving.com\\\/es\\\/#organization\",\"name\":\"Casa de Campo Living\",\"url\":\"https:\\\/\\\/casadecampoliving.com\\\/es\\\/\",\"logo\":{\"@type\":\"ImageObject\",\"inLanguage\":\"es\",\"@id\":\"https:\\\/\\\/casadecampoliving.com\\\/es\\\/#\\\/schema\\\/logo\\\/image\\\/\",\"url\":\"https:\\\/\\\/i0.wp.com\\\/casadecampoliving.com\\\/wp-content\\\/uploads\\\/2022\\\/07\\\/CDCLivingLogo_V1-white-sized.png?fit=800%2C214&ssl=1\",\"contentUrl\":\"https:\\\/\\\/i0.wp.com\\\/casadecampoliving.com\\\/wp-content\\\/uploads\\\/2022\\\/07\\\/CDCLivingLogo_V1-white-sized.png?fit=800%2C214&ssl=1\",\"width\":800,\"height\":214,\"caption\":\"Casa de Campo Living\"},\"image\":{\"@id\":\"https:\\\/\\\/casadecampoliving.com\\\/es\\\/#\\\/schema\\\/logo\\\/image\\\/\"},\"sameAs\":[\"https:\\\/\\\/www.facebook.com\\\/casadecampoliving\",\"https:\\\/\\\/x.com\\\/cdcliving\"]},{\"@type\":\"Person\",\"@id\":\"https:\\\/\\\/casadecampoliving.com\\\/es\\\/#\\\/schema\\\/person\\\/6777daad22b2d75f00d60dff6798f994\",\"name\":\"Mr B\",\"image\":{\"@type\":\"ImageObject\",\"inLanguage\":\"es\",\"@id\":\"https:\\\/\\\/secure.gravatar.com\\\/avatar\\\/a6081966dadc36da8930069678823cea59d9084eb1da84bf7f94ea86ad9119f8?s=96&d=mm&r=g\",\"url\":\"https:\\\/\\\/secure.gravatar.com\\\/avatar\\\/a6081966dadc36da8930069678823cea59d9084eb1da84bf7f94ea86ad9119f8?s=96&d=mm&r=g\",\"contentUrl\":\"https:\\\/\\\/secure.gravatar.com\\\/avatar\\\/a6081966dadc36da8930069678823cea59d9084eb1da84bf7f94ea86ad9119f8?s=96&d=mm&r=g\",\"caption\":\"Mr B\"},\"url\":\"https:\\\/\\\/casadecampoliving.com\\\/es\\\/author\\\/rbournigal\\\/\"}]}<\/script>\n<!-- \/ Yoast SEO plugin. -->","yoast_head_json":{"title":"Fay, shmey. | Casa de Campo Living","description":"So we got \u2018hit\u2019 by the first, and hopefully last, storm of the season \u2013 Tropical depression Fay. In any case, Fay was a wuss. It rained. It poured. We got","robots":{"index":"index","follow":"follow","max-snippet":"max-snippet:-1","max-image-preview":"max-image-preview:large","max-video-preview":"max-video-preview:-1"},"canonical":"https:\/\/casadecampoliving.com\/es\/fay-shmey\/","og_locale":"es_ES","og_type":"article","og_title":"Fay, shmey. | Casa de Campo Living","og_description":"So we got \u2018hit\u2019 by the first, and hopefully last, storm of the season \u2013 Tropical depression Fay. In any case, Fay was a wuss. It rained. It poured. We got","og_url":"https:\/\/casadecampoliving.com\/es\/fay-shmey\/","og_site_name":"Casa de Campo Living","article_publisher":"https:\/\/www.facebook.com\/casadecampoliving","article_published_time":"2008-08-17T04:00:00+00:00","article_modified_time":"2022-10-21T21:46:05+00:00","og_image":[{"width":400,"height":300,"url":"https:\/\/i0.wp.com\/casadecampoliving.com\/wp-content\/uploads\/2022\/10\/DSC02808.jpg?fit=400%2C300&ssl=1","type":"image\/jpeg"}],"author":"Mr B","twitter_card":"summary_large_image","twitter_creator":"@cdcliving","twitter_site":"@cdcliving","twitter_misc":{"Escrito por":"Mr B","Tiempo de lectura":"1 minuto"},"schema":{"@context":"https:\/\/schema.org","@graph":[{"@type":"Article","@id":"https:\/\/casadecampoliving.com\/es\/fay-shmey\/#article","isPartOf":{"@id":"https:\/\/casadecampoliving.com\/es\/fay-shmey\/"},"author":{"name":"Mr B","@id":"https:\/\/casadecampoliving.com\/es\/#\/schema\/person\/6777daad22b2d75f00d60dff6798f994"},"headline":"Fay, shmey.","datePublished":"2008-08-17T04:00:00+00:00","dateModified":"2022-10-21T21:46:05+00:00","mainEntityOfPage":{"@id":"https:\/\/casadecampoliving.com\/es\/fay-shmey\/"},"wordCount":141,"publisher":{"@id":"https:\/\/casadecampoliving.com\/es\/#organization"},"image":{"@id":"https:\/\/casadecampoliving.com\/es\/fay-shmey\/#primaryimage"},"thumbnailUrl":"https:\/\/i0.wp.com\/casadecampoliving.com\/wp-content\/uploads\/2022\/10\/DSC02808.jpg?fit=400%2C300&ssl=1","keywords":["Weather"],"articleSection":["Uncategorized"],"inLanguage":"es"},{"@type":"WebPage","@id":"https:\/\/casadecampoliving.com\/es\/fay-shmey\/","url":"https:\/\/casadecampoliving.com\/es\/fay-shmey\/","name":"Fay, shmey. | Casa de Campo Living","isPartOf":{"@id":"https:\/\/casadecampoliving.com\/es\/#website"},"primaryImageOfPage":{"@id":"https:\/\/casadecampoliving.com\/es\/fay-shmey\/#primaryimage"},"image":{"@id":"https:\/\/casadecampoliving.com\/es\/fay-shmey\/#primaryimage"},"thumbnailUrl":"https:\/\/i0.wp.com\/casadecampoliving.com\/wp-content\/uploads\/2022\/10\/DSC02808.jpg?fit=400%2C300&ssl=1","datePublished":"2008-08-17T04:00:00+00:00","dateModified":"2022-10-21T21:46:05+00:00","description":"So we got \u2018hit\u2019 by the first, and hopefully last, storm of the season \u2013 Tropical depression Fay. In any case, Fay was a wuss. It rained. It poured. We got","breadcrumb":{"@id":"https:\/\/casadecampoliving.com\/es\/fay-shmey\/#breadcrumb"},"inLanguage":"es","potentialAction":[{"@type":"ReadAction","target":["https:\/\/casadecampoliving.com\/es\/fay-shmey\/"]}]},{"@type":"ImageObject","inLanguage":"es","@id":"https:\/\/casadecampoliving.com\/es\/fay-shmey\/#primaryimage","url":"https:\/\/i0.wp.com\/casadecampoliving.com\/wp-content\/uploads\/2022\/10\/DSC02808.jpg?fit=400%2C300&ssl=1","contentUrl":"https:\/\/i0.wp.com\/casadecampoliving.com\/wp-content\/uploads\/2022\/10\/DSC02808.jpg?fit=400%2C300&ssl=1","width":400,"height":300},{"@type":"BreadcrumbList","@id":"https:\/\/casadecampoliving.com\/es\/fay-shmey\/#breadcrumb","itemListElement":[{"@type":"ListItem","position":1,"name":"Home","item":"https:\/\/casadecampoliving.com\/es\/"},{"@type":"ListItem","position":2,"name":"Fay, shmey."}]},{"@type":"WebSite","@id":"https:\/\/casadecampoliving.com\/es\/#website","url":"https:\/\/casadecampoliving.com\/es\/","name":"Casa de Campo Living","description":"Resort community news and resources.","publisher":{"@id":"https:\/\/casadecampoliving.com\/es\/#organization"},"potentialAction":[{"@type":"SearchAction","target":{"@type":"EntryPoint","urlTemplate":"https:\/\/casadecampoliving.com\/es\/?s={search_term_string}"},"query-input":{"@type":"PropertyValueSpecification","valueRequired":true,"valueName":"search_term_string"}}],"inLanguage":"es"},{"@type":"Organization","@id":"https:\/\/casadecampoliving.com\/es\/#organization","name":"Casa de Campo Living","url":"https:\/\/casadecampoliving.com\/es\/","logo":{"@type":"ImageObject","inLanguage":"es","@id":"https:\/\/casadecampoliving.com\/es\/#\/schema\/logo\/image\/","url":"https:\/\/i0.wp.com\/casadecampoliving.com\/wp-content\/uploads\/2022\/07\/CDCLivingLogo_V1-white-sized.png?fit=800%2C214&ssl=1","contentUrl":"https:\/\/i0.wp.com\/casadecampoliving.com\/wp-content\/uploads\/2022\/07\/CDCLivingLogo_V1-white-sized.png?fit=800%2C214&ssl=1","width":800,"height":214,"caption":"Casa de Campo Living"},"image":{"@id":"https:\/\/casadecampoliving.com\/es\/#\/schema\/logo\/image\/"},"sameAs":["https:\/\/www.facebook.com\/casadecampoliving","https:\/\/x.com\/cdcliving"]},{"@type":"Person","@id":"https:\/\/casadecampoliving.com\/es\/#\/schema\/person\/6777daad22b2d75f00d60dff6798f994","name":"Mr B","image":{"@type":"ImageObject","inLanguage":"es","@id":"https:\/\/secure.gravatar.com\/avatar\/a6081966dadc36da8930069678823cea59d9084eb1da84bf7f94ea86ad9119f8?s=96&d=mm&r=g","url":"https:\/\/secure.gravatar.com\/avatar\/a6081966dadc36da8930069678823cea59d9084eb1da84bf7f94ea86ad9119f8?s=96&d=mm&r=g","contentUrl":"https:\/\/secure.gravatar.com\/avatar\/a6081966dadc36da8930069678823cea59d9084eb1da84bf7f94ea86ad9119f8?s=96&d=mm&r=g","caption":"Mr B"},"url":"https:\/\/casadecampoliving.com\/es\/author\/rbournigal\/"}]}},"parsely":{"version":"1.1.0","canonical_url":"https:\/\/casadecampoliving.com\/es\/fay-shmey\/","smart_links":{"inbound":0,"outbound":0},"traffic_boost_suggestions_count":0,"meta":{"@context":"https:\/\/schema.org","@type":"NewsArticle","headline":"Fay, shmey.","url":"http:\/\/casadecampoliving.com\/es\/fay-shmey\/","mainEntityOfPage":{"@type":"WebPage","@id":"http:\/\/casadecampoliving.com\/es\/fay-shmey\/"},"thumbnailUrl":"https:\/\/i0.wp.com\/casadecampoliving.com\/wp-content\/uploads\/2022\/10\/DSC02808.jpg?resize=150%2C150&ssl=1","image":{"@type":"ImageObject","url":"https:\/\/i0.wp.com\/casadecampoliving.com\/wp-content\/uploads\/2022\/10\/DSC02808.jpg?fit=400%2C300&ssl=1"},"articleSection":"Uncategorized","author":[{"@type":"Person","name":"Mr B"}],"creator":["Mr B"],"publisher":{"@type":"Organization","name":"Casa de Campo Living","logo":"https:\/\/casadecampoliving.com\/wp-content\/uploads\/2022\/07\/CDCLivingLogo_V1-white-sized.png"},"keywords":["weather"],"dateCreated":"2008-08-17T04:00:00Z","datePublished":"2008-08-17T04:00:00Z","dateModified":"2022-10-21T21:46:05Z"},"rendered":"<script type=\"application\/ld+json\" class=\"wp-parsely-metadata\">{\"@context\":\"https:\\\/\\\/schema.org\",\"@type\":\"NewsArticle\",\"headline\":\"Fay, shmey.\",\"url\":\"http:\\\/\\\/casadecampoliving.com\\\/es\\\/fay-shmey\\\/\",\"mainEntityOfPage\":{\"@type\":\"WebPage\",\"@id\":\"http:\\\/\\\/casadecampoliving.com\\\/es\\\/fay-shmey\\\/\"},\"thumbnailUrl\":\"https:\\\/\\\/i0.wp.com\\\/casadecampoliving.com\\\/wp-content\\\/uploads\\\/2022\\\/10\\\/DSC02808.jpg?resize=150%2C150&ssl=1\",\"image\":{\"@type\":\"ImageObject\",\"url\":\"https:\\\/\\\/i0.wp.com\\\/casadecampoliving.com\\\/wp-content\\\/uploads\\\/2022\\\/10\\\/DSC02808.jpg?fit=400%2C300&ssl=1\"},\"articleSection\":\"Uncategorized\",\"author\":[{\"@type\":\"Person\",\"name\":\"Mr B\"}],\"creator\":[\"Mr B\"],\"publisher\":{\"@type\":\"Organization\",\"name\":\"Casa de Campo Living\",\"logo\":\"https:\\\/\\\/casadecampoliving.com\\\/wp-content\\\/uploads\\\/2022\\\/07\\\/CDCLivingLogo_V1-white-sized.png\"},\"keywords\":[\"weather\"],\"dateCreated\":\"2008-08-17T04:00:00Z\",\"datePublished\":\"2008-08-17T04:00:00Z\",\"dateModified\":\"2022-10-21T21:46:05Z\"}<\/script>","tracker_url":"https:\/\/cdn.parsely.com\/keys\/casadecampoliving.com\/p.js"},"jetpack_publicize_connections":[],"jetpack_featured_media_url":"https:\/\/i0.wp.com\/casadecampoliving.com\/wp-content\/uploads\/2022\/10\/DSC02808.jpg?fit=400%2C300&ssl=1","jetpack-related-posts":[{"id":315963,"url":"https:\/\/casadecampoliving.com\/es\/something-to-be-thankful-for-end-of-hurricane-season\/","url_meta":{"origin":315814,"position":0},"title":"Something to be Thankful for &#8211; End of Hurricane Season","author":"Mr B","date":"27 Nov, 2008","format":false,"excerpt":"While its techincally not really over till the 1st of December, we\u2019re going to go ahead and be the first ones to call it. THE 2008 HURRICANE SEASON IS OVER!!!\u00a0 We\u2019ve been lucky this year, so today of all days is a good one to really give thanks for the\u2026","rel":"","context":"En \u00abAltos de Chavon\u00bb","block_context":{"text":"Altos de Chavon","link":"https:\/\/casadecampoliving.com\/category\/altos-de-chavon\/"},"img":{"alt_text":"","src":"https:\/\/i0.wp.com\/casadecampoliving.com\/wp-content\/uploads\/2022\/10\/hurricane-1.jpg?fit=400%2C251&ssl=1&resize=350%2C200","width":350,"height":200},"classes":[]},{"id":323561,"url":"https:\/\/casadecampoliving.com\/hurricane-season-2014-expected-little-less-active-normal\/","url_meta":{"origin":315814,"position":1},"title":"Hurricane Season 2014 expected to be \u00abless active\u00bb","author":"Rebecca Silvestri","date":"16 May, 2014","format":false,"excerpt":"In just 2 weeks, on Sunday the 1st of June the 2014 Atlantic Hurricane Season will start, so what can we expect for the coming months? Despite common misconceptions, the \u201cdreaded\u201d hurricane season is actually not too bad at all here in the Dominican Republic. First of all, it is\u2026","rel":"","context":"En \u00abBeyond Casa\u00bb","block_context":{"text":"Beyond Casa","link":"https:\/\/casadecampoliving.com\/category\/beyond-casa\/"},"img":{"alt_text":"Hurricane Season Dominican Republic","src":"https:\/\/i0.wp.com\/casadecampoliving.com\/wp-content\/uploads\/2022\/10\/hurricane_season_dominican_republic-1.jpg?fit=800%2C600&ssl=1&resize=350%2C200","width":350,"height":200,"srcset":"https:\/\/i0.wp.com\/casadecampoliving.com\/wp-content\/uploads\/2022\/10\/hurricane_season_dominican_republic-1.jpg?fit=800%2C600&ssl=1&resize=350%2C200 1x, https:\/\/i0.wp.com\/casadecampoliving.com\/wp-content\/uploads\/2022\/10\/hurricane_season_dominican_republic-1.jpg?fit=800%2C600&ssl=1&resize=525%2C300 1.5x, https:\/\/i0.wp.com\/casadecampoliving.com\/wp-content\/uploads\/2022\/10\/hurricane_season_dominican_republic-1.jpg?fit=800%2C600&ssl=1&resize=700%2C400 2x"},"classes":[]},{"id":331879,"url":"https:\/\/casadecampoliving.com\/what-to-expect-this-hurricane-season-2020\/","url_meta":{"origin":315814,"position":2},"title":"What to expect this Hurricane Season 2020","author":"Casa de Campo Living","date":"15 Jun, 2020","format":false,"excerpt":"The 2020 \u201cHurricane Season\u201d officially began on June 1st. Some of you might question how is that possible since it\u2019s been so incredibly hot lately?! Well, coming into hurricane season doesn\u2019t mean constant rain \u2014 it just means that when it does rain it\u2019ll be stronger and more consistent than\u2026","rel":"","context":"En \u00abCasa de Campo Living\u00bb","block_context":{"text":"Casa de Campo Living","link":"https:\/\/casadecampoliving.com\/category\/casa-de-campo-living\/"},"img":{"alt_text":"","src":"https:\/\/i0.wp.com\/casadecampoliving.com\/wp-content\/uploads\/2022\/10\/Hurricane-season-1.jpg?fit=1000%2C600&ssl=1&resize=350%2C200","width":350,"height":200,"srcset":"https:\/\/i0.wp.com\/casadecampoliving.com\/wp-content\/uploads\/2022\/10\/Hurricane-season-1.jpg?fit=1000%2C600&ssl=1&resize=350%2C200 1x, https:\/\/i0.wp.com\/casadecampoliving.com\/wp-content\/uploads\/2022\/10\/Hurricane-season-1.jpg?fit=1000%2C600&ssl=1&resize=525%2C300 1.5x, https:\/\/i0.wp.com\/casadecampoliving.com\/wp-content\/uploads\/2022\/10\/Hurricane-season-1.jpg?fit=1000%2C600&ssl=1&resize=700%2C400 2x"},"classes":[]},{"id":344397,"url":"https:\/\/casadecampoliving.com\/es\/temporada-huracanes-2014\/","url_meta":{"origin":315814,"position":3},"title":"Se espera una Temporada de Huracanes 2014 \u00abrelativamente lenta\u00bb","author":"Perkin Agramonte","date":"16 May, 2014","format":false,"excerpt":"En tan solo 2 semanas, el domingo 1ro de junio 2014, se inicia la Temporada de Huracanes Tropicales, entonces, \u00bfQu\u00e9 podemos esperar en los pr\u00f3ximos meses? A pesar de las comunes proposiciones err\u00f3neas, la \u201ctemida\u201d temporada de huracanes ha dejado de ser tan desastrosa aqu\u00ed en la Rep\u00fablica Dominicana. Antes\u2026","rel":"","context":"En \u00abCasa de Campo Living @es\u00bb","block_context":{"text":"Casa de Campo Living @es","link":"https:\/\/casadecampoliving.com\/category\/casa-de-campo-living-es\/"},"img":{"alt_text":"Hurricane Season Dominican Republic","src":"https:\/\/i0.wp.com\/casadecampoliving.com\/wp-content\/uploads\/2022\/10\/hurricane_season_dominican_republic-1.jpg?fit=800%2C600&ssl=1&resize=350%2C200","width":350,"height":200,"srcset":"https:\/\/i0.wp.com\/casadecampoliving.com\/wp-content\/uploads\/2022\/10\/hurricane_season_dominican_republic-1.jpg?fit=800%2C600&ssl=1&resize=350%2C200 1x, https:\/\/i0.wp.com\/casadecampoliving.com\/wp-content\/uploads\/2022\/10\/hurricane_season_dominican_republic-1.jpg?fit=800%2C600&ssl=1&resize=525%2C300 1.5x, https:\/\/i0.wp.com\/casadecampoliving.com\/wp-content\/uploads\/2022\/10\/hurricane_season_dominican_republic-1.jpg?fit=800%2C600&ssl=1&resize=700%2C400 2x"},"classes":[]},{"id":325820,"url":"https:\/\/casadecampoliving.com\/hurricane-season-2015-predictions\/","url_meta":{"origin":315814,"position":4},"title":"Hurricane Season 2015 expected to be \u00abless active\u00bb","author":"Rebecca Silvestri","date":"31 May, 2015","format":false,"excerpt":"On the brink of the start of Atlantic Hurricane Season 2015, we thought you may be interested to know that predictions indicate fewer hurricanes and storms than average. Despite common misconceptions, the \u201cdreaded\u201d hurricane season is actually not so\u00a0bad here in the Dominican Republic. During a typical hurricane it\u2019s still\u2026","rel":"","context":"En \u00abAltos de Chavon\u00bb","block_context":{"text":"Altos de Chavon","link":"https:\/\/casadecampoliving.com\/category\/altos-de-chavon\/"},"img":{"alt_text":"Atlantic Hurricane Season, Altos de Chavon","src":"https:\/\/i0.wp.com\/casadecampoliving.com\/wp-content\/uploads\/2022\/10\/Atlantic-Hurricane-Season_Altos_de_Chavon-1.jpg?fit=800%2C600&ssl=1&resize=350%2C200","width":350,"height":200,"srcset":"https:\/\/i0.wp.com\/casadecampoliving.com\/wp-content\/uploads\/2022\/10\/Atlantic-Hurricane-Season_Altos_de_Chavon-1.jpg?fit=800%2C600&ssl=1&resize=350%2C200 1x, https:\/\/i0.wp.com\/casadecampoliving.com\/wp-content\/uploads\/2022\/10\/Atlantic-Hurricane-Season_Altos_de_Chavon-1.jpg?fit=800%2C600&ssl=1&resize=525%2C300 1.5x, https:\/\/i0.wp.com\/casadecampoliving.com\/wp-content\/uploads\/2022\/10\/Atlantic-Hurricane-Season_Altos_de_Chavon-1.jpg?fit=800%2C600&ssl=1&resize=700%2C400 2x"},"classes":[]},{"id":322654,"url":"https:\/\/casadecampoliving.com\/slow-start-2013-hurricane-season\/","url_meta":{"origin":315814,"position":5},"title":"A slow start to the 2013 hurricane season","author":"Rebecca Silvestri","date":"30 Ago, 2013","format":false,"excerpt":"By the end of this week, we will be half way through the 2013 hurricane season, and while we\u2019ve seen a few tropical storms, no hurricanes are yet to develop. So what is going on? So far this hurricane season, we have seen 6 named tropical storms, but none have\u2026","rel":"","context":"En \u00abDominican Republic\u00bb","block_context":{"text":"Dominican Republic","link":"https:\/\/casadecampoliving.com\/category\/dominican-republic\/"},"img":{"alt_text":"Minitas Beach Casa de Campo","src":"https:\/\/i0.wp.com\/casadecampoliving.com\/wp-content\/uploads\/2022\/10\/minitas_beach1-5.jpg?fit=650%2C348&ssl=1&resize=350%2C200","width":350,"height":200,"srcset":"https:\/\/i0.wp.com\/casadecampoliving.com\/wp-content\/uploads\/2022\/10\/minitas_beach1-5.jpg?fit=650%2C348&ssl=1&resize=350%2C200 1x, https:\/\/i0.wp.com\/casadecampoliving.com\/wp-content\/uploads\/2022\/10\/minitas_beach1-5.jpg?fit=650%2C348&ssl=1&resize=525%2C300 1.5x"},"classes":[]}],"jetpack_sharing_enabled":true,"_links":{"self":[{"href":"https:\/\/casadecampoliving.com\/es\/wp-json\/wp\/v2\/posts\/315814","targetHints":{"allow":["GET"]}}],"collection":[{"href":"https:\/\/casadecampoliving.com\/es\/wp-json\/wp\/v2\/posts"}],"about":[{"href":"https:\/\/casadecampoliving.com\/es\/wp-json\/wp\/v2\/types\/post"}],"author":[{"embeddable":true,"href":"https:\/\/casadecampoliving.com\/es\/wp-json\/wp\/v2\/users\/11"}],"replies":[{"embeddable":true,"href":"https:\/\/casadecampoliving.com\/es\/wp-json\/wp\/v2\/comments?post=315814"}],"version-history":[{"count":0,"href":"https:\/\/casadecampoliving.com\/es\/wp-json\/wp\/v2\/posts\/315814\/revisions"}],"wp:featuredmedia":[{"embeddable":true,"href":"https:\/\/casadecampoliving.com\/es\/wp-json\/wp\/v2\/media\/212764"}],"wp:attachment":[{"href":"https:\/\/casadecampoliving.com\/es\/wp-json\/wp\/v2\/media?parent=315814"}],"wp:term":[{"taxonomy":"category","embeddable":true,"href":"https:\/\/casadecampoliving.com\/es\/wp-json\/wp\/v2\/categories?post=315814"},{"taxonomy":"post_tag","embeddable":true,"href":"https:\/\/casadecampoliving.com\/es\/wp-json\/wp\/v2\/tags?post=315814"},{"taxonomy":"newspack_spnsrs_tax","embeddable":true,"href":"https:\/\/casadecampoliving.com\/es\/wp-json\/wp\/v2\/newspack_spnsrs_tax?post=315814"}],"curies":[{"name":"wp","href":"https:\/\/api.w.org\/{rel}","templated":true}]}}