{"id":315805,"date":"2008-07-25T00:00:00","date_gmt":"2008-07-25T04:00:00","guid":{"rendered":"https:\/\/casadecampoliving.com\/bibi-leon-and-jenny-polanco-now-in-altos-de-chavon\/"},"modified":"2022-10-21T17:45:30","modified_gmt":"2022-10-21T21:45:30","slug":"bibi-leon-and-jenny-polanco-now-in-altos-de-chavon","status":"publish","type":"post","link":"https:\/\/casadecampoliving.com\/es\/bibi-leon-and-jenny-polanco-now-in-altos-de-chavon\/","title":{"rendered":"Bibi Leon and Jenny Polanco now in Altos de Chavon"},"content":{"rendered":"\n<figure class=\"wp-block-image\"><a href=\"https:\/\/i0.wp.com\/4.bp.blogspot.com\/_DdCmL2nv294\/SIoMeKsvzQI\/AAAAAAAAAC4\/YyUReRWddss\/s1600-h\/DSC02336.JPG\"><img decoding=\"async\" src=\"https:\/\/i0.wp.com\/4.bp.blogspot.com\/_DdCmL2nv294\/SIoMeKsvzQI\/AAAAAAAAAC4\/YyUReRWddss\/s400\/DSC02336.JPG\" alt=\"\"\/><\/a><\/figure>\n\n\n\n<p>A small yet very chic store has opened up in Altos de Chavon, selling clothing from local fashion designer (and Casa de Campo resident) Jenny Polanco. While the store is small \u2013 very small, you can get a few items there. Otherwise, you can also try her much bigger store down at the Casa de Campo Marina.<\/p>\n\n\n\n<p>Both stores also offer hand painted artworks created by another artist and resident Bibi Leon.<\/p>\n","protected":false},"excerpt":{"rendered":"<p>A small yet very chic store has opened up in Altos de Chavon, selling clothing from local fashion designer (and Casa de Campo resident) Jenny Polanco. While the store is small \u2013 very small, you can get a few items there. Otherwise, you can also try her much bigger store down at the Casa de [&hellip;]<\/p>\n","protected":false},"author":11,"featured_media":0,"comment_status":"closed","ping_status":"open","sticky":false,"template":"","format":"standard","meta":{"newspack_ads_suppress_ads":false,"newspack_popups_has_disabled_popups":false,"newspack_sponsor_sponsorship_scope":"","newspack_sponsor_native_byline_display":"inherit","newspack_sponsor_native_category_display":"inherit","newspack_sponsor_underwriter_style":"inherit","newspack_sponsor_underwriter_placement":"inherit","_newspack_byline_active":false,"_newspack_byline":"","newspack_hide_updated_date":false,"newspack_show_updated_date":false,"newspack_content_restriction_is_exempt":false,"newspack_featured_image_position":"","newspack_post_subtitle":"","newspack_article_summary_title":"Overview:","newspack_article_summary":"","_jetpack_memberships_contains_paid_content":false,"footnotes":"","jetpack_publicize_message":"","jetpack_publicize_feature_enabled":true,"jetpack_social_post_already_shared":false,"jetpack_social_options":{"image_generator_settings":{"template":"highway","default_image_id":0,"font":"","enabled":false},"version":2},"_wpas_customize_per_network":false},"categories":[56,14625,47],"tags":[3575,3573,13815],"newspack_spnsrs_tax":[],"class_list":["post-315805","post","type-post","status-publish","format-standard","hentry","category-altos-de-chavon","category-noticias-locales","category-marina-casa-de-campo","tag-altos-de-chavon-es-2","tag-marina-casa-de-campo-es","tag-shopping","entry"],"yoast_head":"<!-- This site is optimized with the Yoast SEO plugin v27.5 - https:\/\/yoast.com\/product\/yoast-seo-wordpress\/ -->\n<title>Bibi Leon and Jenny Polanco now in Altos de Chavon | Casa de Campo Living<\/title>\n<meta name=\"description\" content=\"A small yet very chic store has opened up in Altos de Chavon, selling clothing from local fashion designer (and Casa de Campo resident) Jenny Polanco.\" \/>\n<meta name=\"robots\" content=\"index, follow, max-snippet:-1, max-image-preview:large, max-video-preview:-1\" \/>\n<link rel=\"canonical\" href=\"https:\/\/casadecampoliving.com\/es\/bibi-leon-and-jenny-polanco-now-in-altos-de-chavon\/\" \/>\n<meta property=\"og:locale\" content=\"es_ES\" \/>\n<meta property=\"og:type\" content=\"article\" \/>\n<meta property=\"og:title\" content=\"Bibi Leon and Jenny Polanco now in Altos de Chavon | Casa de Campo Living\" \/>\n<meta property=\"og:description\" content=\"A small yet very chic store has opened up in Altos de Chavon, selling clothing from local fashion designer (and Casa de Campo resident) Jenny Polanco.\" \/>\n<meta property=\"og:url\" content=\"https:\/\/casadecampoliving.com\/es\/bibi-leon-and-jenny-polanco-now-in-altos-de-chavon\/\" \/>\n<meta property=\"og:site_name\" content=\"Casa de Campo Living\" \/>\n<meta property=\"article:publisher\" content=\"https:\/\/www.facebook.com\/casadecampoliving\" \/>\n<meta property=\"article:published_time\" content=\"2008-07-25T04:00:00+00:00\" \/>\n<meta property=\"article:modified_time\" content=\"2022-10-21T21:45:30+00:00\" \/>\n<meta property=\"og:image\" content=\"https:\/\/i0.wp.com\/4.bp.blogspot.com\/_DdCmL2nv294\/SIoMeKsvzQI\/AAAAAAAAAC4\/YyUReRWddss\/s400\/DSC02336.JPG\" \/>\n<meta name=\"author\" content=\"Mr B\" \/>\n<meta name=\"twitter:card\" content=\"summary_large_image\" \/>\n<meta name=\"twitter:creator\" content=\"@cdcliving\" \/>\n<meta name=\"twitter:site\" content=\"@cdcliving\" \/>\n<meta name=\"twitter:label1\" content=\"Escrito por\" \/>\n\t<meta name=\"twitter:data1\" content=\"Mr B\" \/>\n<script type=\"application\/ld+json\" class=\"yoast-schema-graph\">{\"@context\":\"https:\\\/\\\/schema.org\",\"@graph\":[{\"@type\":\"Article\",\"@id\":\"https:\\\/\\\/casadecampoliving.com\\\/es\\\/bibi-leon-and-jenny-polanco-now-in-altos-de-chavon\\\/#article\",\"isPartOf\":{\"@id\":\"https:\\\/\\\/casadecampoliving.com\\\/es\\\/bibi-leon-and-jenny-polanco-now-in-altos-de-chavon\\\/\"},\"author\":{\"name\":\"Mr B\",\"@id\":\"https:\\\/\\\/casadecampoliving.com\\\/es\\\/#\\\/schema\\\/person\\\/6777daad22b2d75f00d60dff6798f994\"},\"headline\":\"Bibi Leon and Jenny Polanco now in Altos de Chavon\",\"datePublished\":\"2008-07-25T04:00:00+00:00\",\"dateModified\":\"2022-10-21T21:45:30+00:00\",\"mainEntityOfPage\":{\"@id\":\"https:\\\/\\\/casadecampoliving.com\\\/es\\\/bibi-leon-and-jenny-polanco-now-in-altos-de-chavon\\\/\"},\"wordCount\":81,\"publisher\":{\"@id\":\"https:\\\/\\\/casadecampoliving.com\\\/es\\\/#organization\"},\"image\":{\"@id\":\"https:\\\/\\\/casadecampoliving.com\\\/es\\\/bibi-leon-and-jenny-polanco-now-in-altos-de-chavon\\\/#primaryimage\"},\"thumbnailUrl\":\"https:\\\/\\\/i0.wp.com\\\/4.bp.blogspot.com\\\/_DdCmL2nv294\\\/SIoMeKsvzQI\\\/AAAAAAAAAC4\\\/YyUReRWddss\\\/s400\\\/DSC02336.JPG\",\"keywords\":[\"Altos de Chavon -es\",\"Marina Casa de Campo @es\",\"Shopping\"],\"articleSection\":[\"Altos de Chavon\",\"Noticias Locales\",\"Marina Casa de Campo\"],\"inLanguage\":\"es\"},{\"@type\":\"WebPage\",\"@id\":\"https:\\\/\\\/casadecampoliving.com\\\/es\\\/bibi-leon-and-jenny-polanco-now-in-altos-de-chavon\\\/\",\"url\":\"https:\\\/\\\/casadecampoliving.com\\\/es\\\/bibi-leon-and-jenny-polanco-now-in-altos-de-chavon\\\/\",\"name\":\"Bibi Leon and Jenny Polanco now in Altos de Chavon | Casa de Campo Living\",\"isPartOf\":{\"@id\":\"https:\\\/\\\/casadecampoliving.com\\\/es\\\/#website\"},\"primaryImageOfPage\":{\"@id\":\"https:\\\/\\\/casadecampoliving.com\\\/es\\\/bibi-leon-and-jenny-polanco-now-in-altos-de-chavon\\\/#primaryimage\"},\"image\":{\"@id\":\"https:\\\/\\\/casadecampoliving.com\\\/es\\\/bibi-leon-and-jenny-polanco-now-in-altos-de-chavon\\\/#primaryimage\"},\"thumbnailUrl\":\"https:\\\/\\\/i0.wp.com\\\/4.bp.blogspot.com\\\/_DdCmL2nv294\\\/SIoMeKsvzQI\\\/AAAAAAAAAC4\\\/YyUReRWddss\\\/s400\\\/DSC02336.JPG\",\"datePublished\":\"2008-07-25T04:00:00+00:00\",\"dateModified\":\"2022-10-21T21:45:30+00:00\",\"description\":\"A small yet very chic store has opened up in Altos de Chavon, selling clothing from local fashion designer (and Casa de Campo resident) Jenny Polanco.\",\"breadcrumb\":{\"@id\":\"https:\\\/\\\/casadecampoliving.com\\\/es\\\/bibi-leon-and-jenny-polanco-now-in-altos-de-chavon\\\/#breadcrumb\"},\"inLanguage\":\"es\",\"potentialAction\":[{\"@type\":\"ReadAction\",\"target\":[\"https:\\\/\\\/casadecampoliving.com\\\/es\\\/bibi-leon-and-jenny-polanco-now-in-altos-de-chavon\\\/\"]}]},{\"@type\":\"ImageObject\",\"inLanguage\":\"es\",\"@id\":\"https:\\\/\\\/casadecampoliving.com\\\/es\\\/bibi-leon-and-jenny-polanco-now-in-altos-de-chavon\\\/#primaryimage\",\"url\":\"https:\\\/\\\/i0.wp.com\\\/4.bp.blogspot.com\\\/_DdCmL2nv294\\\/SIoMeKsvzQI\\\/AAAAAAAAAC4\\\/YyUReRWddss\\\/s400\\\/DSC02336.JPG\",\"contentUrl\":\"https:\\\/\\\/i0.wp.com\\\/4.bp.blogspot.com\\\/_DdCmL2nv294\\\/SIoMeKsvzQI\\\/AAAAAAAAAC4\\\/YyUReRWddss\\\/s400\\\/DSC02336.JPG\"},{\"@type\":\"BreadcrumbList\",\"@id\":\"https:\\\/\\\/casadecampoliving.com\\\/es\\\/bibi-leon-and-jenny-polanco-now-in-altos-de-chavon\\\/#breadcrumb\",\"itemListElement\":[{\"@type\":\"ListItem\",\"position\":1,\"name\":\"Home\",\"item\":\"https:\\\/\\\/casadecampoliving.com\\\/es\\\/\"},{\"@type\":\"ListItem\",\"position\":2,\"name\":\"Bibi Leon and Jenny Polanco now in Altos de Chavon\"}]},{\"@type\":\"WebSite\",\"@id\":\"https:\\\/\\\/casadecampoliving.com\\\/es\\\/#website\",\"url\":\"https:\\\/\\\/casadecampoliving.com\\\/es\\\/\",\"name\":\"Casa de Campo Living\",\"description\":\"Resort community news and resources.\",\"publisher\":{\"@id\":\"https:\\\/\\\/casadecampoliving.com\\\/es\\\/#organization\"},\"potentialAction\":[{\"@type\":\"SearchAction\",\"target\":{\"@type\":\"EntryPoint\",\"urlTemplate\":\"https:\\\/\\\/casadecampoliving.com\\\/es\\\/?s={search_term_string}\"},\"query-input\":{\"@type\":\"PropertyValueSpecification\",\"valueRequired\":true,\"valueName\":\"search_term_string\"}}],\"inLanguage\":\"es\"},{\"@type\":\"Organization\",\"@id\":\"https:\\\/\\\/casadecampoliving.com\\\/es\\\/#organization\",\"name\":\"Casa de Campo Living\",\"url\":\"https:\\\/\\\/casadecampoliving.com\\\/es\\\/\",\"logo\":{\"@type\":\"ImageObject\",\"inLanguage\":\"es\",\"@id\":\"https:\\\/\\\/casadecampoliving.com\\\/es\\\/#\\\/schema\\\/logo\\\/image\\\/\",\"url\":\"https:\\\/\\\/i0.wp.com\\\/casadecampoliving.com\\\/wp-content\\\/uploads\\\/2022\\\/07\\\/CDCLivingLogo_V1-white-sized.png?fit=800%2C214&ssl=1\",\"contentUrl\":\"https:\\\/\\\/i0.wp.com\\\/casadecampoliving.com\\\/wp-content\\\/uploads\\\/2022\\\/07\\\/CDCLivingLogo_V1-white-sized.png?fit=800%2C214&ssl=1\",\"width\":800,\"height\":214,\"caption\":\"Casa de Campo Living\"},\"image\":{\"@id\":\"https:\\\/\\\/casadecampoliving.com\\\/es\\\/#\\\/schema\\\/logo\\\/image\\\/\"},\"sameAs\":[\"https:\\\/\\\/www.facebook.com\\\/casadecampoliving\",\"https:\\\/\\\/x.com\\\/cdcliving\"]},{\"@type\":\"Person\",\"@id\":\"https:\\\/\\\/casadecampoliving.com\\\/es\\\/#\\\/schema\\\/person\\\/6777daad22b2d75f00d60dff6798f994\",\"name\":\"Mr B\",\"image\":{\"@type\":\"ImageObject\",\"inLanguage\":\"es\",\"@id\":\"https:\\\/\\\/secure.gravatar.com\\\/avatar\\\/a6081966dadc36da8930069678823cea59d9084eb1da84bf7f94ea86ad9119f8?s=96&d=mm&r=g\",\"url\":\"https:\\\/\\\/secure.gravatar.com\\\/avatar\\\/a6081966dadc36da8930069678823cea59d9084eb1da84bf7f94ea86ad9119f8?s=96&d=mm&r=g\",\"contentUrl\":\"https:\\\/\\\/secure.gravatar.com\\\/avatar\\\/a6081966dadc36da8930069678823cea59d9084eb1da84bf7f94ea86ad9119f8?s=96&d=mm&r=g\",\"caption\":\"Mr B\"},\"url\":\"https:\\\/\\\/casadecampoliving.com\\\/es\\\/author\\\/rbournigal\\\/\"}]}<\/script>\n<!-- \/ Yoast SEO plugin. -->","yoast_head_json":{"title":"Bibi Leon and Jenny Polanco now in Altos de Chavon | Casa de Campo Living","description":"A small yet very chic store has opened up in Altos de Chavon, selling clothing from local fashion designer (and Casa de Campo resident) Jenny Polanco.","robots":{"index":"index","follow":"follow","max-snippet":"max-snippet:-1","max-image-preview":"max-image-preview:large","max-video-preview":"max-video-preview:-1"},"canonical":"https:\/\/casadecampoliving.com\/es\/bibi-leon-and-jenny-polanco-now-in-altos-de-chavon\/","og_locale":"es_ES","og_type":"article","og_title":"Bibi Leon and Jenny Polanco now in Altos de Chavon | Casa de Campo Living","og_description":"A small yet very chic store has opened up in Altos de Chavon, selling clothing from local fashion designer (and Casa de Campo resident) Jenny Polanco.","og_url":"https:\/\/casadecampoliving.com\/es\/bibi-leon-and-jenny-polanco-now-in-altos-de-chavon\/","og_site_name":"Casa de Campo Living","article_publisher":"https:\/\/www.facebook.com\/casadecampoliving","article_published_time":"2008-07-25T04:00:00+00:00","article_modified_time":"2022-10-21T21:45:30+00:00","og_image":[{"url":"https:\/\/i0.wp.com\/4.bp.blogspot.com\/_DdCmL2nv294\/SIoMeKsvzQI\/AAAAAAAAAC4\/YyUReRWddss\/s400\/DSC02336.JPG","type":"","width":"","height":""}],"author":"Mr B","twitter_card":"summary_large_image","twitter_creator":"@cdcliving","twitter_site":"@cdcliving","twitter_misc":{"Escrito por":"Mr B"},"schema":{"@context":"https:\/\/schema.org","@graph":[{"@type":"Article","@id":"https:\/\/casadecampoliving.com\/es\/bibi-leon-and-jenny-polanco-now-in-altos-de-chavon\/#article","isPartOf":{"@id":"https:\/\/casadecampoliving.com\/es\/bibi-leon-and-jenny-polanco-now-in-altos-de-chavon\/"},"author":{"name":"Mr B","@id":"https:\/\/casadecampoliving.com\/es\/#\/schema\/person\/6777daad22b2d75f00d60dff6798f994"},"headline":"Bibi Leon and Jenny Polanco now in Altos de Chavon","datePublished":"2008-07-25T04:00:00+00:00","dateModified":"2022-10-21T21:45:30+00:00","mainEntityOfPage":{"@id":"https:\/\/casadecampoliving.com\/es\/bibi-leon-and-jenny-polanco-now-in-altos-de-chavon\/"},"wordCount":81,"publisher":{"@id":"https:\/\/casadecampoliving.com\/es\/#organization"},"image":{"@id":"https:\/\/casadecampoliving.com\/es\/bibi-leon-and-jenny-polanco-now-in-altos-de-chavon\/#primaryimage"},"thumbnailUrl":"https:\/\/i0.wp.com\/4.bp.blogspot.com\/_DdCmL2nv294\/SIoMeKsvzQI\/AAAAAAAAAC4\/YyUReRWddss\/s400\/DSC02336.JPG","keywords":["Altos de Chavon -es","Marina Casa de Campo @es","Shopping"],"articleSection":["Altos de Chavon","Noticias Locales","Marina Casa de Campo"],"inLanguage":"es"},{"@type":"WebPage","@id":"https:\/\/casadecampoliving.com\/es\/bibi-leon-and-jenny-polanco-now-in-altos-de-chavon\/","url":"https:\/\/casadecampoliving.com\/es\/bibi-leon-and-jenny-polanco-now-in-altos-de-chavon\/","name":"Bibi Leon and Jenny Polanco now in Altos de Chavon | Casa de Campo Living","isPartOf":{"@id":"https:\/\/casadecampoliving.com\/es\/#website"},"primaryImageOfPage":{"@id":"https:\/\/casadecampoliving.com\/es\/bibi-leon-and-jenny-polanco-now-in-altos-de-chavon\/#primaryimage"},"image":{"@id":"https:\/\/casadecampoliving.com\/es\/bibi-leon-and-jenny-polanco-now-in-altos-de-chavon\/#primaryimage"},"thumbnailUrl":"https:\/\/i0.wp.com\/4.bp.blogspot.com\/_DdCmL2nv294\/SIoMeKsvzQI\/AAAAAAAAAC4\/YyUReRWddss\/s400\/DSC02336.JPG","datePublished":"2008-07-25T04:00:00+00:00","dateModified":"2022-10-21T21:45:30+00:00","description":"A small yet very chic store has opened up in Altos de Chavon, selling clothing from local fashion designer (and Casa de Campo resident) Jenny Polanco.","breadcrumb":{"@id":"https:\/\/casadecampoliving.com\/es\/bibi-leon-and-jenny-polanco-now-in-altos-de-chavon\/#breadcrumb"},"inLanguage":"es","potentialAction":[{"@type":"ReadAction","target":["https:\/\/casadecampoliving.com\/es\/bibi-leon-and-jenny-polanco-now-in-altos-de-chavon\/"]}]},{"@type":"ImageObject","inLanguage":"es","@id":"https:\/\/casadecampoliving.com\/es\/bibi-leon-and-jenny-polanco-now-in-altos-de-chavon\/#primaryimage","url":"https:\/\/i0.wp.com\/4.bp.blogspot.com\/_DdCmL2nv294\/SIoMeKsvzQI\/AAAAAAAAAC4\/YyUReRWddss\/s400\/DSC02336.JPG","contentUrl":"https:\/\/i0.wp.com\/4.bp.blogspot.com\/_DdCmL2nv294\/SIoMeKsvzQI\/AAAAAAAAAC4\/YyUReRWddss\/s400\/DSC02336.JPG"},{"@type":"BreadcrumbList","@id":"https:\/\/casadecampoliving.com\/es\/bibi-leon-and-jenny-polanco-now-in-altos-de-chavon\/#breadcrumb","itemListElement":[{"@type":"ListItem","position":1,"name":"Home","item":"https:\/\/casadecampoliving.com\/es\/"},{"@type":"ListItem","position":2,"name":"Bibi Leon and Jenny Polanco now in Altos de Chavon"}]},{"@type":"WebSite","@id":"https:\/\/casadecampoliving.com\/es\/#website","url":"https:\/\/casadecampoliving.com\/es\/","name":"Casa de Campo Living","description":"Resort community news and resources.","publisher":{"@id":"https:\/\/casadecampoliving.com\/es\/#organization"},"potentialAction":[{"@type":"SearchAction","target":{"@type":"EntryPoint","urlTemplate":"https:\/\/casadecampoliving.com\/es\/?s={search_term_string}"},"query-input":{"@type":"PropertyValueSpecification","valueRequired":true,"valueName":"search_term_string"}}],"inLanguage":"es"},{"@type":"Organization","@id":"https:\/\/casadecampoliving.com\/es\/#organization","name":"Casa de Campo Living","url":"https:\/\/casadecampoliving.com\/es\/","logo":{"@type":"ImageObject","inLanguage":"es","@id":"https:\/\/casadecampoliving.com\/es\/#\/schema\/logo\/image\/","url":"https:\/\/i0.wp.com\/casadecampoliving.com\/wp-content\/uploads\/2022\/07\/CDCLivingLogo_V1-white-sized.png?fit=800%2C214&ssl=1","contentUrl":"https:\/\/i0.wp.com\/casadecampoliving.com\/wp-content\/uploads\/2022\/07\/CDCLivingLogo_V1-white-sized.png?fit=800%2C214&ssl=1","width":800,"height":214,"caption":"Casa de Campo Living"},"image":{"@id":"https:\/\/casadecampoliving.com\/es\/#\/schema\/logo\/image\/"},"sameAs":["https:\/\/www.facebook.com\/casadecampoliving","https:\/\/x.com\/cdcliving"]},{"@type":"Person","@id":"https:\/\/casadecampoliving.com\/es\/#\/schema\/person\/6777daad22b2d75f00d60dff6798f994","name":"Mr B","image":{"@type":"ImageObject","inLanguage":"es","@id":"https:\/\/secure.gravatar.com\/avatar\/a6081966dadc36da8930069678823cea59d9084eb1da84bf7f94ea86ad9119f8?s=96&d=mm&r=g","url":"https:\/\/secure.gravatar.com\/avatar\/a6081966dadc36da8930069678823cea59d9084eb1da84bf7f94ea86ad9119f8?s=96&d=mm&r=g","contentUrl":"https:\/\/secure.gravatar.com\/avatar\/a6081966dadc36da8930069678823cea59d9084eb1da84bf7f94ea86ad9119f8?s=96&d=mm&r=g","caption":"Mr B"},"url":"https:\/\/casadecampoliving.com\/es\/author\/rbournigal\/"}]}},"parsely":{"version":"1.1.0","canonical_url":"https:\/\/casadecampoliving.com\/es\/bibi-leon-and-jenny-polanco-now-in-altos-de-chavon\/","smart_links":{"inbound":0,"outbound":0},"traffic_boost_suggestions_count":0,"meta":{"@context":"https:\/\/schema.org","@type":"NewsArticle","headline":"Bibi Leon and Jenny Polanco now in Altos de Chavon","url":"http:\/\/casadecampoliving.com\/es\/bibi-leon-and-jenny-polanco-now-in-altos-de-chavon\/","mainEntityOfPage":{"@type":"WebPage","@id":"http:\/\/casadecampoliving.com\/es\/bibi-leon-and-jenny-polanco-now-in-altos-de-chavon\/"},"thumbnailUrl":"","image":{"@type":"ImageObject","url":""},"articleSection":"Altos de Chavon","author":[{"@type":"Person","name":"Mr B"}],"creator":["Mr B"],"publisher":{"@type":"Organization","name":"Casa de Campo Living","logo":"https:\/\/casadecampoliving.com\/wp-content\/uploads\/2022\/07\/CDCLivingLogo_V1-white-sized.png"},"keywords":["altos de chavon -es","marina casa de campo @es","shopping"],"dateCreated":"2008-07-25T04:00:00Z","datePublished":"2008-07-25T04:00:00Z","dateModified":"2022-10-21T21:45:30Z"},"rendered":"<script type=\"application\/ld+json\" class=\"wp-parsely-metadata\">{\"@context\":\"https:\\\/\\\/schema.org\",\"@type\":\"NewsArticle\",\"headline\":\"Bibi Leon and Jenny Polanco now in Altos de Chavon\",\"url\":\"http:\\\/\\\/casadecampoliving.com\\\/es\\\/bibi-leon-and-jenny-polanco-now-in-altos-de-chavon\\\/\",\"mainEntityOfPage\":{\"@type\":\"WebPage\",\"@id\":\"http:\\\/\\\/casadecampoliving.com\\\/es\\\/bibi-leon-and-jenny-polanco-now-in-altos-de-chavon\\\/\"},\"thumbnailUrl\":\"\",\"image\":{\"@type\":\"ImageObject\",\"url\":\"\"},\"articleSection\":\"Altos de Chavon\",\"author\":[{\"@type\":\"Person\",\"name\":\"Mr B\"}],\"creator\":[\"Mr B\"],\"publisher\":{\"@type\":\"Organization\",\"name\":\"Casa de Campo Living\",\"logo\":\"https:\\\/\\\/casadecampoliving.com\\\/wp-content\\\/uploads\\\/2022\\\/07\\\/CDCLivingLogo_V1-white-sized.png\"},\"keywords\":[\"altos de chavon -es\",\"marina casa de campo @es\",\"shopping\"],\"dateCreated\":\"2008-07-25T04:00:00Z\",\"datePublished\":\"2008-07-25T04:00:00Z\",\"dateModified\":\"2022-10-21T21:45:30Z\"}<\/script>","tracker_url":"https:\/\/cdn.parsely.com\/keys\/casadecampoliving.com\/p.js"},"jetpack_publicize_connections":[],"jetpack_featured_media_url":"","jetpack-related-posts":[{"id":321463,"url":"https:\/\/casadecampoliving.com\/shopping-in-casa-de-campo-the-jenny-polanco-boutiques-where-fashion-meets-art\/","url_meta":{"origin":315805,"position":0},"title":"Shopping in Casa de Campo: The Jenny Polanco Boutiques &#8211; where fashion meets art","author":"Rebecca Silvestri","date":"18 Jul, 2012","format":false,"excerpt":"For Casa de Campo shoppers and fashionistas, the stylish designs, purses and jewelry of Jenny Polanco offer the perfect blend of Caribbean chic and can be purchased at her stores in the Marina Casa de Campo, Altos de Chav\u00f3n and Santo Domingo (see below for details.) Meanwhile at the new\u2026","rel":"","context":"En \u00abAltos de Chavon\u00bb","block_context":{"text":"Altos de Chavon","link":"https:\/\/casadecampoliving.com\/category\/altos-de-chavon\/"},"img":{"alt_text":"jenny polanco","src":"https:\/\/i0.wp.com\/casadecampoliving.com\/wp-content\/uploads\/2022\/10\/jenny_polanco7-1.jpg?fit=650%2C327&ssl=1&resize=350%2C200","width":350,"height":200,"srcset":"https:\/\/i0.wp.com\/casadecampoliving.com\/wp-content\/uploads\/2022\/10\/jenny_polanco7-1.jpg?fit=650%2C327&ssl=1&resize=350%2C200 1x, https:\/\/i0.wp.com\/casadecampoliving.com\/wp-content\/uploads\/2022\/10\/jenny_polanco7-1.jpg?fit=650%2C327&ssl=1&resize=525%2C300 1.5x"},"classes":[]},{"id":339403,"url":"https:\/\/casadecampoliving.com\/es\/de-compras-en-casa-de-campo-las-boutiques-jenny-polanco-donde-la-moda-se-encuentra-con-el-arte\/","url_meta":{"origin":315805,"position":1},"title":"De compras en Casa de Campo: Las boutiques Jenny Polanco &#8211; donde la moda se encuentra con el arte","author":"Rebecca Silvestri","date":"18 Jul, 2012","format":false,"excerpt":"Para los fashionistas y amantes de las compras en Casa de Campo, los fabulosos dise\u00f1os, carteras y joyas de Jenny Polanco, ofrecen la mezcla perfecta de lo \"Caribe\u00f1o chic\" y pueden ser hallados en sus tiendas en la Marina Casa de Campo, Altos de Chav\u00f3n\u00a0y\u00a0Santo Domingo (ver debajo los detalles).\u2026","rel":"","context":"En \u00abAltos de Chavon @es\u00bb","block_context":{"text":"Altos de Chavon @es","link":"https:\/\/casadecampoliving.com\/category\/altos-de-chavon-es\/"},"img":{"alt_text":"jenny polanco","src":"https:\/\/i0.wp.com\/casadecampoliving.com\/wp-content\/uploads\/2022\/10\/jenny_polanco7-1.jpg?fit=650%2C327&ssl=1&resize=350%2C200","width":350,"height":200,"srcset":"https:\/\/i0.wp.com\/casadecampoliving.com\/wp-content\/uploads\/2022\/10\/jenny_polanco7-1.jpg?fit=650%2C327&ssl=1&resize=350%2C200 1x, https:\/\/i0.wp.com\/casadecampoliving.com\/wp-content\/uploads\/2022\/10\/jenny_polanco7-1.jpg?fit=650%2C327&ssl=1&resize=525%2C300 1.5x"},"classes":[]},{"id":319163,"url":"https:\/\/casadecampoliving.com\/es\/40-off-bibi-leons-artistic-handcrafts\/","url_meta":{"origin":315805,"position":2},"title":"40% off Bibi Leon&#8217;s Artistic Handcrafts!","author":"Rebecca Silvestri","date":"1 Sep, 2010","format":false,"excerpt":"Bibi Leon's artistic handcrafts are famous for their beautiful, colourful and intricate designs, that come in all shapes and sizes from bowls and plates to hand-painted purses and trays AND so we are very pleased inform you that you can purchase these wonderful handcrafts at 40% off! The special sale\u2026","rel":"","context":"En \u00abAltos de Chavon\u00bb","block_context":{"text":"Altos de Chavon","link":"https:\/\/casadecampoliving.com\/category\/altos-de-chavon\/"},"img":{"alt_text":"","src":"https:\/\/i0.wp.com\/casadecampoliving.com\/wp-content\/uploads\/2022\/10\/bibi_leon_casa_de_campo-1.jpg?fit=565%2C353&ssl=1&resize=350%2C200","width":350,"height":200,"srcset":"https:\/\/i0.wp.com\/casadecampoliving.com\/wp-content\/uploads\/2022\/10\/bibi_leon_casa_de_campo-1.jpg?fit=565%2C353&ssl=1&resize=350%2C200 1x, https:\/\/i0.wp.com\/casadecampoliving.com\/wp-content\/uploads\/2022\/10\/bibi_leon_casa_de_campo-1.jpg?fit=565%2C353&ssl=1&resize=525%2C300 1.5x"},"classes":[]},{"id":433460,"url":"https:\/\/casadecampoliving.com\/es\/no-se-pierdan-el-increible-tributo-a-frank-sinatra-para-celebrar-el-40-aniversario-del-anfiteatro-altos-de-chavon\/","url_meta":{"origin":315805,"position":3},"title":"No se pierdan el incre\u00edble tributo a Frank Sinatra para celebrar el 40 aniversario del\u00a0Anfiteatro Altos de Chav\u00f3n","author":"Casa de Campo Living","date":"20 Oct, 2022","format":false,"excerpt":"Siendo uno de los escenarios m\u00e1s emblem\u00e1ticos del pa\u00eds, Casa de Campo Resort\u00ae & Villas celebra las cuatro d\u00e9cadas de aniversario de Altos de Chav\u00f3n con un tributo al gran Frank Sinatra, protagonizado por artistas invitados y una big band tal cual la que acompa\u00f1\u00f3 al artista hace 40 a\u00f1os\u2026","rel":"","context":"En \u00abUncategorized @es\u00bb","block_context":{"text":"Uncategorized @es","link":"https:\/\/casadecampoliving.com\/es\/category\/uncategorized-es\/"},"img":{"alt_text":"","src":"https:\/\/i0.wp.com\/casadecampoliving.com\/wp-content\/uploads\/2022\/10\/Tributo-Frank-Sinatra-Foto-Principal-Amaury-Sanchez-Danilo-Ginebra-Andres-Pichardo-y-Jose-Gabriel-Perez-.jpg?fit=1200%2C873&ssl=1&resize=350%2C200","width":350,"height":200,"srcset":"https:\/\/i0.wp.com\/casadecampoliving.com\/wp-content\/uploads\/2022\/10\/Tributo-Frank-Sinatra-Foto-Principal-Amaury-Sanchez-Danilo-Ginebra-Andres-Pichardo-y-Jose-Gabriel-Perez-.jpg?fit=1200%2C873&ssl=1&resize=350%2C200 1x, https:\/\/i0.wp.com\/casadecampoliving.com\/wp-content\/uploads\/2022\/10\/Tributo-Frank-Sinatra-Foto-Principal-Amaury-Sanchez-Danilo-Ginebra-Andres-Pichardo-y-Jose-Gabriel-Perez-.jpg?fit=1200%2C873&ssl=1&resize=525%2C300 1.5x, https:\/\/i0.wp.com\/casadecampoliving.com\/wp-content\/uploads\/2022\/10\/Tributo-Frank-Sinatra-Foto-Principal-Amaury-Sanchez-Danilo-Ginebra-Andres-Pichardo-y-Jose-Gabriel-Perez-.jpg?fit=1200%2C873&ssl=1&resize=700%2C400 2x, https:\/\/i0.wp.com\/casadecampoliving.com\/wp-content\/uploads\/2022\/10\/Tributo-Frank-Sinatra-Foto-Principal-Amaury-Sanchez-Danilo-Ginebra-Andres-Pichardo-y-Jose-Gabriel-Perez-.jpg?fit=1200%2C873&ssl=1&resize=1050%2C600 3x"},"classes":[]},{"id":322113,"url":"https:\/\/casadecampoliving.com\/jenny-polanco-launches-swimwear-line-acuarela-de-mar-by-designer-carolina-socias\/","url_meta":{"origin":315805,"position":4},"title":"Jenny Polanco launches swimwear line \u00abAcuarela de Mar\u00bb by designer Carolina Soci\u00e1s","author":"Rebecca Silvestri","date":"13 Mar, 2013","format":false,"excerpt":"Famous Dominican fashion designer, Casa de Campo villa owner and graduate of the Altos de Chav\u00f3n School of Art and Design, Jenny Polanco recently celebrated the launch of a new swimwear line\u00a0\u201cAcuarela de Mar\u201d produced by designer Carolina Soci\u00e1s, which will be for sale in the Jenny Polnaco stores across\u2026","rel":"","context":"En \u00abAltos de Chavon\u00bb","block_context":{"text":"Altos de Chavon","link":"https:\/\/casadecampoliving.com\/category\/altos-de-chavon\/"},"img":{"alt_text":"bikini catwalk","src":"https:\/\/i0.wp.com\/casadecampoliving.com\/wp-content\/uploads\/2022\/10\/bikini_catwalk-1.jpg?fit=650%2C407&ssl=1&resize=350%2C200","width":350,"height":200,"srcset":"https:\/\/i0.wp.com\/casadecampoliving.com\/wp-content\/uploads\/2022\/10\/bikini_catwalk-1.jpg?fit=650%2C407&ssl=1&resize=350%2C200 1x, https:\/\/i0.wp.com\/casadecampoliving.com\/wp-content\/uploads\/2022\/10\/bikini_catwalk-1.jpg?fit=650%2C407&ssl=1&resize=525%2C300 1.5x"},"classes":[]},{"id":321521,"url":"https:\/\/casadecampoliving.com\/jenny-polanco-to-open-a-cafe-in-altos-de-chavon\/","url_meta":{"origin":315805,"position":5},"title":"Jenny Polanco to open a Caf\u00e9 in Altos de Chav\u00f3n!","author":"Rebecca Silvestri","date":"28 Ago, 2012","format":false,"excerpt":"Jenny Polanco, famous Dominican designer and popular member of the Casa de Campo community is on a roll of success, expansion and innovation! In May this year she opened the new \u201cJenny Polanco Project\u201d store in Altos de Chav\u00f3n and on\u00a0Friday the 10th of August she inaugurated the art exhibit\u2026","rel":"","context":"En \u00abAltos de Chavon\u00bb","block_context":{"text":"Altos de Chavon","link":"https:\/\/casadecampoliving.com\/category\/altos-de-chavon\/"},"img":{"alt_text":"jenny polanco","src":"https:\/\/i0.wp.com\/casadecampoliving.com\/wp-content\/uploads\/2022\/10\/jenny_polanco2-10.jpg?fit=650%2C347&ssl=1&resize=350%2C200","width":350,"height":200,"srcset":"https:\/\/i0.wp.com\/casadecampoliving.com\/wp-content\/uploads\/2022\/10\/jenny_polanco2-10.jpg?fit=650%2C347&ssl=1&resize=350%2C200 1x, https:\/\/i0.wp.com\/casadecampoliving.com\/wp-content\/uploads\/2022\/10\/jenny_polanco2-10.jpg?fit=650%2C347&ssl=1&resize=525%2C300 1.5x"},"classes":[]}],"jetpack_sharing_enabled":true,"_links":{"self":[{"href":"https:\/\/casadecampoliving.com\/es\/wp-json\/wp\/v2\/posts\/315805","targetHints":{"allow":["GET"]}}],"collection":[{"href":"https:\/\/casadecampoliving.com\/es\/wp-json\/wp\/v2\/posts"}],"about":[{"href":"https:\/\/casadecampoliving.com\/es\/wp-json\/wp\/v2\/types\/post"}],"author":[{"embeddable":true,"href":"https:\/\/casadecampoliving.com\/es\/wp-json\/wp\/v2\/users\/11"}],"replies":[{"embeddable":true,"href":"https:\/\/casadecampoliving.com\/es\/wp-json\/wp\/v2\/comments?post=315805"}],"version-history":[{"count":0,"href":"https:\/\/casadecampoliving.com\/es\/wp-json\/wp\/v2\/posts\/315805\/revisions"}],"wp:attachment":[{"href":"https:\/\/casadecampoliving.com\/es\/wp-json\/wp\/v2\/media?parent=315805"}],"wp:term":[{"taxonomy":"category","embeddable":true,"href":"https:\/\/casadecampoliving.com\/es\/wp-json\/wp\/v2\/categories?post=315805"},{"taxonomy":"post_tag","embeddable":true,"href":"https:\/\/casadecampoliving.com\/es\/wp-json\/wp\/v2\/tags?post=315805"},{"taxonomy":"newspack_spnsrs_tax","embeddable":true,"href":"https:\/\/casadecampoliving.com\/es\/wp-json\/wp\/v2\/newspack_spnsrs_tax?post=315805"}],"curies":[{"name":"wp","href":"https:\/\/api.w.org\/{rel}","templated":true}]}}