{"id":315790,"date":"2008-06-20T00:00:00","date_gmt":"2008-06-20T04:00:00","guid":{"rendered":"https:\/\/casadecampoliving.com\/placido-domingo\/"},"modified":"2022-10-21T17:51:19","modified_gmt":"2022-10-21T21:51:19","slug":"placido-domingo","status":"publish","type":"post","link":"https:\/\/casadecampoliving.com\/es\/placido-domingo\/","title":{"rendered":"Placido Domingo"},"content":{"rendered":"\n<div><a href=\"https:\/\/i0.wp.com\/1.bp.blogspot.com\/_b8mHVdrLGb8\/SFxa9zQnC7I\/AAAAAAAAGhQ\/dc7imzD7q7g\/s1600-h\/image-upload-30-751041.jpg\"><img decoding=\"async\" src=\"https:\/\/i0.wp.com\/casadecampoliving.com\/wp-content\/uploads\/2022\/10\/image-upload-30-751041.jpg?ssl=1\"><\/a><br><span>Blogged live!<\/span><\/div>\n\n\n\n<div><\/div>\n","protected":false},"excerpt":{"rendered":"<p>Blogged live!<\/p>\n","protected":false},"author":11,"featured_media":212705,"comment_status":"closed","ping_status":"open","sticky":false,"template":"","format":"standard","meta":{"newspack_ads_suppress_ads":false,"newspack_popups_has_disabled_popups":false,"newspack_sponsor_sponsorship_scope":"","newspack_sponsor_native_byline_display":"inherit","newspack_sponsor_native_category_display":"inherit","newspack_sponsor_underwriter_style":"inherit","newspack_sponsor_underwriter_placement":"inherit","_newspack_byline_active":false,"_newspack_byline":"","newspack_hide_updated_date":false,"newspack_show_updated_date":false,"newspack_content_restriction_is_exempt":false,"newspack_featured_image_position":"","newspack_post_subtitle":"","newspack_article_summary_title":"Overview:","newspack_article_summary":"","_jetpack_memberships_contains_paid_content":false,"footnotes":"","jetpack_publicize_message":"","jetpack_publicize_feature_enabled":true,"jetpack_social_post_already_shared":false,"jetpack_social_options":{"image_generator_settings":{"template":"highway","default_image_id":0,"font":"","enabled":false},"version":2},"_wpas_customize_per_network":false},"categories":[56,52,51,14624,14626],"tags":[13810,13808,13807,65],"newspack_spnsrs_tax":[],"class_list":["post-315790","post","type-post","status-publish","format-standard","has-post-thumbnail","hentry","category-altos-de-chavon","category-concerts","category-events-and-activities","category-local-news","category-upcoming","tag-altos-de-chavon","tag-concerts","tag-events-and-activities","tag-family-activities","entry"],"yoast_head":"<!-- This site is optimized with the Yoast SEO plugin v27.5 - https:\/\/yoast.com\/product\/yoast-seo-wordpress\/ -->\n<title>Placido Domingo | Casa de Campo Living<\/title>\n<meta name=\"description\" content=\"Blogged live!\" \/>\n<meta name=\"robots\" content=\"index, follow, max-snippet:-1, max-image-preview:large, max-video-preview:-1\" \/>\n<link rel=\"canonical\" href=\"https:\/\/casadecampoliving.com\/es\/placido-domingo\/\" \/>\n<meta property=\"og:locale\" content=\"es_ES\" \/>\n<meta property=\"og:type\" content=\"article\" \/>\n<meta property=\"og:title\" content=\"Placido Domingo | Casa de Campo Living\" \/>\n<meta property=\"og:description\" content=\"Blogged live!\" \/>\n<meta property=\"og:url\" content=\"https:\/\/casadecampoliving.com\/es\/placido-domingo\/\" \/>\n<meta property=\"og:site_name\" content=\"Casa de Campo Living\" \/>\n<meta property=\"article:publisher\" content=\"https:\/\/www.facebook.com\/casadecampoliving\" \/>\n<meta property=\"article:published_time\" content=\"2008-06-20T04:00:00+00:00\" \/>\n<meta property=\"article:modified_time\" content=\"2022-10-21T21:51:19+00:00\" \/>\n<meta property=\"og:image\" content=\"https:\/\/i0.wp.com\/casadecampoliving.com\/wp-content\/uploads\/2022\/10\/image-upload-30-751041.jpg?fit=400%2C300&ssl=1\" \/>\n\t<meta property=\"og:image:width\" content=\"400\" \/>\n\t<meta property=\"og:image:height\" content=\"300\" \/>\n\t<meta property=\"og:image:type\" content=\"image\/jpeg\" \/>\n<meta name=\"author\" content=\"Mr B\" \/>\n<meta name=\"twitter:card\" content=\"summary_large_image\" \/>\n<meta name=\"twitter:creator\" content=\"@cdcliving\" \/>\n<meta name=\"twitter:site\" content=\"@cdcliving\" \/>\n<meta name=\"twitter:label1\" content=\"Escrito por\" \/>\n\t<meta name=\"twitter:data1\" content=\"Mr B\" \/>\n<script type=\"application\/ld+json\" class=\"yoast-schema-graph\">{\"@context\":\"https:\\\/\\\/schema.org\",\"@graph\":[{\"@type\":\"Article\",\"@id\":\"https:\\\/\\\/casadecampoliving.com\\\/es\\\/placido-domingo\\\/#article\",\"isPartOf\":{\"@id\":\"https:\\\/\\\/casadecampoliving.com\\\/es\\\/placido-domingo\\\/\"},\"author\":{\"name\":\"Mr B\",\"@id\":\"https:\\\/\\\/casadecampoliving.com\\\/es\\\/#\\\/schema\\\/person\\\/6777daad22b2d75f00d60dff6798f994\"},\"headline\":\"Placido Domingo\",\"datePublished\":\"2008-06-20T04:00:00+00:00\",\"dateModified\":\"2022-10-21T21:51:19+00:00\",\"mainEntityOfPage\":{\"@id\":\"https:\\\/\\\/casadecampoliving.com\\\/es\\\/placido-domingo\\\/\"},\"wordCount\":4,\"publisher\":{\"@id\":\"https:\\\/\\\/casadecampoliving.com\\\/es\\\/#organization\"},\"image\":{\"@id\":\"https:\\\/\\\/casadecampoliving.com\\\/es\\\/placido-domingo\\\/#primaryimage\"},\"thumbnailUrl\":\"https:\\\/\\\/i0.wp.com\\\/casadecampoliving.com\\\/wp-content\\\/uploads\\\/2022\\\/10\\\/image-upload-30-751041.jpg?fit=400%2C300&ssl=1\",\"keywords\":[\"Altos de Chavon\",\"Concerts\",\"Events and Activities\",\"Family Activities\"],\"articleSection\":[\"Altos de Chavon\",\"Concerts\",\"Events and Activities\",\"Local News\",\"Upcoming\"],\"inLanguage\":\"es\"},{\"@type\":\"WebPage\",\"@id\":\"https:\\\/\\\/casadecampoliving.com\\\/es\\\/placido-domingo\\\/\",\"url\":\"https:\\\/\\\/casadecampoliving.com\\\/es\\\/placido-domingo\\\/\",\"name\":\"Placido Domingo | Casa de Campo Living\",\"isPartOf\":{\"@id\":\"https:\\\/\\\/casadecampoliving.com\\\/es\\\/#website\"},\"primaryImageOfPage\":{\"@id\":\"https:\\\/\\\/casadecampoliving.com\\\/es\\\/placido-domingo\\\/#primaryimage\"},\"image\":{\"@id\":\"https:\\\/\\\/casadecampoliving.com\\\/es\\\/placido-domingo\\\/#primaryimage\"},\"thumbnailUrl\":\"https:\\\/\\\/i0.wp.com\\\/casadecampoliving.com\\\/wp-content\\\/uploads\\\/2022\\\/10\\\/image-upload-30-751041.jpg?fit=400%2C300&ssl=1\",\"datePublished\":\"2008-06-20T04:00:00+00:00\",\"dateModified\":\"2022-10-21T21:51:19+00:00\",\"description\":\"Blogged live!\",\"breadcrumb\":{\"@id\":\"https:\\\/\\\/casadecampoliving.com\\\/es\\\/placido-domingo\\\/#breadcrumb\"},\"inLanguage\":\"es\",\"potentialAction\":[{\"@type\":\"ReadAction\",\"target\":[\"https:\\\/\\\/casadecampoliving.com\\\/es\\\/placido-domingo\\\/\"]}]},{\"@type\":\"ImageObject\",\"inLanguage\":\"es\",\"@id\":\"https:\\\/\\\/casadecampoliving.com\\\/es\\\/placido-domingo\\\/#primaryimage\",\"url\":\"https:\\\/\\\/i0.wp.com\\\/casadecampoliving.com\\\/wp-content\\\/uploads\\\/2022\\\/10\\\/image-upload-30-751041.jpg?fit=400%2C300&ssl=1\",\"contentUrl\":\"https:\\\/\\\/i0.wp.com\\\/casadecampoliving.com\\\/wp-content\\\/uploads\\\/2022\\\/10\\\/image-upload-30-751041.jpg?fit=400%2C300&ssl=1\",\"width\":400,\"height\":300},{\"@type\":\"BreadcrumbList\",\"@id\":\"https:\\\/\\\/casadecampoliving.com\\\/es\\\/placido-domingo\\\/#breadcrumb\",\"itemListElement\":[{\"@type\":\"ListItem\",\"position\":1,\"name\":\"Home\",\"item\":\"https:\\\/\\\/casadecampoliving.com\\\/es\\\/\"},{\"@type\":\"ListItem\",\"position\":2,\"name\":\"Placido Domingo\"}]},{\"@type\":\"WebSite\",\"@id\":\"https:\\\/\\\/casadecampoliving.com\\\/es\\\/#website\",\"url\":\"https:\\\/\\\/casadecampoliving.com\\\/es\\\/\",\"name\":\"Casa de Campo Living\",\"description\":\"Resort community news and resources.\",\"publisher\":{\"@id\":\"https:\\\/\\\/casadecampoliving.com\\\/es\\\/#organization\"},\"potentialAction\":[{\"@type\":\"SearchAction\",\"target\":{\"@type\":\"EntryPoint\",\"urlTemplate\":\"https:\\\/\\\/casadecampoliving.com\\\/es\\\/?s={search_term_string}\"},\"query-input\":{\"@type\":\"PropertyValueSpecification\",\"valueRequired\":true,\"valueName\":\"search_term_string\"}}],\"inLanguage\":\"es\"},{\"@type\":\"Organization\",\"@id\":\"https:\\\/\\\/casadecampoliving.com\\\/es\\\/#organization\",\"name\":\"Casa de Campo Living\",\"url\":\"https:\\\/\\\/casadecampoliving.com\\\/es\\\/\",\"logo\":{\"@type\":\"ImageObject\",\"inLanguage\":\"es\",\"@id\":\"https:\\\/\\\/casadecampoliving.com\\\/es\\\/#\\\/schema\\\/logo\\\/image\\\/\",\"url\":\"https:\\\/\\\/i0.wp.com\\\/casadecampoliving.com\\\/wp-content\\\/uploads\\\/2022\\\/07\\\/CDCLivingLogo_V1-white-sized.png?fit=800%2C214&ssl=1\",\"contentUrl\":\"https:\\\/\\\/i0.wp.com\\\/casadecampoliving.com\\\/wp-content\\\/uploads\\\/2022\\\/07\\\/CDCLivingLogo_V1-white-sized.png?fit=800%2C214&ssl=1\",\"width\":800,\"height\":214,\"caption\":\"Casa de Campo Living\"},\"image\":{\"@id\":\"https:\\\/\\\/casadecampoliving.com\\\/es\\\/#\\\/schema\\\/logo\\\/image\\\/\"},\"sameAs\":[\"https:\\\/\\\/www.facebook.com\\\/casadecampoliving\",\"https:\\\/\\\/x.com\\\/cdcliving\"]},{\"@type\":\"Person\",\"@id\":\"https:\\\/\\\/casadecampoliving.com\\\/es\\\/#\\\/schema\\\/person\\\/6777daad22b2d75f00d60dff6798f994\",\"name\":\"Mr B\",\"image\":{\"@type\":\"ImageObject\",\"inLanguage\":\"es\",\"@id\":\"https:\\\/\\\/secure.gravatar.com\\\/avatar\\\/a6081966dadc36da8930069678823cea59d9084eb1da84bf7f94ea86ad9119f8?s=96&d=mm&r=g\",\"url\":\"https:\\\/\\\/secure.gravatar.com\\\/avatar\\\/a6081966dadc36da8930069678823cea59d9084eb1da84bf7f94ea86ad9119f8?s=96&d=mm&r=g\",\"contentUrl\":\"https:\\\/\\\/secure.gravatar.com\\\/avatar\\\/a6081966dadc36da8930069678823cea59d9084eb1da84bf7f94ea86ad9119f8?s=96&d=mm&r=g\",\"caption\":\"Mr B\"},\"url\":\"https:\\\/\\\/casadecampoliving.com\\\/es\\\/author\\\/rbournigal\\\/\"}]}<\/script>\n<!-- \/ Yoast SEO plugin. -->","yoast_head_json":{"title":"Placido Domingo | Casa de Campo Living","description":"Blogged live!","robots":{"index":"index","follow":"follow","max-snippet":"max-snippet:-1","max-image-preview":"max-image-preview:large","max-video-preview":"max-video-preview:-1"},"canonical":"https:\/\/casadecampoliving.com\/es\/placido-domingo\/","og_locale":"es_ES","og_type":"article","og_title":"Placido Domingo | Casa de Campo Living","og_description":"Blogged live!","og_url":"https:\/\/casadecampoliving.com\/es\/placido-domingo\/","og_site_name":"Casa de Campo Living","article_publisher":"https:\/\/www.facebook.com\/casadecampoliving","article_published_time":"2008-06-20T04:00:00+00:00","article_modified_time":"2022-10-21T21:51:19+00:00","og_image":[{"width":400,"height":300,"url":"https:\/\/i0.wp.com\/casadecampoliving.com\/wp-content\/uploads\/2022\/10\/image-upload-30-751041.jpg?fit=400%2C300&ssl=1","type":"image\/jpeg"}],"author":"Mr B","twitter_card":"summary_large_image","twitter_creator":"@cdcliving","twitter_site":"@cdcliving","twitter_misc":{"Escrito por":"Mr B"},"schema":{"@context":"https:\/\/schema.org","@graph":[{"@type":"Article","@id":"https:\/\/casadecampoliving.com\/es\/placido-domingo\/#article","isPartOf":{"@id":"https:\/\/casadecampoliving.com\/es\/placido-domingo\/"},"author":{"name":"Mr B","@id":"https:\/\/casadecampoliving.com\/es\/#\/schema\/person\/6777daad22b2d75f00d60dff6798f994"},"headline":"Placido Domingo","datePublished":"2008-06-20T04:00:00+00:00","dateModified":"2022-10-21T21:51:19+00:00","mainEntityOfPage":{"@id":"https:\/\/casadecampoliving.com\/es\/placido-domingo\/"},"wordCount":4,"publisher":{"@id":"https:\/\/casadecampoliving.com\/es\/#organization"},"image":{"@id":"https:\/\/casadecampoliving.com\/es\/placido-domingo\/#primaryimage"},"thumbnailUrl":"https:\/\/i0.wp.com\/casadecampoliving.com\/wp-content\/uploads\/2022\/10\/image-upload-30-751041.jpg?fit=400%2C300&ssl=1","keywords":["Altos de Chavon","Concerts","Events and Activities","Family Activities"],"articleSection":["Altos de Chavon","Concerts","Events and Activities","Local News","Upcoming"],"inLanguage":"es"},{"@type":"WebPage","@id":"https:\/\/casadecampoliving.com\/es\/placido-domingo\/","url":"https:\/\/casadecampoliving.com\/es\/placido-domingo\/","name":"Placido Domingo | Casa de Campo Living","isPartOf":{"@id":"https:\/\/casadecampoliving.com\/es\/#website"},"primaryImageOfPage":{"@id":"https:\/\/casadecampoliving.com\/es\/placido-domingo\/#primaryimage"},"image":{"@id":"https:\/\/casadecampoliving.com\/es\/placido-domingo\/#primaryimage"},"thumbnailUrl":"https:\/\/i0.wp.com\/casadecampoliving.com\/wp-content\/uploads\/2022\/10\/image-upload-30-751041.jpg?fit=400%2C300&ssl=1","datePublished":"2008-06-20T04:00:00+00:00","dateModified":"2022-10-21T21:51:19+00:00","description":"Blogged live!","breadcrumb":{"@id":"https:\/\/casadecampoliving.com\/es\/placido-domingo\/#breadcrumb"},"inLanguage":"es","potentialAction":[{"@type":"ReadAction","target":["https:\/\/casadecampoliving.com\/es\/placido-domingo\/"]}]},{"@type":"ImageObject","inLanguage":"es","@id":"https:\/\/casadecampoliving.com\/es\/placido-domingo\/#primaryimage","url":"https:\/\/i0.wp.com\/casadecampoliving.com\/wp-content\/uploads\/2022\/10\/image-upload-30-751041.jpg?fit=400%2C300&ssl=1","contentUrl":"https:\/\/i0.wp.com\/casadecampoliving.com\/wp-content\/uploads\/2022\/10\/image-upload-30-751041.jpg?fit=400%2C300&ssl=1","width":400,"height":300},{"@type":"BreadcrumbList","@id":"https:\/\/casadecampoliving.com\/es\/placido-domingo\/#breadcrumb","itemListElement":[{"@type":"ListItem","position":1,"name":"Home","item":"https:\/\/casadecampoliving.com\/es\/"},{"@type":"ListItem","position":2,"name":"Placido Domingo"}]},{"@type":"WebSite","@id":"https:\/\/casadecampoliving.com\/es\/#website","url":"https:\/\/casadecampoliving.com\/es\/","name":"Casa de Campo Living","description":"Resort community news and resources.","publisher":{"@id":"https:\/\/casadecampoliving.com\/es\/#organization"},"potentialAction":[{"@type":"SearchAction","target":{"@type":"EntryPoint","urlTemplate":"https:\/\/casadecampoliving.com\/es\/?s={search_term_string}"},"query-input":{"@type":"PropertyValueSpecification","valueRequired":true,"valueName":"search_term_string"}}],"inLanguage":"es"},{"@type":"Organization","@id":"https:\/\/casadecampoliving.com\/es\/#organization","name":"Casa de Campo Living","url":"https:\/\/casadecampoliving.com\/es\/","logo":{"@type":"ImageObject","inLanguage":"es","@id":"https:\/\/casadecampoliving.com\/es\/#\/schema\/logo\/image\/","url":"https:\/\/i0.wp.com\/casadecampoliving.com\/wp-content\/uploads\/2022\/07\/CDCLivingLogo_V1-white-sized.png?fit=800%2C214&ssl=1","contentUrl":"https:\/\/i0.wp.com\/casadecampoliving.com\/wp-content\/uploads\/2022\/07\/CDCLivingLogo_V1-white-sized.png?fit=800%2C214&ssl=1","width":800,"height":214,"caption":"Casa de Campo Living"},"image":{"@id":"https:\/\/casadecampoliving.com\/es\/#\/schema\/logo\/image\/"},"sameAs":["https:\/\/www.facebook.com\/casadecampoliving","https:\/\/x.com\/cdcliving"]},{"@type":"Person","@id":"https:\/\/casadecampoliving.com\/es\/#\/schema\/person\/6777daad22b2d75f00d60dff6798f994","name":"Mr B","image":{"@type":"ImageObject","inLanguage":"es","@id":"https:\/\/secure.gravatar.com\/avatar\/a6081966dadc36da8930069678823cea59d9084eb1da84bf7f94ea86ad9119f8?s=96&d=mm&r=g","url":"https:\/\/secure.gravatar.com\/avatar\/a6081966dadc36da8930069678823cea59d9084eb1da84bf7f94ea86ad9119f8?s=96&d=mm&r=g","contentUrl":"https:\/\/secure.gravatar.com\/avatar\/a6081966dadc36da8930069678823cea59d9084eb1da84bf7f94ea86ad9119f8?s=96&d=mm&r=g","caption":"Mr B"},"url":"https:\/\/casadecampoliving.com\/es\/author\/rbournigal\/"}]}},"parsely":{"version":"1.1.0","canonical_url":"https:\/\/casadecampoliving.com\/es\/placido-domingo\/","smart_links":{"inbound":0,"outbound":0},"traffic_boost_suggestions_count":0,"meta":{"@context":"https:\/\/schema.org","@type":"NewsArticle","headline":"Placido Domingo","url":"http:\/\/casadecampoliving.com\/es\/placido-domingo\/","mainEntityOfPage":{"@type":"WebPage","@id":"http:\/\/casadecampoliving.com\/es\/placido-domingo\/"},"thumbnailUrl":"https:\/\/i0.wp.com\/casadecampoliving.com\/wp-content\/uploads\/2022\/10\/image-upload-30-751041.jpg?resize=150%2C150&ssl=1","image":{"@type":"ImageObject","url":"https:\/\/i0.wp.com\/casadecampoliving.com\/wp-content\/uploads\/2022\/10\/image-upload-30-751041.jpg?fit=400%2C300&ssl=1"},"articleSection":"Altos de Chavon","author":[{"@type":"Person","name":"Mr B"}],"creator":["Mr B"],"publisher":{"@type":"Organization","name":"Casa de Campo Living","logo":"https:\/\/casadecampoliving.com\/wp-content\/uploads\/2022\/07\/CDCLivingLogo_V1-white-sized.png"},"keywords":["altos de chavon -es","concerts","events and activities","family activities"],"dateCreated":"2008-06-20T04:00:00Z","datePublished":"2008-06-20T04:00:00Z","dateModified":"2022-10-21T21:51:19Z"},"rendered":"<script type=\"application\/ld+json\" class=\"wp-parsely-metadata\">{\"@context\":\"https:\\\/\\\/schema.org\",\"@type\":\"NewsArticle\",\"headline\":\"Placido Domingo\",\"url\":\"http:\\\/\\\/casadecampoliving.com\\\/es\\\/placido-domingo\\\/\",\"mainEntityOfPage\":{\"@type\":\"WebPage\",\"@id\":\"http:\\\/\\\/casadecampoliving.com\\\/es\\\/placido-domingo\\\/\"},\"thumbnailUrl\":\"https:\\\/\\\/i0.wp.com\\\/casadecampoliving.com\\\/wp-content\\\/uploads\\\/2022\\\/10\\\/image-upload-30-751041.jpg?resize=150%2C150&ssl=1\",\"image\":{\"@type\":\"ImageObject\",\"url\":\"https:\\\/\\\/i0.wp.com\\\/casadecampoliving.com\\\/wp-content\\\/uploads\\\/2022\\\/10\\\/image-upload-30-751041.jpg?fit=400%2C300&ssl=1\"},\"articleSection\":\"Altos de Chavon\",\"author\":[{\"@type\":\"Person\",\"name\":\"Mr B\"}],\"creator\":[\"Mr B\"],\"publisher\":{\"@type\":\"Organization\",\"name\":\"Casa de Campo Living\",\"logo\":\"https:\\\/\\\/casadecampoliving.com\\\/wp-content\\\/uploads\\\/2022\\\/07\\\/CDCLivingLogo_V1-white-sized.png\"},\"keywords\":[\"altos de chavon -es\",\"concerts\",\"events and activities\",\"family activities\"],\"dateCreated\":\"2008-06-20T04:00:00Z\",\"datePublished\":\"2008-06-20T04:00:00Z\",\"dateModified\":\"2022-10-21T21:51:19Z\"}<\/script>","tracker_url":"https:\/\/cdn.parsely.com\/keys\/casadecampoliving.com\/p.js"},"jetpack_publicize_connections":[],"jetpack_featured_media_url":"https:\/\/i0.wp.com\/casadecampoliving.com\/wp-content\/uploads\/2022\/10\/image-upload-30-751041.jpg?fit=400%2C300&ssl=1","jetpack-related-posts":[{"id":433460,"url":"https:\/\/casadecampoliving.com\/es\/no-se-pierdan-el-increible-tributo-a-frank-sinatra-para-celebrar-el-40-aniversario-del-anfiteatro-altos-de-chavon\/","url_meta":{"origin":315790,"position":0},"title":"No se pierdan el incre\u00edble tributo a Frank Sinatra para celebrar el 40 aniversario del\u00a0Anfiteatro Altos de Chav\u00f3n","author":"Casa de Campo Living","date":"20 Oct, 2022","format":false,"excerpt":"Siendo uno de los escenarios m\u00e1s emblem\u00e1ticos del pa\u00eds, Casa de Campo Resort\u00ae & Villas celebra las cuatro d\u00e9cadas de aniversario de Altos de Chav\u00f3n con un tributo al gran Frank Sinatra, protagonizado por artistas invitados y una big band tal cual la que acompa\u00f1\u00f3 al artista hace 40 a\u00f1os\u2026","rel":"","context":"En \u00abUncategorized @es\u00bb","block_context":{"text":"Uncategorized @es","link":"https:\/\/casadecampoliving.com\/es\/category\/uncategorized-es\/"},"img":{"alt_text":"","src":"https:\/\/i0.wp.com\/casadecampoliving.com\/wp-content\/uploads\/2022\/10\/Tributo-Frank-Sinatra-Foto-Principal-Amaury-Sanchez-Danilo-Ginebra-Andres-Pichardo-y-Jose-Gabriel-Perez-.jpg?fit=1200%2C873&ssl=1&resize=350%2C200","width":350,"height":200,"srcset":"https:\/\/i0.wp.com\/casadecampoliving.com\/wp-content\/uploads\/2022\/10\/Tributo-Frank-Sinatra-Foto-Principal-Amaury-Sanchez-Danilo-Ginebra-Andres-Pichardo-y-Jose-Gabriel-Perez-.jpg?fit=1200%2C873&ssl=1&resize=350%2C200 1x, https:\/\/i0.wp.com\/casadecampoliving.com\/wp-content\/uploads\/2022\/10\/Tributo-Frank-Sinatra-Foto-Principal-Amaury-Sanchez-Danilo-Ginebra-Andres-Pichardo-y-Jose-Gabriel-Perez-.jpg?fit=1200%2C873&ssl=1&resize=525%2C300 1.5x, https:\/\/i0.wp.com\/casadecampoliving.com\/wp-content\/uploads\/2022\/10\/Tributo-Frank-Sinatra-Foto-Principal-Amaury-Sanchez-Danilo-Ginebra-Andres-Pichardo-y-Jose-Gabriel-Perez-.jpg?fit=1200%2C873&ssl=1&resize=700%2C400 2x, https:\/\/i0.wp.com\/casadecampoliving.com\/wp-content\/uploads\/2022\/10\/Tributo-Frank-Sinatra-Foto-Principal-Amaury-Sanchez-Danilo-Ginebra-Andres-Pichardo-y-Jose-Gabriel-Perez-.jpg?fit=1200%2C873&ssl=1&resize=1050%2C600 3x"},"classes":[]},{"id":316000,"url":"https:\/\/casadecampoliving.com\/es\/concert-carlos-santana-coming-to-altos-de-chavon-on-march-7th\/","url_meta":{"origin":315790,"position":1},"title":"CONCERT &#8211; Carlos Santana coming to Altos de Chavon on March 7th","author":"Mr B","date":"8 Dic, 2008","format":false,"excerpt":"That right, you heard it here first! Carlos Santana, the artist who has been reinventing and reshaping the landscape of the known universe\u2019s musical culture for close to four decades, will be performing in the Altos de Chavon Amphitheater on Saturday March 7th, 2009. Carlos Santana has been labeled as\u2026","rel":"","context":"En \u00abAltos de Chavon\u00bb","block_context":{"text":"Altos de Chavon","link":"https:\/\/casadecampoliving.com\/category\/altos-de-chavon\/"},"img":{"alt_text":"","src":"https:\/\/i0.wp.com\/casadecampoliving.com\/wp-content\/uploads\/2022\/10\/SANTANA_publicity_07_v2m-1.jpg?fit=231%2C320&ssl=1&resize=350%2C200","width":350,"height":200},"classes":[]},{"id":321849,"url":"https:\/\/casadecampoliving.com\/antonia-chabebe-in-concert-in-altos-de-chavon-wednesday-december-26th\/","url_meta":{"origin":315790,"position":2},"title":"Antonia Chabebe in concert in Altos de Chav\u00f3n: Wednesday December 26th!","author":"Rebecca Silvestri","date":"23 Dic, 2012","format":false,"excerpt":"On Wednesday the 26th of December, talented Dominican soprano Antonia Chabebe will be performing in Altos de Chav\u00f3n! Performing as part of the Altos de Chav\u00f3n festive schedule of events for the holiday season, Antonia Chabebe will be performing a repertoire of boleros, jazz and popular Christmas songs, on the\u2026","rel":"","context":"En \u00abAltos de Chavon\u00bb","block_context":{"text":"Altos de Chavon","link":"https:\/\/casadecampoliving.com\/category\/altos-de-chavon\/"},"img":{"alt_text":"antonia chabebe","src":"https:\/\/i0.wp.com\/casadecampoliving.com\/wp-content\/uploads\/2022\/10\/anotnia_chabebe-1.jpg?fit=650%2C433&ssl=1&resize=350%2C200","width":350,"height":200,"srcset":"https:\/\/i0.wp.com\/casadecampoliving.com\/wp-content\/uploads\/2022\/10\/anotnia_chabebe-1.jpg?fit=650%2C433&ssl=1&resize=350%2C200 1x, https:\/\/i0.wp.com\/casadecampoliving.com\/wp-content\/uploads\/2022\/10\/anotnia_chabebe-1.jpg?fit=650%2C433&ssl=1&resize=525%2C300 1.5x"},"classes":[]},{"id":322357,"url":"https:\/\/casadecampoliving.com\/program-of-events-in-altos-de-chavon-this-june\/","url_meta":{"origin":315790,"position":3},"title":"Program of events in Altos de Chav\u00f3n this June!","author":"Mairobi Herrera","date":"7 Jun, 2013","format":false,"excerpt":"The party continues in Altos de Chav\u00f3n!\u00a0Just a few days ago ended the excellent and unforgettable\u00a0Festival de Primavera, which we enjoyed with many spectacular activities, and now we bring you the list of new activities and performances that will take place in this \u201ccity of artists\u201d throughout the month of\u2026","rel":"","context":"En \u00abAltos de Chavon\u00bb","block_context":{"text":"Altos de Chavon","link":"https:\/\/casadecampoliving.com\/category\/altos-de-chavon\/"},"img":{"alt_text":"chavon electronico","src":"https:\/\/i0.wp.com\/casadecampoliving.com\/wp-content\/uploads\/2022\/10\/chavon_-electronico01-1.jpg?fit=650%2C440&ssl=1&resize=350%2C200","width":350,"height":200,"srcset":"https:\/\/i0.wp.com\/casadecampoliving.com\/wp-content\/uploads\/2022\/10\/chavon_-electronico01-1.jpg?fit=650%2C440&ssl=1&resize=350%2C200 1x, https:\/\/i0.wp.com\/casadecampoliving.com\/wp-content\/uploads\/2022\/10\/chavon_-electronico01-1.jpg?fit=650%2C440&ssl=1&resize=525%2C300 1.5x"},"classes":[]},{"id":315793,"url":"https:\/\/casadecampoliving.com\/es\/placido-domingo-enchants-all-of-altos-de-chavon\/","url_meta":{"origin":315790,"position":4},"title":"Placido Domingo enchants all of Altos de Chavon","author":"Mr B","date":"23 Jun, 2008","format":false,"excerpt":"Filmed with a rinky dinky little phone, Placido Domingo still manages to enchant and enthrall all those who came to the Altos de Chavon\u00a0amphitheater\u00a0in Casa de Campo to enjoy a magical night of opera under the stars.\u00a0","rel":"","context":"En \u00abAltos de Chavon\u00bb","block_context":{"text":"Altos de Chavon","link":"https:\/\/casadecampoliving.com\/category\/altos-de-chavon\/"},"img":{"alt_text":"","src":"","width":0,"height":0},"classes":[]},{"id":317198,"url":"https:\/\/casadecampoliving.com\/es\/kenny-g-at-altos-de-chavon-date-change-and-ticket-info\/","url_meta":{"origin":315790,"position":5},"title":"Kenny G at Altos de Chavon date change and ticket info!","author":"Mr B","date":"14 Ago, 2009","format":false,"excerpt":"Following up on our coverage of this upcoming concert at Altos de Chavon, we have found that the concert is indeed official and the date is going to be Sunday November 8th and not Saturday November 7th, as previously reported. We also obtained ticket prices! Which we detail below. VIP\u2026","rel":"","context":"En \u00abAltos de Chavon\u00bb","block_context":{"text":"Altos de Chavon","link":"https:\/\/casadecampoliving.com\/category\/altos-de-chavon\/"},"img":{"alt_text":"","src":"https:\/\/i0.wp.com\/casadecampoliving.com\/wp-content\/uploads\/2022\/10\/kennyg-1.jpg?fit=450%2C579&ssl=1&resize=350%2C200","width":350,"height":200},"classes":[]}],"jetpack_sharing_enabled":true,"_links":{"self":[{"href":"https:\/\/casadecampoliving.com\/es\/wp-json\/wp\/v2\/posts\/315790","targetHints":{"allow":["GET"]}}],"collection":[{"href":"https:\/\/casadecampoliving.com\/es\/wp-json\/wp\/v2\/posts"}],"about":[{"href":"https:\/\/casadecampoliving.com\/es\/wp-json\/wp\/v2\/types\/post"}],"author":[{"embeddable":true,"href":"https:\/\/casadecampoliving.com\/es\/wp-json\/wp\/v2\/users\/11"}],"replies":[{"embeddable":true,"href":"https:\/\/casadecampoliving.com\/es\/wp-json\/wp\/v2\/comments?post=315790"}],"version-history":[{"count":0,"href":"https:\/\/casadecampoliving.com\/es\/wp-json\/wp\/v2\/posts\/315790\/revisions"}],"wp:featuredmedia":[{"embeddable":true,"href":"https:\/\/casadecampoliving.com\/es\/wp-json\/wp\/v2\/media\/212705"}],"wp:attachment":[{"href":"https:\/\/casadecampoliving.com\/es\/wp-json\/wp\/v2\/media?parent=315790"}],"wp:term":[{"taxonomy":"category","embeddable":true,"href":"https:\/\/casadecampoliving.com\/es\/wp-json\/wp\/v2\/categories?post=315790"},{"taxonomy":"post_tag","embeddable":true,"href":"https:\/\/casadecampoliving.com\/es\/wp-json\/wp\/v2\/tags?post=315790"},{"taxonomy":"newspack_spnsrs_tax","embeddable":true,"href":"https:\/\/casadecampoliving.com\/es\/wp-json\/wp\/v2\/newspack_spnsrs_tax?post=315790"}],"curies":[{"name":"wp","href":"https:\/\/api.w.org\/{rel}","templated":true}]}}