{"id":315783,"date":"2008-06-16T00:00:00","date_gmt":"2008-06-16T04:00:00","guid":{"rendered":"https:\/\/casadecampoliving.com\/on-sale\/"},"modified":"2022-10-21T17:50:51","modified_gmt":"2022-10-21T21:50:51","slug":"on-sale","status":"publish","type":"post","link":"https:\/\/casadecampoliving.com\/es\/on-sale\/","title":{"rendered":"On sale!"},"content":{"rendered":"\n<figure class=\"wp-block-image\"><a href=\"https:\/\/i0.wp.com\/1.bp.blogspot.com\/_DdCmL2nv294\/SFlhNFchbPI\/AAAAAAAAAB4\/8sENyO8-_rA\/s1600-h\/DSC01135.JPG\"><img decoding=\"async\" src=\"https:\/\/i0.wp.com\/1.bp.blogspot.com\/_DdCmL2nv294\/SFlhNFchbPI\/AAAAAAAAAB4\/8sENyO8-_rA\/s400\/DSC01135.JPG\" alt=\"\"\/><\/a><\/figure>\n\n\n\n<p>There is a sale in the Dye Fore Golf Pro shop up in Altos de Chavon, 40% off on all men\u2019s shorts with the Casa de Campo Logo.  We\u2019re guessing this is while supplies last.<\/p>\n\n\n\n<figure class=\"wp-block-image\"><a href=\"https:\/\/i0.wp.com\/4.bp.blogspot.com\/_DdCmL2nv294\/SFlhu8n1pZI\/AAAAAAAAACA\/Q6K-VA2QuHE\/s1600-h\/DSC01136.JPG\"><img decoding=\"async\" src=\"https:\/\/i0.wp.com\/4.bp.blogspot.com\/_DdCmL2nv294\/SFlhu8n1pZI\/AAAAAAAAACA\/Q6K-VA2QuHE\/s400\/DSC01136.JPG\" alt=\"\"\/><\/a><\/figure>\n\n\n\n<div><\/div>\n","protected":false},"excerpt":{"rendered":"<p>There is a sale in the Dye Fore Golf Pro shop up in Altos de Chavon, 40% off on all men\u2019s shorts with the Casa de Campo Logo. We\u2019re guessing this is while supplies last.<\/p>\n","protected":false},"author":11,"featured_media":0,"comment_status":"closed","ping_status":"open","sticky":false,"template":"","format":"standard","meta":{"newspack_ads_suppress_ads":false,"newspack_popups_has_disabled_popups":false,"newspack_sponsor_sponsorship_scope":"","newspack_sponsor_native_byline_display":"inherit","newspack_sponsor_native_category_display":"inherit","newspack_sponsor_underwriter_style":"inherit","newspack_sponsor_underwriter_placement":"inherit","_newspack_byline_active":false,"_newspack_byline":"","newspack_hide_updated_date":false,"newspack_show_updated_date":false,"newspack_content_restriction_is_exempt":false,"newspack_featured_image_position":"","newspack_post_subtitle":"","newspack_article_summary_title":"Overview:","newspack_article_summary":"","_jetpack_memberships_contains_paid_content":false,"footnotes":"","jetpack_publicize_message":"","jetpack_publicize_feature_enabled":true,"jetpack_social_post_already_shared":false,"jetpack_social_options":{"image_generator_settings":{"template":"highway","default_image_id":0,"font":"","enabled":false},"version":2},"_wpas_customize_per_network":false},"categories":[56,14624,12568],"tags":[13810,60,68,13815],"newspack_spnsrs_tax":[],"class_list":["post-315783","post","type-post","status-publish","format-standard","hentry","category-altos-de-chavon","category-local-news","category-sports","tag-altos-de-chavon","tag-deals-and-specials","tag-golf-and-sports","tag-shopping","entry"],"yoast_head":"<!-- This site is optimized with the Yoast SEO plugin v27.5 - https:\/\/yoast.com\/product\/yoast-seo-wordpress\/ -->\n<title>On sale! | Casa de Campo Living<\/title>\n<meta name=\"description\" content=\"There is a sale in the Dye Fore Golf Pro shop up in Altos de Chavon, 40% off on all men\u2019s shorts with the Casa de Campo Logo. We\u2019re guessing this is while\" \/>\n<meta name=\"robots\" content=\"index, follow, max-snippet:-1, max-image-preview:large, max-video-preview:-1\" \/>\n<link rel=\"canonical\" href=\"https:\/\/casadecampoliving.com\/es\/on-sale\/\" \/>\n<meta property=\"og:locale\" content=\"es_ES\" \/>\n<meta property=\"og:type\" content=\"article\" \/>\n<meta property=\"og:title\" content=\"On sale! | Casa de Campo Living\" \/>\n<meta property=\"og:description\" content=\"There is a sale in the Dye Fore Golf Pro shop up in Altos de Chavon, 40% off on all men\u2019s shorts with the Casa de Campo Logo. We\u2019re guessing this is while\" \/>\n<meta property=\"og:url\" content=\"https:\/\/casadecampoliving.com\/es\/on-sale\/\" \/>\n<meta property=\"og:site_name\" content=\"Casa de Campo Living\" \/>\n<meta property=\"article:publisher\" content=\"https:\/\/www.facebook.com\/casadecampoliving\" \/>\n<meta property=\"article:published_time\" content=\"2008-06-16T04:00:00+00:00\" \/>\n<meta property=\"article:modified_time\" content=\"2022-10-21T21:50:51+00:00\" \/>\n<meta property=\"og:image\" content=\"http:\/\/1.bp.blogspot.com\/_DdCmL2nv294\/SFlhNFchbPI\/AAAAAAAAAB4\/8sENyO8-_rA\/s400\/DSC01135.JPG\" \/>\n<meta name=\"author\" content=\"Mr B\" \/>\n<meta name=\"twitter:card\" content=\"summary_large_image\" \/>\n<meta name=\"twitter:creator\" content=\"@cdcliving\" \/>\n<meta name=\"twitter:site\" content=\"@cdcliving\" \/>\n<meta name=\"twitter:label1\" content=\"Escrito por\" \/>\n\t<meta name=\"twitter:data1\" content=\"Mr B\" \/>\n<script type=\"application\/ld+json\" class=\"yoast-schema-graph\">{\"@context\":\"https:\\\/\\\/schema.org\",\"@graph\":[{\"@type\":\"Article\",\"@id\":\"https:\\\/\\\/casadecampoliving.com\\\/es\\\/on-sale\\\/#article\",\"isPartOf\":{\"@id\":\"https:\\\/\\\/casadecampoliving.com\\\/es\\\/on-sale\\\/\"},\"author\":{\"name\":\"Mr B\",\"@id\":\"https:\\\/\\\/casadecampoliving.com\\\/es\\\/#\\\/schema\\\/person\\\/6777daad22b2d75f00d60dff6798f994\"},\"headline\":\"On sale!\",\"datePublished\":\"2008-06-16T04:00:00+00:00\",\"dateModified\":\"2022-10-21T21:50:51+00:00\",\"mainEntityOfPage\":{\"@id\":\"https:\\\/\\\/casadecampoliving.com\\\/es\\\/on-sale\\\/\"},\"wordCount\":38,\"publisher\":{\"@id\":\"https:\\\/\\\/casadecampoliving.com\\\/es\\\/#organization\"},\"image\":{\"@id\":\"https:\\\/\\\/casadecampoliving.com\\\/es\\\/on-sale\\\/#primaryimage\"},\"thumbnailUrl\":\"https:\\\/\\\/i0.wp.com\\\/1.bp.blogspot.com\\\/_DdCmL2nv294\\\/SFlhNFchbPI\\\/AAAAAAAAAB4\\\/8sENyO8-_rA\\\/s400\\\/DSC01135.JPG\",\"keywords\":[\"Altos de Chavon\",\"Deals and Specials\",\"Golf and Sports\",\"Shopping\"],\"articleSection\":[\"Altos de Chavon\",\"Local News\",\"Sports\"],\"inLanguage\":\"es\"},{\"@type\":\"WebPage\",\"@id\":\"https:\\\/\\\/casadecampoliving.com\\\/es\\\/on-sale\\\/\",\"url\":\"https:\\\/\\\/casadecampoliving.com\\\/es\\\/on-sale\\\/\",\"name\":\"On sale! | Casa de Campo Living\",\"isPartOf\":{\"@id\":\"https:\\\/\\\/casadecampoliving.com\\\/es\\\/#website\"},\"primaryImageOfPage\":{\"@id\":\"https:\\\/\\\/casadecampoliving.com\\\/es\\\/on-sale\\\/#primaryimage\"},\"image\":{\"@id\":\"https:\\\/\\\/casadecampoliving.com\\\/es\\\/on-sale\\\/#primaryimage\"},\"thumbnailUrl\":\"https:\\\/\\\/i0.wp.com\\\/1.bp.blogspot.com\\\/_DdCmL2nv294\\\/SFlhNFchbPI\\\/AAAAAAAAAB4\\\/8sENyO8-_rA\\\/s400\\\/DSC01135.JPG\",\"datePublished\":\"2008-06-16T04:00:00+00:00\",\"dateModified\":\"2022-10-21T21:50:51+00:00\",\"description\":\"There is a sale in the Dye Fore Golf Pro shop up in Altos de Chavon, 40% off on all men\u2019s shorts with the Casa de Campo Logo. We\u2019re guessing this is while\",\"breadcrumb\":{\"@id\":\"https:\\\/\\\/casadecampoliving.com\\\/es\\\/on-sale\\\/#breadcrumb\"},\"inLanguage\":\"es\",\"potentialAction\":[{\"@type\":\"ReadAction\",\"target\":[\"https:\\\/\\\/casadecampoliving.com\\\/es\\\/on-sale\\\/\"]}]},{\"@type\":\"ImageObject\",\"inLanguage\":\"es\",\"@id\":\"https:\\\/\\\/casadecampoliving.com\\\/es\\\/on-sale\\\/#primaryimage\",\"url\":\"https:\\\/\\\/i0.wp.com\\\/1.bp.blogspot.com\\\/_DdCmL2nv294\\\/SFlhNFchbPI\\\/AAAAAAAAAB4\\\/8sENyO8-_rA\\\/s400\\\/DSC01135.JPG\",\"contentUrl\":\"https:\\\/\\\/i0.wp.com\\\/1.bp.blogspot.com\\\/_DdCmL2nv294\\\/SFlhNFchbPI\\\/AAAAAAAAAB4\\\/8sENyO8-_rA\\\/s400\\\/DSC01135.JPG\"},{\"@type\":\"BreadcrumbList\",\"@id\":\"https:\\\/\\\/casadecampoliving.com\\\/es\\\/on-sale\\\/#breadcrumb\",\"itemListElement\":[{\"@type\":\"ListItem\",\"position\":1,\"name\":\"Home\",\"item\":\"https:\\\/\\\/casadecampoliving.com\\\/es\\\/\"},{\"@type\":\"ListItem\",\"position\":2,\"name\":\"On sale!\"}]},{\"@type\":\"WebSite\",\"@id\":\"https:\\\/\\\/casadecampoliving.com\\\/es\\\/#website\",\"url\":\"https:\\\/\\\/casadecampoliving.com\\\/es\\\/\",\"name\":\"Casa de Campo Living\",\"description\":\"Resort community news and resources.\",\"publisher\":{\"@id\":\"https:\\\/\\\/casadecampoliving.com\\\/es\\\/#organization\"},\"potentialAction\":[{\"@type\":\"SearchAction\",\"target\":{\"@type\":\"EntryPoint\",\"urlTemplate\":\"https:\\\/\\\/casadecampoliving.com\\\/es\\\/?s={search_term_string}\"},\"query-input\":{\"@type\":\"PropertyValueSpecification\",\"valueRequired\":true,\"valueName\":\"search_term_string\"}}],\"inLanguage\":\"es\"},{\"@type\":\"Organization\",\"@id\":\"https:\\\/\\\/casadecampoliving.com\\\/es\\\/#organization\",\"name\":\"Casa de Campo Living\",\"url\":\"https:\\\/\\\/casadecampoliving.com\\\/es\\\/\",\"logo\":{\"@type\":\"ImageObject\",\"inLanguage\":\"es\",\"@id\":\"https:\\\/\\\/casadecampoliving.com\\\/es\\\/#\\\/schema\\\/logo\\\/image\\\/\",\"url\":\"https:\\\/\\\/i0.wp.com\\\/casadecampoliving.com\\\/wp-content\\\/uploads\\\/2022\\\/07\\\/CDCLivingLogo_V1-white-sized.png?fit=800%2C214&ssl=1\",\"contentUrl\":\"https:\\\/\\\/i0.wp.com\\\/casadecampoliving.com\\\/wp-content\\\/uploads\\\/2022\\\/07\\\/CDCLivingLogo_V1-white-sized.png?fit=800%2C214&ssl=1\",\"width\":800,\"height\":214,\"caption\":\"Casa de Campo Living\"},\"image\":{\"@id\":\"https:\\\/\\\/casadecampoliving.com\\\/es\\\/#\\\/schema\\\/logo\\\/image\\\/\"},\"sameAs\":[\"https:\\\/\\\/www.facebook.com\\\/casadecampoliving\",\"https:\\\/\\\/x.com\\\/cdcliving\"]},{\"@type\":\"Person\",\"@id\":\"https:\\\/\\\/casadecampoliving.com\\\/es\\\/#\\\/schema\\\/person\\\/6777daad22b2d75f00d60dff6798f994\",\"name\":\"Mr B\",\"image\":{\"@type\":\"ImageObject\",\"inLanguage\":\"es\",\"@id\":\"https:\\\/\\\/secure.gravatar.com\\\/avatar\\\/a6081966dadc36da8930069678823cea59d9084eb1da84bf7f94ea86ad9119f8?s=96&d=mm&r=g\",\"url\":\"https:\\\/\\\/secure.gravatar.com\\\/avatar\\\/a6081966dadc36da8930069678823cea59d9084eb1da84bf7f94ea86ad9119f8?s=96&d=mm&r=g\",\"contentUrl\":\"https:\\\/\\\/secure.gravatar.com\\\/avatar\\\/a6081966dadc36da8930069678823cea59d9084eb1da84bf7f94ea86ad9119f8?s=96&d=mm&r=g\",\"caption\":\"Mr B\"},\"url\":\"https:\\\/\\\/casadecampoliving.com\\\/es\\\/author\\\/rbournigal\\\/\"}]}<\/script>\n<!-- \/ Yoast SEO plugin. -->","yoast_head_json":{"title":"On sale! | Casa de Campo Living","description":"There is a sale in the Dye Fore Golf Pro shop up in Altos de Chavon, 40% off on all men\u2019s shorts with the Casa de Campo Logo. We\u2019re guessing this is while","robots":{"index":"index","follow":"follow","max-snippet":"max-snippet:-1","max-image-preview":"max-image-preview:large","max-video-preview":"max-video-preview:-1"},"canonical":"https:\/\/casadecampoliving.com\/es\/on-sale\/","og_locale":"es_ES","og_type":"article","og_title":"On sale! | Casa de Campo Living","og_description":"There is a sale in the Dye Fore Golf Pro shop up in Altos de Chavon, 40% off on all men\u2019s shorts with the Casa de Campo Logo. We\u2019re guessing this is while","og_url":"https:\/\/casadecampoliving.com\/es\/on-sale\/","og_site_name":"Casa de Campo Living","article_publisher":"https:\/\/www.facebook.com\/casadecampoliving","article_published_time":"2008-06-16T04:00:00+00:00","article_modified_time":"2022-10-21T21:50:51+00:00","og_image":[{"url":"http:\/\/1.bp.blogspot.com\/_DdCmL2nv294\/SFlhNFchbPI\/AAAAAAAAAB4\/8sENyO8-_rA\/s400\/DSC01135.JPG","type":"","width":"","height":""}],"author":"Mr B","twitter_card":"summary_large_image","twitter_creator":"@cdcliving","twitter_site":"@cdcliving","twitter_misc":{"Escrito por":"Mr B"},"schema":{"@context":"https:\/\/schema.org","@graph":[{"@type":"Article","@id":"https:\/\/casadecampoliving.com\/es\/on-sale\/#article","isPartOf":{"@id":"https:\/\/casadecampoliving.com\/es\/on-sale\/"},"author":{"name":"Mr B","@id":"https:\/\/casadecampoliving.com\/es\/#\/schema\/person\/6777daad22b2d75f00d60dff6798f994"},"headline":"On sale!","datePublished":"2008-06-16T04:00:00+00:00","dateModified":"2022-10-21T21:50:51+00:00","mainEntityOfPage":{"@id":"https:\/\/casadecampoliving.com\/es\/on-sale\/"},"wordCount":38,"publisher":{"@id":"https:\/\/casadecampoliving.com\/es\/#organization"},"image":{"@id":"https:\/\/casadecampoliving.com\/es\/on-sale\/#primaryimage"},"thumbnailUrl":"https:\/\/i0.wp.com\/1.bp.blogspot.com\/_DdCmL2nv294\/SFlhNFchbPI\/AAAAAAAAAB4\/8sENyO8-_rA\/s400\/DSC01135.JPG","keywords":["Altos de Chavon","Deals and Specials","Golf and Sports","Shopping"],"articleSection":["Altos de Chavon","Local News","Sports"],"inLanguage":"es"},{"@type":"WebPage","@id":"https:\/\/casadecampoliving.com\/es\/on-sale\/","url":"https:\/\/casadecampoliving.com\/es\/on-sale\/","name":"On sale! | Casa de Campo Living","isPartOf":{"@id":"https:\/\/casadecampoliving.com\/es\/#website"},"primaryImageOfPage":{"@id":"https:\/\/casadecampoliving.com\/es\/on-sale\/#primaryimage"},"image":{"@id":"https:\/\/casadecampoliving.com\/es\/on-sale\/#primaryimage"},"thumbnailUrl":"https:\/\/i0.wp.com\/1.bp.blogspot.com\/_DdCmL2nv294\/SFlhNFchbPI\/AAAAAAAAAB4\/8sENyO8-_rA\/s400\/DSC01135.JPG","datePublished":"2008-06-16T04:00:00+00:00","dateModified":"2022-10-21T21:50:51+00:00","description":"There is a sale in the Dye Fore Golf Pro shop up in Altos de Chavon, 40% off on all men\u2019s shorts with the Casa de Campo Logo. We\u2019re guessing this is while","breadcrumb":{"@id":"https:\/\/casadecampoliving.com\/es\/on-sale\/#breadcrumb"},"inLanguage":"es","potentialAction":[{"@type":"ReadAction","target":["https:\/\/casadecampoliving.com\/es\/on-sale\/"]}]},{"@type":"ImageObject","inLanguage":"es","@id":"https:\/\/casadecampoliving.com\/es\/on-sale\/#primaryimage","url":"https:\/\/i0.wp.com\/1.bp.blogspot.com\/_DdCmL2nv294\/SFlhNFchbPI\/AAAAAAAAAB4\/8sENyO8-_rA\/s400\/DSC01135.JPG","contentUrl":"https:\/\/i0.wp.com\/1.bp.blogspot.com\/_DdCmL2nv294\/SFlhNFchbPI\/AAAAAAAAAB4\/8sENyO8-_rA\/s400\/DSC01135.JPG"},{"@type":"BreadcrumbList","@id":"https:\/\/casadecampoliving.com\/es\/on-sale\/#breadcrumb","itemListElement":[{"@type":"ListItem","position":1,"name":"Home","item":"https:\/\/casadecampoliving.com\/es\/"},{"@type":"ListItem","position":2,"name":"On sale!"}]},{"@type":"WebSite","@id":"https:\/\/casadecampoliving.com\/es\/#website","url":"https:\/\/casadecampoliving.com\/es\/","name":"Casa de Campo Living","description":"Resort community news and resources.","publisher":{"@id":"https:\/\/casadecampoliving.com\/es\/#organization"},"potentialAction":[{"@type":"SearchAction","target":{"@type":"EntryPoint","urlTemplate":"https:\/\/casadecampoliving.com\/es\/?s={search_term_string}"},"query-input":{"@type":"PropertyValueSpecification","valueRequired":true,"valueName":"search_term_string"}}],"inLanguage":"es"},{"@type":"Organization","@id":"https:\/\/casadecampoliving.com\/es\/#organization","name":"Casa de Campo Living","url":"https:\/\/casadecampoliving.com\/es\/","logo":{"@type":"ImageObject","inLanguage":"es","@id":"https:\/\/casadecampoliving.com\/es\/#\/schema\/logo\/image\/","url":"https:\/\/i0.wp.com\/casadecampoliving.com\/wp-content\/uploads\/2022\/07\/CDCLivingLogo_V1-white-sized.png?fit=800%2C214&ssl=1","contentUrl":"https:\/\/i0.wp.com\/casadecampoliving.com\/wp-content\/uploads\/2022\/07\/CDCLivingLogo_V1-white-sized.png?fit=800%2C214&ssl=1","width":800,"height":214,"caption":"Casa de Campo Living"},"image":{"@id":"https:\/\/casadecampoliving.com\/es\/#\/schema\/logo\/image\/"},"sameAs":["https:\/\/www.facebook.com\/casadecampoliving","https:\/\/x.com\/cdcliving"]},{"@type":"Person","@id":"https:\/\/casadecampoliving.com\/es\/#\/schema\/person\/6777daad22b2d75f00d60dff6798f994","name":"Mr B","image":{"@type":"ImageObject","inLanguage":"es","@id":"https:\/\/secure.gravatar.com\/avatar\/a6081966dadc36da8930069678823cea59d9084eb1da84bf7f94ea86ad9119f8?s=96&d=mm&r=g","url":"https:\/\/secure.gravatar.com\/avatar\/a6081966dadc36da8930069678823cea59d9084eb1da84bf7f94ea86ad9119f8?s=96&d=mm&r=g","contentUrl":"https:\/\/secure.gravatar.com\/avatar\/a6081966dadc36da8930069678823cea59d9084eb1da84bf7f94ea86ad9119f8?s=96&d=mm&r=g","caption":"Mr B"},"url":"https:\/\/casadecampoliving.com\/es\/author\/rbournigal\/"}]}},"parsely":{"version":"1.1.0","canonical_url":"https:\/\/casadecampoliving.com\/es\/on-sale\/","smart_links":{"inbound":0,"outbound":0},"traffic_boost_suggestions_count":0,"meta":{"@context":"https:\/\/schema.org","@type":"NewsArticle","headline":"On sale!","url":"http:\/\/casadecampoliving.com\/es\/on-sale\/","mainEntityOfPage":{"@type":"WebPage","@id":"http:\/\/casadecampoliving.com\/es\/on-sale\/"},"thumbnailUrl":"","image":{"@type":"ImageObject","url":""},"articleSection":"Altos de Chavon","author":[{"@type":"Person","name":"Mr B"}],"creator":["Mr B"],"publisher":{"@type":"Organization","name":"Casa de Campo Living","logo":"https:\/\/casadecampoliving.com\/wp-content\/uploads\/2022\/07\/CDCLivingLogo_V1-white-sized.png"},"keywords":["altos de chavon -es","deals and specials","golf and sports","shopping"],"dateCreated":"2008-06-16T04:00:00Z","datePublished":"2008-06-16T04:00:00Z","dateModified":"2022-10-21T21:50:51Z"},"rendered":"<script type=\"application\/ld+json\" class=\"wp-parsely-metadata\">{\"@context\":\"https:\\\/\\\/schema.org\",\"@type\":\"NewsArticle\",\"headline\":\"On sale!\",\"url\":\"http:\\\/\\\/casadecampoliving.com\\\/es\\\/on-sale\\\/\",\"mainEntityOfPage\":{\"@type\":\"WebPage\",\"@id\":\"http:\\\/\\\/casadecampoliving.com\\\/es\\\/on-sale\\\/\"},\"thumbnailUrl\":\"\",\"image\":{\"@type\":\"ImageObject\",\"url\":\"\"},\"articleSection\":\"Altos de Chavon\",\"author\":[{\"@type\":\"Person\",\"name\":\"Mr B\"}],\"creator\":[\"Mr B\"],\"publisher\":{\"@type\":\"Organization\",\"name\":\"Casa de Campo Living\",\"logo\":\"https:\\\/\\\/casadecampoliving.com\\\/wp-content\\\/uploads\\\/2022\\\/07\\\/CDCLivingLogo_V1-white-sized.png\"},\"keywords\":[\"altos de chavon -es\",\"deals and specials\",\"golf and sports\",\"shopping\"],\"dateCreated\":\"2008-06-16T04:00:00Z\",\"datePublished\":\"2008-06-16T04:00:00Z\",\"dateModified\":\"2022-10-21T21:50:51Z\"}<\/script>","tracker_url":"https:\/\/cdn.parsely.com\/keys\/casadecampoliving.com\/p.js"},"jetpack_publicize_connections":[],"jetpack_featured_media_url":"","jetpack-related-posts":[{"id":433460,"url":"https:\/\/casadecampoliving.com\/es\/no-se-pierdan-el-increible-tributo-a-frank-sinatra-para-celebrar-el-40-aniversario-del-anfiteatro-altos-de-chavon\/","url_meta":{"origin":315783,"position":0},"title":"No se pierdan el incre\u00edble tributo a Frank Sinatra para celebrar el 40 aniversario del\u00a0Anfiteatro Altos de Chav\u00f3n","author":"Casa de Campo Living","date":"20 Oct, 2022","format":false,"excerpt":"Siendo uno de los escenarios m\u00e1s emblem\u00e1ticos del pa\u00eds, Casa de Campo Resort\u00ae & Villas celebra las cuatro d\u00e9cadas de aniversario de Altos de Chav\u00f3n con un tributo al gran Frank Sinatra, protagonizado por artistas invitados y una big band tal cual la que acompa\u00f1\u00f3 al artista hace 40 a\u00f1os\u2026","rel":"","context":"En \u00abUncategorized @es\u00bb","block_context":{"text":"Uncategorized @es","link":"https:\/\/casadecampoliving.com\/es\/category\/uncategorized-es\/"},"img":{"alt_text":"","src":"https:\/\/i0.wp.com\/casadecampoliving.com\/wp-content\/uploads\/2022\/10\/Tributo-Frank-Sinatra-Foto-Principal-Amaury-Sanchez-Danilo-Ginebra-Andres-Pichardo-y-Jose-Gabriel-Perez-.jpg?fit=1200%2C873&ssl=1&resize=350%2C200","width":350,"height":200,"srcset":"https:\/\/i0.wp.com\/casadecampoliving.com\/wp-content\/uploads\/2022\/10\/Tributo-Frank-Sinatra-Foto-Principal-Amaury-Sanchez-Danilo-Ginebra-Andres-Pichardo-y-Jose-Gabriel-Perez-.jpg?fit=1200%2C873&ssl=1&resize=350%2C200 1x, https:\/\/i0.wp.com\/casadecampoliving.com\/wp-content\/uploads\/2022\/10\/Tributo-Frank-Sinatra-Foto-Principal-Amaury-Sanchez-Danilo-Ginebra-Andres-Pichardo-y-Jose-Gabriel-Perez-.jpg?fit=1200%2C873&ssl=1&resize=525%2C300 1.5x, https:\/\/i0.wp.com\/casadecampoliving.com\/wp-content\/uploads\/2022\/10\/Tributo-Frank-Sinatra-Foto-Principal-Amaury-Sanchez-Danilo-Ginebra-Andres-Pichardo-y-Jose-Gabriel-Perez-.jpg?fit=1200%2C873&ssl=1&resize=700%2C400 2x, https:\/\/i0.wp.com\/casadecampoliving.com\/wp-content\/uploads\/2022\/10\/Tributo-Frank-Sinatra-Foto-Principal-Amaury-Sanchez-Danilo-Ginebra-Andres-Pichardo-y-Jose-Gabriel-Perez-.jpg?fit=1200%2C873&ssl=1&resize=1050%2C600 3x"},"classes":[]},{"id":318816,"url":"https:\/\/casadecampoliving.com\/es\/this-weekend-in-casa-may-6th-to-9th\/","url_meta":{"origin":315783,"position":1},"title":"This Weekend In Casa- May 6th to 9th","author":"Priscilla Baez","date":"6 May, 2010","format":false,"excerpt":"Hello readers! I hope last weekend was a blast- this weekend will be no less. Enjoy! Fun fact: United States President Barack Obama has declared May 6th 2010, National Prayer Day. Excellent movies are on display. Did you know Clash of the Titans has grossed 427 million dollars world-wide? Thursday\u2026","rel":"","context":"En \u00abAltos de Chavon\u00bb","block_context":{"text":"Altos de Chavon","link":"https:\/\/casadecampoliving.com\/category\/altos-de-chavon\/"},"img":{"alt_text":"","src":"https:\/\/i0.wp.com\/casadecampoliving.com\/wp-content\/uploads\/2022\/10\/this-weekend-in-casa-la-estancia-casa-de-campo-living-1.jpg?fit=575%2C431&ssl=1&resize=350%2C200","width":350,"height":200,"srcset":"https:\/\/i0.wp.com\/casadecampoliving.com\/wp-content\/uploads\/2022\/10\/this-weekend-in-casa-la-estancia-casa-de-campo-living-1.jpg?fit=575%2C431&ssl=1&resize=350%2C200 1x, https:\/\/i0.wp.com\/casadecampoliving.com\/wp-content\/uploads\/2022\/10\/this-weekend-in-casa-la-estancia-casa-de-campo-living-1.jpg?fit=575%2C431&ssl=1&resize=525%2C300 1.5x"},"classes":[]},{"id":321779,"url":"https:\/\/casadecampoliving.com\/celebrating-the-8th-annual-funglode-golf-tournament-at-la-romana-country-club-and-altos-de-chavon\/","url_meta":{"origin":315783,"position":2},"title":"Celebrating the 8th annual FUNGLODE golf tournament at La Romana Country Club and Altos de Chav\u00f3n","author":"Rebecca Silvestri","date":"7 Nov, 2012","format":false,"excerpt":"Last weekend from the 2nd to the 4th of November 2012, the 8th annual FUNGLODE golf tournament was celebrated in Casa de Campo, with participants enjoying cocktail celebrations on both Friday and Saturday evenings. The tournament, which raises funds for activities, projects, research and publications funded by the\u00a0FUNGLODE foundation (the\u2026","rel":"","context":"En \u00abAltos de Chavon\u00bb","block_context":{"text":"Altos de Chavon","link":"https:\/\/casadecampoliving.com\/category\/altos-de-chavon\/"},"img":{"alt_text":"FUNGLODE eddy martinez","src":"https:\/\/i0.wp.com\/casadecampoliving.com\/wp-content\/uploads\/2022\/10\/FUNGLODE_eddy_martinez-1.jpg?fit=650%2C352&ssl=1&resize=350%2C200","width":350,"height":200,"srcset":"https:\/\/i0.wp.com\/casadecampoliving.com\/wp-content\/uploads\/2022\/10\/FUNGLODE_eddy_martinez-1.jpg?fit=650%2C352&ssl=1&resize=350%2C200 1x, https:\/\/i0.wp.com\/casadecampoliving.com\/wp-content\/uploads\/2022\/10\/FUNGLODE_eddy_martinez-1.jpg?fit=650%2C352&ssl=1&resize=525%2C300 1.5x"},"classes":[]},{"id":320827,"url":"https:\/\/casadecampoliving.com\/a-christmas-harmony-fireworks-and-the-bazaar-navideno-tonight-on-the-altos-de-chavon-plaza\/","url_meta":{"origin":315783,"position":3},"title":"\u00abA Christmas Harmony\u00bb, fireworks and the Bazaar Navide\u00f1o &#8211; TONIGHT on the Altos de Chav\u00f3n Plaza!","author":"Rebecca Silvestri","date":"16 Dic, 2011","format":false,"excerpt":"TONIGHT, Christmas and the holidays is going to be inaugurated with the biggest and most elaborate celebration Altos de Chav\u00f3n has ever seen! With the Bazaar Navide\u00f1o, a visit from Santa Claus, the Nutcracker Ballet, the Lighting of the Christmas Tree, a choir performance called \u201cA Christmas Harmony\u201d and FIREWORKS!\u2026","rel":"","context":"En \u00abAltos de Chavon\u00bb","block_context":{"text":"Altos de Chavon","link":"https:\/\/casadecampoliving.com\/category\/altos-de-chavon\/"},"img":{"alt_text":"altos de chavon plaza","src":"https:\/\/i0.wp.com\/casadecampoliving.com\/wp-content\/uploads\/2022\/10\/altos_de_chavon_plaza-1.jpg?fit=650%2C450&ssl=1&resize=350%2C200","width":350,"height":200,"srcset":"https:\/\/i0.wp.com\/casadecampoliving.com\/wp-content\/uploads\/2022\/10\/altos_de_chavon_plaza-1.jpg?fit=650%2C450&ssl=1&resize=350%2C200 1x, https:\/\/i0.wp.com\/casadecampoliving.com\/wp-content\/uploads\/2022\/10\/altos_de_chavon_plaza-1.jpg?fit=650%2C450&ssl=1&resize=525%2C300 1.5x"},"classes":[]},{"id":320882,"url":"https:\/\/casadecampoliving.com\/folkloric-ballet-a-los-cuatro-vientos-a-dance-through-caribbean-culture\/","url_meta":{"origin":315783,"position":4},"title":"Folkloric Ballet \u00abA los cuatro vientos\u00bb &#8211; a dance through Caribbean culture!","author":"Rebecca Silvestri","date":"1 Ene, 2012","format":false,"excerpt":"What a culturely colorful show! The \"Folklore a los cuatro vientos\" performed at the Altos de Chav\u00f3n amphitheater last Saturday the 17th of December was a singing, dancing, whirlwind tour of the Caribbean's wonderful and varied cultures. \u00a0 Brought to Altos de Chav\u00f3n and Casa de Campo by the\u00a0Dominican Republic\u2019s\u2026","rel":"","context":"En \u00abAltos de Chavon\u00bb","block_context":{"text":"Altos de Chavon","link":"https:\/\/casadecampoliving.com\/category\/altos-de-chavon\/"},"img":{"alt_text":"ballet folklore altos de chavon","src":"https:\/\/i0.wp.com\/casadecampoliving.com\/wp-content\/uploads\/2022\/10\/ballet_folklore_altos_de_chavon-2.jpg?fit=639%2C377&ssl=1&resize=350%2C200","width":350,"height":200,"srcset":"https:\/\/i0.wp.com\/casadecampoliving.com\/wp-content\/uploads\/2022\/10\/ballet_folklore_altos_de_chavon-2.jpg?fit=639%2C377&ssl=1&resize=350%2C200 1x, https:\/\/i0.wp.com\/casadecampoliving.com\/wp-content\/uploads\/2022\/10\/ballet_folklore_altos_de_chavon-2.jpg?fit=639%2C377&ssl=1&resize=525%2C300 1.5x"},"classes":[]},{"id":320823,"url":"https:\/\/casadecampoliving.com\/this-weekend-in-casa-de-campo-16th-18th-dec\/","url_meta":{"origin":315783,"position":5},"title":"This Weekend in Casa de Campo: 16th-18th Dec!","author":"","date":"16 Dic, 2011","format":false,"excerpt":"This weekend in Casa de Campo, again, there is plenty of fun activities for all Casa de Campo villa owners, residents and guests. Today and tomorrow we have the\u00a0Bazaar Navide\u00f1o (part 2) in Altos de Chav\u00f3n, with\u00a0a visit from Santa,\u00a0the Nutcracker ballet, the \u201cFolklore to the four winds\u201d, the christmas\u2026","rel":"","context":"En \u00abAltos de Chavon\u00bb","block_context":{"text":"Altos de Chavon","link":"https:\/\/casadecampoliving.com\/category\/altos-de-chavon\/"},"img":{"alt_text":"altos de chavon","src":"https:\/\/i0.wp.com\/casadecampoliving.com\/wp-content\/uploads\/2022\/10\/altos_de_chavon-3.jpg?fit=650%2C350&ssl=1&resize=350%2C200","width":350,"height":200,"srcset":"https:\/\/i0.wp.com\/casadecampoliving.com\/wp-content\/uploads\/2022\/10\/altos_de_chavon-3.jpg?fit=650%2C350&ssl=1&resize=350%2C200 1x, https:\/\/i0.wp.com\/casadecampoliving.com\/wp-content\/uploads\/2022\/10\/altos_de_chavon-3.jpg?fit=650%2C350&ssl=1&resize=525%2C300 1.5x"},"classes":[]}],"jetpack_sharing_enabled":true,"_links":{"self":[{"href":"https:\/\/casadecampoliving.com\/es\/wp-json\/wp\/v2\/posts\/315783","targetHints":{"allow":["GET"]}}],"collection":[{"href":"https:\/\/casadecampoliving.com\/es\/wp-json\/wp\/v2\/posts"}],"about":[{"href":"https:\/\/casadecampoliving.com\/es\/wp-json\/wp\/v2\/types\/post"}],"author":[{"embeddable":true,"href":"https:\/\/casadecampoliving.com\/es\/wp-json\/wp\/v2\/users\/11"}],"replies":[{"embeddable":true,"href":"https:\/\/casadecampoliving.com\/es\/wp-json\/wp\/v2\/comments?post=315783"}],"version-history":[{"count":0,"href":"https:\/\/casadecampoliving.com\/es\/wp-json\/wp\/v2\/posts\/315783\/revisions"}],"wp:attachment":[{"href":"https:\/\/casadecampoliving.com\/es\/wp-json\/wp\/v2\/media?parent=315783"}],"wp:term":[{"taxonomy":"category","embeddable":true,"href":"https:\/\/casadecampoliving.com\/es\/wp-json\/wp\/v2\/categories?post=315783"},{"taxonomy":"post_tag","embeddable":true,"href":"https:\/\/casadecampoliving.com\/es\/wp-json\/wp\/v2\/tags?post=315783"},{"taxonomy":"newspack_spnsrs_tax","embeddable":true,"href":"https:\/\/casadecampoliving.com\/es\/wp-json\/wp\/v2\/newspack_spnsrs_tax?post=315783"}],"curies":[{"name":"wp","href":"https:\/\/api.w.org\/{rel}","templated":true}]}}