{"id":315749,"date":"2007-03-19T00:00:00","date_gmt":"2007-03-19T04:00:00","guid":{"rendered":"https:\/\/casadecampoliving.com\/182\/"},"modified":"2022-10-21T17:48:27","modified_gmt":"2022-10-21T21:48:27","slug":"182","status":"publish","type":"post","link":"https:\/\/casadecampoliving.com\/es\/182\/","title":{"rendered":"The Spanish are coming, the Spanish are coming!"},"content":{"rendered":"\n<p><a href=\"https:\/\/i0.wp.com\/4.bp.blogspot.com\/_b8mHVdrLGb8\/Rf60MXzSvmI\/AAAAAAAABe0\/EQaS89WwGs0\/s1600-h\/feria-abril-sevilla+4.jpg\"><img decoding=\"async\" loading=\"lazy\" id=\"BLOGGER_PHOTO_ID_5043666757342117474\" style=\"float: right; margin: 0px 0px 10px 10px; width: 235px; cursor: hand; height: 160px;\" src=\"https:\/\/i0.wp.com\/casadecampoliving.com\/wp-content\/uploads\/2022\/10\/feria-abril-sevilla-4-1.jpg?resize=298%2C212&amp;ssl=1\" border=\"0\" alt=\"\" width=\"298\" height=\"212\"><\/a>You read right! For Semana Santa (Holy Week), Casa de Campo will be the host to the first annual Andalusia Fair in the Caribbean. Its an exciting four day event that will begin the 5th of April and continue on till the early morning of the 9th.<\/p>\n\n\n\n<p>What an event it will be too! There will be a plethora of activities from Golf (of course), shooting, Tennis, a Regatta, an exhibition Polo tournament and more\u2026 and that\u2019s just the tip of the iceberg. In the main area (right outside the Altos de Chavon Amphiterter), there will be over 40 tents (some still available for sale), ranging in sizes from medium, large and mega! These tents are being snapped up by locals \u2013 businesses and individuals, and will serve as their home during the event, in which they will be able to recive guest, drink, dance and be merry. <a href=\"https:\/\/i0.wp.com\/3.bp.blogspot.com\/_b8mHVdrLGb8\/Rf60NHzSvpI\/AAAAAAAABfM\/wzo32L2ZyEk\/s1600-h\/foto+en+alta+14.jpg\"><img decoding=\"async\" loading=\"lazy\" id=\"BLOGGER_PHOTO_ID_5043666770227019410\" style=\"FLOAT: right; MARGIN: 0px 0px 10px 10px; CURSOR: hand\" src=\"https:\/\/i0.wp.com\/casadecampoliving.com\/wp-content\/uploads\/2022\/10\/foto-en-alta-14-1.jpg?resize=269%2C182&amp;ssl=1\" border=\"0\" alt=\"\" width=\"269\" height=\"182\"><\/a>As with the original Fair in Sevilla, these tents are on a first come first serve basis, and once you\u2019ve secured your tent, you\u2019ll have the right of first refusal for following years\u2026 and given the fact that the Feria de Abril (the original name for the Fair) has been going strong for over 140 years, this is a good reason to get them while they last!<\/p>\n\n\n\n<p>So back to the festivities\u2026 the entire resort will be in full Andalusian flurry during this time, but the main event will take place in the main area\u2026 there will be Fashion shows, traditional Fair activities, Tapas, Wines, Churros &amp; Hot Chocolate (starting at around 2am), DJ\u2019s &amp; Dancing, and oh so much more\u2026 you can see the full program of activities online at <a href=\"http:\/\/www.feriaandaluciaenelcaribe.com\/\">http:\/\/www.feriaandaluciaenelcaribe.com\/<\/a><\/p>\n\n\n\n<p><img decoding=\"async\" loading=\"lazy\" id=\"BLOGGER_PHOTO_ID_5043666765932052098\" style=\"float: right; margin: 0px 0px 10px 10px; width: 235px; cursor: hand; height: 128px;\" src=\"https:\/\/i0.wp.com\/casadecampoliving.com\/wp-content\/uploads\/2022\/10\/feria-abril-sevilla-1.jpg?resize=284%2C146&amp;ssl=1\" border=\"0\" alt=\"\" width=\"284\" height=\"146\">Did I mention that there will also be a concert! That\u2019s right! Diego Torres will be performing live in the Altos de Chavon Amphitherter on Saturday the 7th.<\/p>\n\n\n\n<p>While I will do my best to keep everyone posted on the activities as they unravel (they\u2019ve already started setting up the tents \u2013 photos to come), I do hope that you will be able to participate and join in the festivities.<\/p>\n\n\n\n<p>Vale chico y chicas!<\/p>\n\n\n\n<figure class=\"wp-block-image\"><a href=\"https:\/\/i0.wp.com\/3.bp.blogspot.com\/_b8mHVdrLGb8\/Rf63aHzSvvI\/AAAAAAAABf8\/ti1H_deKC9U\/s1600-h\/feria-abril-sevilla+3.jpg\"><img decoding=\"async\" src=\"https:\/\/i0.wp.com\/casadecampoliving.com\/wp-content\/uploads\/2022\/10\/feria-abril-sevilla-3.jpg?ssl=1\" alt=\"\"\/><\/a><\/figure>\n\n\n\n<figure class=\"wp-block-image\"><a href=\"https:\/\/i0.wp.com\/4.bp.blogspot.com\/_b8mHVdrLGb8\/Rf63aXzSvwI\/AAAAAAAABgE\/Wx--cdv7mHg\/s1600-h\/feria-abril-sevilla+6.jpg\"><img decoding=\"async\" src=\"https:\/\/i0.wp.com\/casadecampoliving.com\/wp-content\/uploads\/2022\/10\/feria-abril-sevilla-6.jpg?ssl=1\" alt=\"\"\/><\/a><\/figure>\n\n\n\n<figure class=\"wp-block-image\"><a href=\"https:\/\/i0.wp.com\/2.bp.blogspot.com\/_b8mHVdrLGb8\/Rf63a3zSvxI\/AAAAAAAABgM\/__qI8Z1noDc\/s1600-h\/foto+en+alta+4.jpg\"><img decoding=\"async\" src=\"https:\/\/i0.wp.com\/casadecampoliving.com\/wp-content\/uploads\/2022\/10\/foto-en-alta-4-1.jpg?ssl=1\" alt=\"\"\/><\/a><\/figure>\n\n\n\n<figure class=\"wp-block-image\"><a href=\"https:\/\/i0.wp.com\/3.bp.blogspot.com\/_b8mHVdrLGb8\/Rf63dHzSvyI\/AAAAAAAABgU\/wn_pnVYnBos\/s1600-h\/foto+en+alta+11.jpg\"><img decoding=\"async\" src=\"https:\/\/i0.wp.com\/casadecampoliving.com\/wp-content\/uploads\/2022\/10\/foto-en-alta-11.jpg?ssl=1\" alt=\"\"\/><\/a><\/figure>\n","protected":false},"excerpt":{"rendered":"<p>You read right! For Semana Santa (Holy Week), Casa de Campo will be the host to the first annual Andalusia Fair in the Caribbean. Its an exciting four day event that will begin the 5th of April and continue on till the early morning of the 9th. What an event it will be too! There [&hellip;]<\/p>\n","protected":false},"author":11,"featured_media":212537,"comment_status":"closed","ping_status":"open","sticky":false,"template":"","format":"standard","meta":{"newspack_ads_suppress_ads":false,"newspack_popups_has_disabled_popups":false,"newspack_sponsor_sponsorship_scope":"","newspack_sponsor_native_byline_display":"inherit","newspack_sponsor_native_category_display":"inherit","newspack_sponsor_underwriter_style":"inherit","newspack_sponsor_underwriter_placement":"inherit","_newspack_byline_active":false,"_newspack_byline":"","newspack_hide_updated_date":false,"newspack_show_updated_date":false,"newspack_content_restriction_is_exempt":false,"newspack_featured_image_position":"","newspack_post_subtitle":"","newspack_article_summary_title":"Overview:","newspack_article_summary":"","_jetpack_memberships_contains_paid_content":false,"footnotes":"","jetpack_publicize_message":"","jetpack_publicize_feature_enabled":true,"jetpack_social_post_already_shared":false,"jetpack_social_options":{"image_generator_settings":{"template":"highway","default_image_id":0,"font":"","enabled":false},"version":2},"_wpas_customize_per_network":false},"categories":[52,48,51,14628,14626],"tags":[53,13808,13806,13807,50],"newspack_spnsrs_tax":[],"class_list":["post-315749","post","type-post","status-publish","format-standard","has-post-thumbnail","hentry","category-concerts","category-dining","category-events-and-activities","category-food-drinks","category-upcoming","tag-activities","tag-concerts","tag-dining","tag-events-and-activities","tag-partying","entry"],"yoast_head":"<!-- This site is optimized with the Yoast SEO plugin v27.5 - https:\/\/yoast.com\/product\/yoast-seo-wordpress\/ -->\n<title>The Spanish are coming, the Spanish are coming! | Casa de Campo Living<\/title>\n<meta name=\"description\" content=\"You read right! For Semana Santa (Holy Week), Casa de Campo will be the host to the first annual Andalusia Fair in the Caribbean. Its an exciting four day\" \/>\n<meta name=\"robots\" content=\"index, follow, max-snippet:-1, max-image-preview:large, max-video-preview:-1\" \/>\n<link rel=\"canonical\" href=\"https:\/\/casadecampoliving.com\/es\/182\/\" \/>\n<meta property=\"og:locale\" content=\"es_ES\" \/>\n<meta property=\"og:type\" content=\"article\" \/>\n<meta property=\"og:title\" content=\"The Spanish are coming, the Spanish are coming! | Casa de Campo Living\" \/>\n<meta property=\"og:description\" content=\"You read right! For Semana Santa (Holy Week), Casa de Campo will be the host to the first annual Andalusia Fair in the Caribbean. Its an exciting four day\" \/>\n<meta property=\"og:url\" content=\"https:\/\/casadecampoliving.com\/es\/182\/\" \/>\n<meta property=\"og:site_name\" content=\"Casa de Campo Living\" \/>\n<meta property=\"article:publisher\" content=\"https:\/\/www.facebook.com\/casadecampoliving\" \/>\n<meta property=\"article:published_time\" content=\"2007-03-19T04:00:00+00:00\" \/>\n<meta property=\"article:modified_time\" content=\"2022-10-21T21:48:27+00:00\" \/>\n<meta property=\"og:image\" content=\"https:\/\/i0.wp.com\/casadecampoliving.com\/wp-content\/uploads\/2022\/10\/feria-abril-sevilla-4-1.jpg?fit=320%2C234&ssl=1\" \/>\n\t<meta property=\"og:image:width\" content=\"320\" \/>\n\t<meta property=\"og:image:height\" content=\"234\" \/>\n\t<meta property=\"og:image:type\" content=\"image\/jpeg\" \/>\n<meta name=\"author\" content=\"Mr B\" \/>\n<meta name=\"twitter:card\" content=\"summary_large_image\" \/>\n<meta name=\"twitter:creator\" content=\"@cdcliving\" \/>\n<meta name=\"twitter:site\" content=\"@cdcliving\" \/>\n<meta name=\"twitter:label1\" content=\"Escrito por\" \/>\n\t<meta name=\"twitter:data1\" content=\"Mr B\" \/>\n\t<meta name=\"twitter:label2\" content=\"Tiempo de lectura\" \/>\n\t<meta name=\"twitter:data2\" content=\"2 minutos\" \/>\n<script type=\"application\/ld+json\" class=\"yoast-schema-graph\">{\"@context\":\"https:\\\/\\\/schema.org\",\"@graph\":[{\"@type\":\"Article\",\"@id\":\"https:\\\/\\\/casadecampoliving.com\\\/es\\\/182\\\/#article\",\"isPartOf\":{\"@id\":\"https:\\\/\\\/casadecampoliving.com\\\/es\\\/182\\\/\"},\"author\":{\"name\":\"Mr B\",\"@id\":\"https:\\\/\\\/casadecampoliving.com\\\/es\\\/#\\\/schema\\\/person\\\/6777daad22b2d75f00d60dff6798f994\"},\"headline\":\"The Spanish are coming, the Spanish are coming!\",\"datePublished\":\"2007-03-19T04:00:00+00:00\",\"dateModified\":\"2022-10-21T21:48:27+00:00\",\"mainEntityOfPage\":{\"@id\":\"https:\\\/\\\/casadecampoliving.com\\\/es\\\/182\\\/\"},\"wordCount\":367,\"publisher\":{\"@id\":\"https:\\\/\\\/casadecampoliving.com\\\/es\\\/#organization\"},\"image\":{\"@id\":\"https:\\\/\\\/casadecampoliving.com\\\/es\\\/182\\\/#primaryimage\"},\"thumbnailUrl\":\"https:\\\/\\\/i0.wp.com\\\/casadecampoliving.com\\\/wp-content\\\/uploads\\\/2022\\\/10\\\/feria-abril-sevilla-4-1.jpg?fit=320%2C234&ssl=1\",\"keywords\":[\"Activities\",\"Concerts\",\"Dining\",\"Events and Activities\",\"Partying\"],\"articleSection\":[\"Concerts\",\"Dining\",\"Events and Activities\",\"Food &amp; Drinks\",\"Upcoming\"],\"inLanguage\":\"es\"},{\"@type\":\"WebPage\",\"@id\":\"https:\\\/\\\/casadecampoliving.com\\\/es\\\/182\\\/\",\"url\":\"https:\\\/\\\/casadecampoliving.com\\\/es\\\/182\\\/\",\"name\":\"The Spanish are coming, the Spanish are coming! | Casa de Campo Living\",\"isPartOf\":{\"@id\":\"https:\\\/\\\/casadecampoliving.com\\\/es\\\/#website\"},\"primaryImageOfPage\":{\"@id\":\"https:\\\/\\\/casadecampoliving.com\\\/es\\\/182\\\/#primaryimage\"},\"image\":{\"@id\":\"https:\\\/\\\/casadecampoliving.com\\\/es\\\/182\\\/#primaryimage\"},\"thumbnailUrl\":\"https:\\\/\\\/i0.wp.com\\\/casadecampoliving.com\\\/wp-content\\\/uploads\\\/2022\\\/10\\\/feria-abril-sevilla-4-1.jpg?fit=320%2C234&ssl=1\",\"datePublished\":\"2007-03-19T04:00:00+00:00\",\"dateModified\":\"2022-10-21T21:48:27+00:00\",\"description\":\"You read right! For Semana Santa (Holy Week), Casa de Campo will be the host to the first annual Andalusia Fair in the Caribbean. Its an exciting four day\",\"breadcrumb\":{\"@id\":\"https:\\\/\\\/casadecampoliving.com\\\/es\\\/182\\\/#breadcrumb\"},\"inLanguage\":\"es\",\"potentialAction\":[{\"@type\":\"ReadAction\",\"target\":[\"https:\\\/\\\/casadecampoliving.com\\\/es\\\/182\\\/\"]}]},{\"@type\":\"ImageObject\",\"inLanguage\":\"es\",\"@id\":\"https:\\\/\\\/casadecampoliving.com\\\/es\\\/182\\\/#primaryimage\",\"url\":\"https:\\\/\\\/i0.wp.com\\\/casadecampoliving.com\\\/wp-content\\\/uploads\\\/2022\\\/10\\\/feria-abril-sevilla-4-1.jpg?fit=320%2C234&ssl=1\",\"contentUrl\":\"https:\\\/\\\/i0.wp.com\\\/casadecampoliving.com\\\/wp-content\\\/uploads\\\/2022\\\/10\\\/feria-abril-sevilla-4-1.jpg?fit=320%2C234&ssl=1\",\"width\":320,\"height\":234},{\"@type\":\"BreadcrumbList\",\"@id\":\"https:\\\/\\\/casadecampoliving.com\\\/es\\\/182\\\/#breadcrumb\",\"itemListElement\":[{\"@type\":\"ListItem\",\"position\":1,\"name\":\"Home\",\"item\":\"https:\\\/\\\/casadecampoliving.com\\\/es\\\/\"},{\"@type\":\"ListItem\",\"position\":2,\"name\":\"The Spanish are coming, the Spanish are coming!\"}]},{\"@type\":\"WebSite\",\"@id\":\"https:\\\/\\\/casadecampoliving.com\\\/es\\\/#website\",\"url\":\"https:\\\/\\\/casadecampoliving.com\\\/es\\\/\",\"name\":\"Casa de Campo Living\",\"description\":\"Resort community news and resources.\",\"publisher\":{\"@id\":\"https:\\\/\\\/casadecampoliving.com\\\/es\\\/#organization\"},\"potentialAction\":[{\"@type\":\"SearchAction\",\"target\":{\"@type\":\"EntryPoint\",\"urlTemplate\":\"https:\\\/\\\/casadecampoliving.com\\\/es\\\/?s={search_term_string}\"},\"query-input\":{\"@type\":\"PropertyValueSpecification\",\"valueRequired\":true,\"valueName\":\"search_term_string\"}}],\"inLanguage\":\"es\"},{\"@type\":\"Organization\",\"@id\":\"https:\\\/\\\/casadecampoliving.com\\\/es\\\/#organization\",\"name\":\"Casa de Campo Living\",\"url\":\"https:\\\/\\\/casadecampoliving.com\\\/es\\\/\",\"logo\":{\"@type\":\"ImageObject\",\"inLanguage\":\"es\",\"@id\":\"https:\\\/\\\/casadecampoliving.com\\\/es\\\/#\\\/schema\\\/logo\\\/image\\\/\",\"url\":\"https:\\\/\\\/i0.wp.com\\\/casadecampoliving.com\\\/wp-content\\\/uploads\\\/2022\\\/07\\\/CDCLivingLogo_V1-white-sized.png?fit=800%2C214&ssl=1\",\"contentUrl\":\"https:\\\/\\\/i0.wp.com\\\/casadecampoliving.com\\\/wp-content\\\/uploads\\\/2022\\\/07\\\/CDCLivingLogo_V1-white-sized.png?fit=800%2C214&ssl=1\",\"width\":800,\"height\":214,\"caption\":\"Casa de Campo Living\"},\"image\":{\"@id\":\"https:\\\/\\\/casadecampoliving.com\\\/es\\\/#\\\/schema\\\/logo\\\/image\\\/\"},\"sameAs\":[\"https:\\\/\\\/www.facebook.com\\\/casadecampoliving\",\"https:\\\/\\\/x.com\\\/cdcliving\"]},{\"@type\":\"Person\",\"@id\":\"https:\\\/\\\/casadecampoliving.com\\\/es\\\/#\\\/schema\\\/person\\\/6777daad22b2d75f00d60dff6798f994\",\"name\":\"Mr B\",\"image\":{\"@type\":\"ImageObject\",\"inLanguage\":\"es\",\"@id\":\"https:\\\/\\\/secure.gravatar.com\\\/avatar\\\/a6081966dadc36da8930069678823cea59d9084eb1da84bf7f94ea86ad9119f8?s=96&d=mm&r=g\",\"url\":\"https:\\\/\\\/secure.gravatar.com\\\/avatar\\\/a6081966dadc36da8930069678823cea59d9084eb1da84bf7f94ea86ad9119f8?s=96&d=mm&r=g\",\"contentUrl\":\"https:\\\/\\\/secure.gravatar.com\\\/avatar\\\/a6081966dadc36da8930069678823cea59d9084eb1da84bf7f94ea86ad9119f8?s=96&d=mm&r=g\",\"caption\":\"Mr B\"},\"url\":\"https:\\\/\\\/casadecampoliving.com\\\/es\\\/author\\\/rbournigal\\\/\"}]}<\/script>\n<!-- \/ Yoast SEO plugin. -->","yoast_head_json":{"title":"The Spanish are coming, the Spanish are coming! | Casa de Campo Living","description":"You read right! For Semana Santa (Holy Week), Casa de Campo will be the host to the first annual Andalusia Fair in the Caribbean. Its an exciting four day","robots":{"index":"index","follow":"follow","max-snippet":"max-snippet:-1","max-image-preview":"max-image-preview:large","max-video-preview":"max-video-preview:-1"},"canonical":"https:\/\/casadecampoliving.com\/es\/182\/","og_locale":"es_ES","og_type":"article","og_title":"The Spanish are coming, the Spanish are coming! | Casa de Campo Living","og_description":"You read right! For Semana Santa (Holy Week), Casa de Campo will be the host to the first annual Andalusia Fair in the Caribbean. Its an exciting four day","og_url":"https:\/\/casadecampoliving.com\/es\/182\/","og_site_name":"Casa de Campo Living","article_publisher":"https:\/\/www.facebook.com\/casadecampoliving","article_published_time":"2007-03-19T04:00:00+00:00","article_modified_time":"2022-10-21T21:48:27+00:00","og_image":[{"width":320,"height":234,"url":"https:\/\/i0.wp.com\/casadecampoliving.com\/wp-content\/uploads\/2022\/10\/feria-abril-sevilla-4-1.jpg?fit=320%2C234&ssl=1","type":"image\/jpeg"}],"author":"Mr B","twitter_card":"summary_large_image","twitter_creator":"@cdcliving","twitter_site":"@cdcliving","twitter_misc":{"Escrito por":"Mr B","Tiempo de lectura":"2 minutos"},"schema":{"@context":"https:\/\/schema.org","@graph":[{"@type":"Article","@id":"https:\/\/casadecampoliving.com\/es\/182\/#article","isPartOf":{"@id":"https:\/\/casadecampoliving.com\/es\/182\/"},"author":{"name":"Mr B","@id":"https:\/\/casadecampoliving.com\/es\/#\/schema\/person\/6777daad22b2d75f00d60dff6798f994"},"headline":"The Spanish are coming, the Spanish are coming!","datePublished":"2007-03-19T04:00:00+00:00","dateModified":"2022-10-21T21:48:27+00:00","mainEntityOfPage":{"@id":"https:\/\/casadecampoliving.com\/es\/182\/"},"wordCount":367,"publisher":{"@id":"https:\/\/casadecampoliving.com\/es\/#organization"},"image":{"@id":"https:\/\/casadecampoliving.com\/es\/182\/#primaryimage"},"thumbnailUrl":"https:\/\/i0.wp.com\/casadecampoliving.com\/wp-content\/uploads\/2022\/10\/feria-abril-sevilla-4-1.jpg?fit=320%2C234&ssl=1","keywords":["Activities","Concerts","Dining","Events and Activities","Partying"],"articleSection":["Concerts","Dining","Events and Activities","Food &amp; Drinks","Upcoming"],"inLanguage":"es"},{"@type":"WebPage","@id":"https:\/\/casadecampoliving.com\/es\/182\/","url":"https:\/\/casadecampoliving.com\/es\/182\/","name":"The Spanish are coming, the Spanish are coming! | Casa de Campo Living","isPartOf":{"@id":"https:\/\/casadecampoliving.com\/es\/#website"},"primaryImageOfPage":{"@id":"https:\/\/casadecampoliving.com\/es\/182\/#primaryimage"},"image":{"@id":"https:\/\/casadecampoliving.com\/es\/182\/#primaryimage"},"thumbnailUrl":"https:\/\/i0.wp.com\/casadecampoliving.com\/wp-content\/uploads\/2022\/10\/feria-abril-sevilla-4-1.jpg?fit=320%2C234&ssl=1","datePublished":"2007-03-19T04:00:00+00:00","dateModified":"2022-10-21T21:48:27+00:00","description":"You read right! For Semana Santa (Holy Week), Casa de Campo will be the host to the first annual Andalusia Fair in the Caribbean. Its an exciting four day","breadcrumb":{"@id":"https:\/\/casadecampoliving.com\/es\/182\/#breadcrumb"},"inLanguage":"es","potentialAction":[{"@type":"ReadAction","target":["https:\/\/casadecampoliving.com\/es\/182\/"]}]},{"@type":"ImageObject","inLanguage":"es","@id":"https:\/\/casadecampoliving.com\/es\/182\/#primaryimage","url":"https:\/\/i0.wp.com\/casadecampoliving.com\/wp-content\/uploads\/2022\/10\/feria-abril-sevilla-4-1.jpg?fit=320%2C234&ssl=1","contentUrl":"https:\/\/i0.wp.com\/casadecampoliving.com\/wp-content\/uploads\/2022\/10\/feria-abril-sevilla-4-1.jpg?fit=320%2C234&ssl=1","width":320,"height":234},{"@type":"BreadcrumbList","@id":"https:\/\/casadecampoliving.com\/es\/182\/#breadcrumb","itemListElement":[{"@type":"ListItem","position":1,"name":"Home","item":"https:\/\/casadecampoliving.com\/es\/"},{"@type":"ListItem","position":2,"name":"The Spanish are coming, the Spanish are coming!"}]},{"@type":"WebSite","@id":"https:\/\/casadecampoliving.com\/es\/#website","url":"https:\/\/casadecampoliving.com\/es\/","name":"Casa de Campo Living","description":"Resort community news and resources.","publisher":{"@id":"https:\/\/casadecampoliving.com\/es\/#organization"},"potentialAction":[{"@type":"SearchAction","target":{"@type":"EntryPoint","urlTemplate":"https:\/\/casadecampoliving.com\/es\/?s={search_term_string}"},"query-input":{"@type":"PropertyValueSpecification","valueRequired":true,"valueName":"search_term_string"}}],"inLanguage":"es"},{"@type":"Organization","@id":"https:\/\/casadecampoliving.com\/es\/#organization","name":"Casa de Campo Living","url":"https:\/\/casadecampoliving.com\/es\/","logo":{"@type":"ImageObject","inLanguage":"es","@id":"https:\/\/casadecampoliving.com\/es\/#\/schema\/logo\/image\/","url":"https:\/\/i0.wp.com\/casadecampoliving.com\/wp-content\/uploads\/2022\/07\/CDCLivingLogo_V1-white-sized.png?fit=800%2C214&ssl=1","contentUrl":"https:\/\/i0.wp.com\/casadecampoliving.com\/wp-content\/uploads\/2022\/07\/CDCLivingLogo_V1-white-sized.png?fit=800%2C214&ssl=1","width":800,"height":214,"caption":"Casa de Campo Living"},"image":{"@id":"https:\/\/casadecampoliving.com\/es\/#\/schema\/logo\/image\/"},"sameAs":["https:\/\/www.facebook.com\/casadecampoliving","https:\/\/x.com\/cdcliving"]},{"@type":"Person","@id":"https:\/\/casadecampoliving.com\/es\/#\/schema\/person\/6777daad22b2d75f00d60dff6798f994","name":"Mr B","image":{"@type":"ImageObject","inLanguage":"es","@id":"https:\/\/secure.gravatar.com\/avatar\/a6081966dadc36da8930069678823cea59d9084eb1da84bf7f94ea86ad9119f8?s=96&d=mm&r=g","url":"https:\/\/secure.gravatar.com\/avatar\/a6081966dadc36da8930069678823cea59d9084eb1da84bf7f94ea86ad9119f8?s=96&d=mm&r=g","contentUrl":"https:\/\/secure.gravatar.com\/avatar\/a6081966dadc36da8930069678823cea59d9084eb1da84bf7f94ea86ad9119f8?s=96&d=mm&r=g","caption":"Mr B"},"url":"https:\/\/casadecampoliving.com\/es\/author\/rbournigal\/"}]}},"parsely":{"version":"1.1.0","canonical_url":"https:\/\/casadecampoliving.com\/es\/182\/","smart_links":{"inbound":0,"outbound":0},"traffic_boost_suggestions_count":0,"meta":{"@context":"https:\/\/schema.org","@type":"NewsArticle","headline":"The Spanish are coming, the Spanish are coming!","url":"http:\/\/casadecampoliving.com\/es\/182\/","mainEntityOfPage":{"@type":"WebPage","@id":"http:\/\/casadecampoliving.com\/es\/182\/"},"thumbnailUrl":"https:\/\/i0.wp.com\/casadecampoliving.com\/wp-content\/uploads\/2022\/10\/feria-abril-sevilla-4-1.jpg?resize=150%2C150&ssl=1","image":{"@type":"ImageObject","url":"https:\/\/i0.wp.com\/casadecampoliving.com\/wp-content\/uploads\/2022\/10\/feria-abril-sevilla-4-1.jpg?fit=320%2C234&ssl=1"},"articleSection":"Concerts","author":[{"@type":"Person","name":"Mr B"}],"creator":["Mr B"],"publisher":{"@type":"Organization","name":"Casa de Campo Living","logo":"https:\/\/casadecampoliving.com\/wp-content\/uploads\/2022\/07\/CDCLivingLogo_V1-white-sized.png"},"keywords":["activities","concerts","dining","events and activities","partying"],"dateCreated":"2007-03-19T04:00:00Z","datePublished":"2007-03-19T04:00:00Z","dateModified":"2022-10-21T21:48:27Z"},"rendered":"<script type=\"application\/ld+json\" class=\"wp-parsely-metadata\">{\"@context\":\"https:\\\/\\\/schema.org\",\"@type\":\"NewsArticle\",\"headline\":\"The Spanish are coming, the Spanish are coming!\",\"url\":\"http:\\\/\\\/casadecampoliving.com\\\/es\\\/182\\\/\",\"mainEntityOfPage\":{\"@type\":\"WebPage\",\"@id\":\"http:\\\/\\\/casadecampoliving.com\\\/es\\\/182\\\/\"},\"thumbnailUrl\":\"https:\\\/\\\/i0.wp.com\\\/casadecampoliving.com\\\/wp-content\\\/uploads\\\/2022\\\/10\\\/feria-abril-sevilla-4-1.jpg?resize=150%2C150&ssl=1\",\"image\":{\"@type\":\"ImageObject\",\"url\":\"https:\\\/\\\/i0.wp.com\\\/casadecampoliving.com\\\/wp-content\\\/uploads\\\/2022\\\/10\\\/feria-abril-sevilla-4-1.jpg?fit=320%2C234&ssl=1\"},\"articleSection\":\"Concerts\",\"author\":[{\"@type\":\"Person\",\"name\":\"Mr B\"}],\"creator\":[\"Mr B\"],\"publisher\":{\"@type\":\"Organization\",\"name\":\"Casa de Campo Living\",\"logo\":\"https:\\\/\\\/casadecampoliving.com\\\/wp-content\\\/uploads\\\/2022\\\/07\\\/CDCLivingLogo_V1-white-sized.png\"},\"keywords\":[\"activities\",\"concerts\",\"dining\",\"events and activities\",\"partying\"],\"dateCreated\":\"2007-03-19T04:00:00Z\",\"datePublished\":\"2007-03-19T04:00:00Z\",\"dateModified\":\"2022-10-21T21:48:27Z\"}<\/script>","tracker_url":"https:\/\/cdn.parsely.com\/keys\/casadecampoliving.com\/p.js"},"jetpack_publicize_connections":[],"jetpack_featured_media_url":"https:\/\/i0.wp.com\/casadecampoliving.com\/wp-content\/uploads\/2022\/10\/feria-abril-sevilla-4-1.jpg?fit=320%2C234&ssl=1","jetpack-related-posts":[{"id":325232,"url":"https:\/\/casadecampoliving.com\/masha-valentines-concert-la-casita\/","url_meta":{"origin":315749,"position":0},"title":"MASHA Valentine&#8217;s Concert at La Casita","author":"Felix Guerrero","date":"12 Feb, 2015","format":false,"excerpt":"This Saturday February 14th, La Casita in the Marina Casa de Campo is hosting a Valentine\u2019s Concert, MASHA. This beautiful singer who lives in Casa de Campo comes from Croatia and performs accompanied by a piano in Spanish, Italian, French and English. The concert is completely free for clients who\u2026","rel":"","context":"En \u00abCasa de Campo Living\u00bb","block_context":{"text":"Casa de Campo Living","link":"https:\/\/casadecampoliving.com\/category\/casa-de-campo-living\/"},"img":{"alt_text":"","src":"https:\/\/i0.wp.com\/casadecampoliving.com\/wp-content\/uploads\/2022\/10\/Masha_Valentines_Concert-1.jpg?fit=1200%2C915&ssl=1&resize=350%2C200","width":350,"height":200,"srcset":"https:\/\/i0.wp.com\/casadecampoliving.com\/wp-content\/uploads\/2022\/10\/Masha_Valentines_Concert-1.jpg?fit=1200%2C915&ssl=1&resize=350%2C200 1x, https:\/\/i0.wp.com\/casadecampoliving.com\/wp-content\/uploads\/2022\/10\/Masha_Valentines_Concert-1.jpg?fit=1200%2C915&ssl=1&resize=525%2C300 1.5x, https:\/\/i0.wp.com\/casadecampoliving.com\/wp-content\/uploads\/2022\/10\/Masha_Valentines_Concert-1.jpg?fit=1200%2C915&ssl=1&resize=700%2C400 2x, https:\/\/i0.wp.com\/casadecampoliving.com\/wp-content\/uploads\/2022\/10\/Masha_Valentines_Concert-1.jpg?fit=1200%2C915&ssl=1&resize=1050%2C600 3x"},"classes":[]},{"id":327068,"url":"https:\/\/casadecampoliving.com\/love-was-in-the-air-at-la-casitas-valentines-day-concert-with-masha\/","url_meta":{"origin":315749,"position":1},"title":"Love Was in the Air at La Casita&#8217;s Valentine&#8217;s Day Concert with Masha!","author":"Anna Pavilsova","date":"17 Feb, 2016","format":false,"excerpt":"One of our favorite singers in Casa de Campo is Masha Gerasimova, who gave a special Valentine\u2019s Day concert this past Sunday in one of the most delightful restaurants in Casa. La Casita sits beautifully by Casa de Campo\u2019s peer in La Marina, and is a must-go to restaurant. It\u2026","rel":"","context":"En \u00abArt and Culture\u00bb","block_context":{"text":"Art and Culture","link":"https:\/\/casadecampoliving.com\/category\/art-and-culture\/"},"img":{"alt_text":"Masha at La Casita Casa de Campo","src":"https:\/\/i0.wp.com\/casadecampoliving.com\/wp-content\/uploads\/2022\/10\/Masha-at-La-Casita-Casa-de-Campo-05-e1455734956402.jpg?fit=650%2C433&ssl=1&resize=350%2C200","width":350,"height":200,"srcset":"https:\/\/i0.wp.com\/casadecampoliving.com\/wp-content\/uploads\/2022\/10\/Masha-at-La-Casita-Casa-de-Campo-05-e1455734956402.jpg?fit=650%2C433&ssl=1&resize=350%2C200 1x, https:\/\/i0.wp.com\/casadecampoliving.com\/wp-content\/uploads\/2022\/10\/Masha-at-La-Casita-Casa-de-Campo-05-e1455734956402.jpg?fit=650%2C433&ssl=1&resize=525%2C300 1.5x"},"classes":[]},{"id":327047,"url":"https:\/\/casadecampoliving.com\/mashas-concert-la-casita\/","url_meta":{"origin":315749,"position":2},"title":"Masha&#8217;s concert in La Casita: Night of Beauty and Romance","author":"Anna Pavilsova","date":"13 Feb, 2016","format":false,"excerpt":"Love is in the air! \u00a0Valentine\u2019s day is fast approaching, where to go? You wonder. We have an idea!\u00a0La Casita is hosting a special Valentine\u2019s Day concert by Masha. The talented Ukrainian singer and musician performs in Spanish, Italian, French and English, and plays the piano. Masha has a strong\u2026","rel":"","context":"En \u00abCasa de Campo Living\u00bb","block_context":{"text":"Casa de Campo Living","link":"https:\/\/casadecampoliving.com\/category\/casa-de-campo-living\/"},"img":{"alt_text":"Masha","src":"https:\/\/i0.wp.com\/casadecampoliving.com\/wp-content\/uploads\/2022\/10\/Masha-1.jpg?fit=650%2C433&ssl=1&resize=350%2C200","width":350,"height":200,"srcset":"https:\/\/i0.wp.com\/casadecampoliving.com\/wp-content\/uploads\/2022\/10\/Masha-1.jpg?fit=650%2C433&ssl=1&resize=350%2C200 1x, https:\/\/i0.wp.com\/casadecampoliving.com\/wp-content\/uploads\/2022\/10\/Masha-1.jpg?fit=650%2C433&ssl=1&resize=525%2C300 1.5x"},"classes":[]},{"id":327442,"url":"https:\/\/casadecampoliving.com\/chantal-del-pino-cafe-marietta-upcoming\/","url_meta":{"origin":315749,"position":3},"title":"Chantal Del Pino brings Live Acoustics to Caf\u00e9 Marietta!","author":"Anna Pavilsova","date":"23 May, 2016","format":false,"excerpt":"Caf\u00e9 Marietta sits atop Altos de Chav\u00f3n with a lovely view of the plaza and Chav\u00f3n river. They have a true Trattoria atmosphere and delicious cuisine, just check out our breakfast review here. More than that though, this Wednesday they\u2019re bringing in a special addition. Dominican favorite, Chantal Del Pino\u2026","rel":"","context":"En \u00abAltos de Chavon\u00bb","block_context":{"text":"Altos de Chavon","link":"https:\/\/casadecampoliving.com\/category\/altos-de-chavon\/"},"img":{"alt_text":"Chantal_de_Pino_Casa_de_Campo_Polo","src":"https:\/\/i0.wp.com\/casadecampoliving.com\/wp-content\/uploads\/2022\/10\/Chantal_de_Pino_Casa_de_Campo_Polo-2.jpg?fit=650%2C433&ssl=1&resize=350%2C200","width":350,"height":200,"srcset":"https:\/\/i0.wp.com\/casadecampoliving.com\/wp-content\/uploads\/2022\/10\/Chantal_de_Pino_Casa_de_Campo_Polo-2.jpg?fit=650%2C433&ssl=1&resize=350%2C200 1x, https:\/\/i0.wp.com\/casadecampoliving.com\/wp-content\/uploads\/2022\/10\/Chantal_de_Pino_Casa_de_Campo_Polo-2.jpg?fit=650%2C433&ssl=1&resize=525%2C300 1.5x"},"classes":[]},{"id":315838,"url":"https:\/\/casadecampoliving.com\/es\/calendar-of-events\/","url_meta":{"origin":315749,"position":4},"title":"Calendar of Events!","author":"Mr B","date":"8 Sep, 2008","format":false,"excerpt":"We have now added a calendar of events for all things Casa de Campo. While its a little on the bare side today \u2013 zero items in fact \u2013 we hope that it will soon become a healthy list of all things Casa de Campo. In fact, if you have\u2026","rel":"","context":"En \u00abAltos de Chavon\u00bb","block_context":{"text":"Altos de Chavon","link":"https:\/\/casadecampoliving.com\/category\/altos-de-chavon\/"},"img":{"alt_text":"","src":"","width":0,"height":0},"classes":[]},{"id":323095,"url":"https:\/\/casadecampoliving.com\/elton-john-la-piazzetta\/","url_meta":{"origin":315749,"position":5},"title":"Special menu for Elton John concert at La Piazzetta Restaurant","author":"Perkin Agramonte","date":"5 Ene, 2014","format":false,"excerpt":"On Friday February the 28th, the legendary\u00a0Elton John\u00a0will be performing at the Altos de Chav\u00f3n amphitheater\u00a0and in celebration Casa de Campo invites you to enjoy a pre- or post-concert bite to eat at La Piazzetta. La Piazzetta, Casa de Campo\u2019s Italian restaurant overlooking the Chav\u00f3n river in Altos de Chav\u00f3n\u2026","rel":"","context":"En \u00abAltos de Chavon\u00bb","block_context":{"text":"Altos de Chavon","link":"https:\/\/casadecampoliving.com\/category\/altos-de-chavon\/"},"img":{"alt_text":"","src":"https:\/\/i0.wp.com\/casadecampoliving.com\/wp-content\/uploads\/2022\/10\/menu-especial-concierto-elton-john-cut.jpg?fit=650%2C337&ssl=1&resize=350%2C200","width":350,"height":200,"srcset":"https:\/\/i0.wp.com\/casadecampoliving.com\/wp-content\/uploads\/2022\/10\/menu-especial-concierto-elton-john-cut.jpg?fit=650%2C337&ssl=1&resize=350%2C200 1x, https:\/\/i0.wp.com\/casadecampoliving.com\/wp-content\/uploads\/2022\/10\/menu-especial-concierto-elton-john-cut.jpg?fit=650%2C337&ssl=1&resize=525%2C300 1.5x"},"classes":[]}],"jetpack_sharing_enabled":true,"_links":{"self":[{"href":"https:\/\/casadecampoliving.com\/es\/wp-json\/wp\/v2\/posts\/315749","targetHints":{"allow":["GET"]}}],"collection":[{"href":"https:\/\/casadecampoliving.com\/es\/wp-json\/wp\/v2\/posts"}],"about":[{"href":"https:\/\/casadecampoliving.com\/es\/wp-json\/wp\/v2\/types\/post"}],"author":[{"embeddable":true,"href":"https:\/\/casadecampoliving.com\/es\/wp-json\/wp\/v2\/users\/11"}],"replies":[{"embeddable":true,"href":"https:\/\/casadecampoliving.com\/es\/wp-json\/wp\/v2\/comments?post=315749"}],"version-history":[{"count":0,"href":"https:\/\/casadecampoliving.com\/es\/wp-json\/wp\/v2\/posts\/315749\/revisions"}],"wp:featuredmedia":[{"embeddable":true,"href":"https:\/\/casadecampoliving.com\/es\/wp-json\/wp\/v2\/media\/212537"}],"wp:attachment":[{"href":"https:\/\/casadecampoliving.com\/es\/wp-json\/wp\/v2\/media?parent=315749"}],"wp:term":[{"taxonomy":"category","embeddable":true,"href":"https:\/\/casadecampoliving.com\/es\/wp-json\/wp\/v2\/categories?post=315749"},{"taxonomy":"post_tag","embeddable":true,"href":"https:\/\/casadecampoliving.com\/es\/wp-json\/wp\/v2\/tags?post=315749"},{"taxonomy":"newspack_spnsrs_tax","embeddable":true,"href":"https:\/\/casadecampoliving.com\/es\/wp-json\/wp\/v2\/newspack_spnsrs_tax?post=315749"}],"curies":[{"name":"wp","href":"https:\/\/api.w.org\/{rel}","templated":true}]}}