{"id":211509,"date":"2022-02-02T22:00:47","date_gmt":"2022-02-03T02:00:47","guid":{"rendered":"https:\/\/casadecampoliving.com\/?post_type=newspack_lst_place&#038;p=211509"},"modified":"2022-04-07T08:56:56","modified_gmt":"2022-04-07T12:56:56","slug":"la-piazzetta","status":"publish","type":"newspack_lst_place","link":"https:\/\/casadecampoliving.com\/es\/listings\/places\/la-piazzetta\/","title":{"rendered":"La Piazzetta"},"content":{"rendered":"\n<div class=\"wp-block-cover alignfull\"><span aria-hidden=\"true\" class=\"has-background-dim-0 wp-block-cover__gradient-background has-background-dim\"><\/span><img data-recalc-dims=\"1\" loading=\"lazy\" decoding=\"async\" width=\"800\" height=\"592\" data-attachment-id=\"190357\" data-permalink=\"https:\/\/casadecampoliving.com\/es\/visita-guiada-a-traves-del-museo-arqueologico-regional-altos-de-chavon-narrada-por-el-historiador-christian-martinez\/la-piazzetta-restaurant-2\/\" data-orig-file=\"https:\/\/i0.wp.com\/casadecampoliving.com\/wp-content\/uploads\/2015\/01\/La-Piazzetta-Restaurant.jpg?fit=800%2C592&amp;ssl=1\" data-orig-size=\"800,592\" data-comments-opened=\"1\" data-image-meta=\"{&quot;aperture&quot;:&quot;0&quot;,&quot;credit&quot;:&quot;&quot;,&quot;camera&quot;:&quot;&quot;,&quot;caption&quot;:&quot;&quot;,&quot;created_timestamp&quot;:&quot;0&quot;,&quot;copyright&quot;:&quot;&quot;,&quot;focal_length&quot;:&quot;0&quot;,&quot;iso&quot;:&quot;0&quot;,&quot;shutter_speed&quot;:&quot;0&quot;,&quot;title&quot;:&quot;&quot;,&quot;orientation&quot;:&quot;0&quot;}\" data-image-title=\"La Piazzetta Restaurant\" data-image-description=\"\" data-image-caption=\"\" data-large-file=\"https:\/\/i0.wp.com\/casadecampoliving.com\/wp-content\/uploads\/2015\/01\/La-Piazzetta-Restaurant.jpg?fit=800%2C592&amp;ssl=1\" class=\"wp-block-cover__image-background wp-image-190357\" alt=\"\" src=\"https:\/\/i0.wp.com\/casadecampoliving.com\/wp-content\/uploads\/2015\/01\/La-Piazzetta-Restaurant.jpg?resize=800%2C592&#038;ssl=1\" style=\"object-position:48% 52%\" data-object-fit=\"cover\" data-object-position=\"48% 52%\" srcset=\"https:\/\/i0.wp.com\/casadecampoliving.com\/wp-content\/uploads\/2015\/01\/La-Piazzetta-Restaurant.jpg?w=800&amp;ssl=1 800w, https:\/\/i0.wp.com\/casadecampoliving.com\/wp-content\/uploads\/2015\/01\/La-Piazzetta-Restaurant.jpg?resize=300%2C222&amp;ssl=1 300w, https:\/\/i0.wp.com\/casadecampoliving.com\/wp-content\/uploads\/2015\/01\/La-Piazzetta-Restaurant.jpg?w=370&amp;ssl=1 370w, https:\/\/i0.wp.com\/casadecampoliving.com\/wp-content\/uploads\/2015\/01\/La-Piazzetta-Restaurant.jpg?w=400&amp;ssl=1 400w\" sizes=\"auto, (max-width: 800px) 100vw, 800px\" \/><div class=\"wp-block-cover__inner-container is-layout-flow wp-block-cover-is-layout-flow\">\n<p class=\"has-text-align-center has-large-font-size\"><\/p>\n<\/div><\/div>\n\n\n\n<div class=\"wp-block-group newspack-listings__business-pattern-1\"><div class=\"wp-block-group__inner-container is-layout-flow wp-block-group-is-layout-flow\">\n<div class=\"wp-block-columns is-layout-flex wp-container-core-columns-is-layout-9d6595d7 wp-block-columns-is-layout-flex\">\n<div class=\"wp-block-column is-layout-flow wp-block-column-is-layout-flow\" style=\"flex-basis:66.66%\">\n<p>La Piazzetta, el restaurante italiano de Casa de Campo con vista al r\u00edo Chav\u00f3n en Altos de Chav\u00f3n se encuentra a solo 5 minutos a pie del anfiteatro de Altos de Chav\u00f3n.<\/p>\n\n\n\n<p>Este maravilloso restaurante italiano es muy popular por su antipasto, pasta casera y cocina tradicional italiana.<\/p>\n\n\n\n<div class=\"wp-block-jetpack-tiled-gallery aligncenter is-style-rectangular\"><div class=\"tiled-gallery__gallery\"><div class=\"tiled-gallery__row\"><div class=\"tiled-gallery__col\" style=\"flex-basis:49.95854%\"><figure class=\"tiled-gallery__item\"><img decoding=\"async\" role=\"button\" tabindex=\"0\" aria-label=\"Abrir la imagen 1 de 5 en pantalla completa\"srcset=\"https:\/\/i0.wp.com\/casadecampoliving.com\/wp-content\/uploads\/2019\/02\/11_-Restaurant_-La-Piazzetta3-1.jpg?strip=info&#038;w=600&#038;ssl=1 600w,https:\/\/i0.wp.com\/casadecampoliving.com\/wp-content\/uploads\/2019\/02\/11_-Restaurant_-La-Piazzetta3-1.jpg?strip=info&#038;w=900&#038;ssl=1 900w,https:\/\/i0.wp.com\/casadecampoliving.com\/wp-content\/uploads\/2019\/02\/11_-Restaurant_-La-Piazzetta3-1.jpg?strip=info&#038;w=1000&#038;ssl=1 1000w\" alt=\"\" data-height=\"601\" data-id=\"166925\" data-link=\"https:\/\/casadecampoliving.com\/celebrate-love-with-the-special-menus-casa-de-campo-has-prepared-for-us\/casa-de-campo-30\/\" data-url=\"https:\/\/casadecampoliving.com\/wp-content\/uploads\/2019\/02\/11_-Restaurant_-La-Piazzetta3-1.jpg\" data-width=\"1000\" src=\"https:\/\/i0.wp.com\/casadecampoliving.com\/wp-content\/uploads\/2019\/02\/11_-Restaurant_-La-Piazzetta3-1.jpg?ssl=1\" data-amp-layout=\"responsive\"\/><\/figure><\/div><div class=\"tiled-gallery__col\" style=\"flex-basis:50.04146%\"><figure class=\"tiled-gallery__item\"><img decoding=\"async\" data-attachment-id=\"198729\" data-permalink=\"https:\/\/casadecampoliving.com\/es\/visita-guiada-a-traves-del-museo-arqueologico-regional-altos-de-chavon-narrada-por-el-historiador-christian-martinez\/lapiazzetta-2\/\" data-orig-file=\"https:\/\/i0.wp.com\/casadecampoliving.com\/wp-content\/uploads\/2017\/10\/LaPiazzetta-e1508526038829.jpg?fit=1000%2C600&amp;ssl=1\" data-orig-size=\"1000,600\" data-comments-opened=\"0\" data-image-meta=\"{&quot;aperture&quot;:&quot;0&quot;,&quot;credit&quot;:&quot;&quot;,&quot;camera&quot;:&quot;&quot;,&quot;caption&quot;:&quot;&quot;,&quot;created_timestamp&quot;:&quot;1508510930&quot;,&quot;copyright&quot;:&quot;&quot;,&quot;focal_length&quot;:&quot;0&quot;,&quot;iso&quot;:&quot;0&quot;,&quot;shutter_speed&quot;:&quot;0&quot;,&quot;title&quot;:&quot;&quot;,&quot;orientation&quot;:&quot;1&quot;}\" data-image-title=\"La Piazzetta\" data-image-description=\"\" data-image-caption=\"\" data-large-file=\"https:\/\/i0.wp.com\/casadecampoliving.com\/wp-content\/uploads\/2017\/10\/LaPiazzetta-e1508526038829.jpg?fit=1024%2C681&amp;ssl=1\" data-attachment-id=\"198729\" data-permalink=\"https:\/\/casadecampoliving.com\/es\/visita-guiada-a-traves-del-museo-arqueologico-regional-altos-de-chavon-narrada-por-el-historiador-christian-martinez\/lapiazzetta-2\/\" data-orig-file=\"https:\/\/i0.wp.com\/casadecampoliving.com\/wp-content\/uploads\/2017\/10\/LaPiazzetta-e1508526038829.jpg?fit=1000%2C600&amp;ssl=1\" data-orig-size=\"1000,600\" data-comments-opened=\"0\" data-image-meta=\"{&quot;aperture&quot;:&quot;0&quot;,&quot;credit&quot;:&quot;&quot;,&quot;camera&quot;:&quot;&quot;,&quot;caption&quot;:&quot;&quot;,&quot;created_timestamp&quot;:&quot;1508510930&quot;,&quot;copyright&quot;:&quot;&quot;,&quot;focal_length&quot;:&quot;0&quot;,&quot;iso&quot;:&quot;0&quot;,&quot;shutter_speed&quot;:&quot;0&quot;,&quot;title&quot;:&quot;&quot;,&quot;orientation&quot;:&quot;1&quot;}\" data-image-title=\"La Piazzetta\" data-image-description=\"\" data-image-caption=\"\" data-large-file=\"https:\/\/i0.wp.com\/casadecampoliving.com\/wp-content\/uploads\/2017\/10\/LaPiazzetta-e1508526038829.jpg?fit=1024%2C681&amp;ssl=1\" role=\"button\" tabindex=\"0\" aria-label=\"Abrir la imagen 2 de 5 en pantalla completa\"srcset=\"https:\/\/i2.wp.com\/casadecampoliving.com\/wp-content\/uploads\/2017\/10\/LaPiazzetta-1024x681.jpg?strip=info&#038;w=600&#038;ssl=1 600w,https:\/\/i2.wp.com\/casadecampoliving.com\/wp-content\/uploads\/2017\/10\/LaPiazzetta-1024x681.jpg?strip=info&#038;w=900&#038;ssl=1 900w,https:\/\/i2.wp.com\/casadecampoliving.com\/wp-content\/uploads\/2017\/10\/LaPiazzetta-1024x681.jpg?strip=info&#038;w=1000&#038;ssl=1 1000w\" alt=\"\" data-height=\"600\" data-id=\"198729\" data-link=\"https:\/\/casadecampoliving.com\/haga-sus-reservaciones-para-flavors-of-the-world-nueva-orleans\/lapiazzetta-2\/\" data-url=\"https:\/\/casadecampoliving.com\/wp-content\/uploads\/2017\/10\/LaPiazzetta-1024x681.jpg\" data-width=\"1000\" src=\"https:\/\/i2.wp.com\/casadecampoliving.com\/wp-content\/uploads\/2017\/10\/LaPiazzetta-1024x681.jpg?ssl=1\" data-amp-layout=\"responsive\"\/><\/figure><\/div><\/div><div class=\"tiled-gallery__row\"><div class=\"tiled-gallery__col\" style=\"flex-basis:33.33333%\"><figure class=\"tiled-gallery__item\"><img decoding=\"async\" data-attachment-id=\"198067\" data-permalink=\"https:\/\/casadecampoliving.com\/es\/visita-guiada-a-traves-del-museo-arqueologico-regional-altos-de-chavon-narrada-por-el-historiador-christian-martinez\/img_2866-2\/\" data-orig-file=\"https:\/\/i0.wp.com\/casadecampoliving.com\/wp-content\/uploads\/2017\/07\/IMG_2866.jpg?fit=1000%2C563&amp;ssl=1\" data-orig-size=\"1000,563\" data-comments-opened=\"0\" data-image-meta=\"{&quot;aperture&quot;:&quot;4&quot;,&quot;credit&quot;:&quot;&quot;,&quot;camera&quot;:&quot;Canon PowerShot SX60 HS&quot;,&quot;caption&quot;:&quot;&quot;,&quot;created_timestamp&quot;:&quot;1498755671&quot;,&quot;copyright&quot;:&quot;&quot;,&quot;focal_length&quot;:&quot;3.8&quot;,&quot;iso&quot;:&quot;100&quot;,&quot;shutter_speed&quot;:&quot;0.003125&quot;,&quot;title&quot;:&quot;&quot;,&quot;orientation&quot;:&quot;1&quot;}\" data-image-title=\"La Piazzetta new summer menu\" data-image-description=\"\" data-image-caption=\"\" data-large-file=\"https:\/\/i0.wp.com\/casadecampoliving.com\/wp-content\/uploads\/2017\/07\/IMG_2866.jpg?fit=1000%2C563&amp;ssl=1\" data-attachment-id=\"198067\" data-permalink=\"https:\/\/casadecampoliving.com\/es\/visita-guiada-a-traves-del-museo-arqueologico-regional-altos-de-chavon-narrada-por-el-historiador-christian-martinez\/img_2866-2\/\" data-orig-file=\"https:\/\/i0.wp.com\/casadecampoliving.com\/wp-content\/uploads\/2017\/07\/IMG_2866.jpg?fit=1000%2C563&amp;ssl=1\" data-orig-size=\"1000,563\" data-comments-opened=\"0\" data-image-meta=\"{&quot;aperture&quot;:&quot;4&quot;,&quot;credit&quot;:&quot;&quot;,&quot;camera&quot;:&quot;Canon PowerShot SX60 HS&quot;,&quot;caption&quot;:&quot;&quot;,&quot;created_timestamp&quot;:&quot;1498755671&quot;,&quot;copyright&quot;:&quot;&quot;,&quot;focal_length&quot;:&quot;3.8&quot;,&quot;iso&quot;:&quot;100&quot;,&quot;shutter_speed&quot;:&quot;0.003125&quot;,&quot;title&quot;:&quot;&quot;,&quot;orientation&quot;:&quot;1&quot;}\" data-image-title=\"La Piazzetta new summer menu\" data-image-description=\"\" data-image-caption=\"\" data-large-file=\"https:\/\/i0.wp.com\/casadecampoliving.com\/wp-content\/uploads\/2017\/07\/IMG_2866.jpg?fit=1000%2C563&amp;ssl=1\" role=\"button\" tabindex=\"0\" aria-label=\"Abrir la imagen 3 de 5 en pantalla completa\"srcset=\"https:\/\/i2.wp.com\/casadecampoliving.com\/wp-content\/uploads\/2017\/07\/IMG_2866.jpg?strip=info&#038;w=600&#038;ssl=1 600w,https:\/\/i2.wp.com\/casadecampoliving.com\/wp-content\/uploads\/2017\/07\/IMG_2866.jpg?strip=info&#038;w=900&#038;ssl=1 900w,https:\/\/i2.wp.com\/casadecampoliving.com\/wp-content\/uploads\/2017\/07\/IMG_2866.jpg?strip=info&#038;w=1000&#038;ssl=1 1000w\" alt=\"\" data-height=\"563\" data-id=\"198067\" data-link=\"https:\/\/casadecampoliving.com\/el-nuevo-y-ligero-menu-de-verano-de-la-piazzetta\/img_2866-2\/\" data-url=\"https:\/\/casadecampoliving.com\/wp-content\/uploads\/2017\/07\/IMG_2866.jpg\" data-width=\"1000\" src=\"https:\/\/i2.wp.com\/casadecampoliving.com\/wp-content\/uploads\/2017\/07\/IMG_2866.jpg?ssl=1\" data-amp-layout=\"responsive\"\/><\/figure><\/div><div class=\"tiled-gallery__col\" style=\"flex-basis:33.33333%\"><figure class=\"tiled-gallery__item\"><img decoding=\"async\" data-attachment-id=\"198066\" data-permalink=\"https:\/\/casadecampoliving.com\/es\/visita-guiada-a-traves-del-museo-arqueologico-regional-altos-de-chavon-narrada-por-el-historiador-christian-martinez\/img_2869-2-2\/\" data-orig-file=\"https:\/\/i0.wp.com\/casadecampoliving.com\/wp-content\/uploads\/2017\/07\/IMG_2869-1.jpg?fit=1000%2C563&amp;ssl=1\" data-orig-size=\"1000,563\" data-comments-opened=\"0\" data-image-meta=\"{&quot;aperture&quot;:&quot;4&quot;,&quot;credit&quot;:&quot;&quot;,&quot;camera&quot;:&quot;Canon PowerShot SX60 HS&quot;,&quot;caption&quot;:&quot;&quot;,&quot;created_timestamp&quot;:&quot;1498755822&quot;,&quot;copyright&quot;:&quot;&quot;,&quot;focal_length&quot;:&quot;3.8&quot;,&quot;iso&quot;:&quot;100&quot;,&quot;shutter_speed&quot;:&quot;0.00625&quot;,&quot;title&quot;:&quot;&quot;,&quot;orientation&quot;:&quot;1&quot;}\" data-image-title=\"La Piazzetta new summer menu\" data-image-description=\"\" data-image-caption=\"\" data-large-file=\"https:\/\/i0.wp.com\/casadecampoliving.com\/wp-content\/uploads\/2017\/07\/IMG_2869-1.jpg?fit=1000%2C563&amp;ssl=1\" data-attachment-id=\"198066\" data-permalink=\"https:\/\/casadecampoliving.com\/es\/visita-guiada-a-traves-del-museo-arqueologico-regional-altos-de-chavon-narrada-por-el-historiador-christian-martinez\/img_2869-2-2\/\" data-orig-file=\"https:\/\/i0.wp.com\/casadecampoliving.com\/wp-content\/uploads\/2017\/07\/IMG_2869-1.jpg?fit=1000%2C563&amp;ssl=1\" data-orig-size=\"1000,563\" data-comments-opened=\"0\" data-image-meta=\"{&quot;aperture&quot;:&quot;4&quot;,&quot;credit&quot;:&quot;&quot;,&quot;camera&quot;:&quot;Canon PowerShot SX60 HS&quot;,&quot;caption&quot;:&quot;&quot;,&quot;created_timestamp&quot;:&quot;1498755822&quot;,&quot;copyright&quot;:&quot;&quot;,&quot;focal_length&quot;:&quot;3.8&quot;,&quot;iso&quot;:&quot;100&quot;,&quot;shutter_speed&quot;:&quot;0.00625&quot;,&quot;title&quot;:&quot;&quot;,&quot;orientation&quot;:&quot;1&quot;}\" data-image-title=\"La Piazzetta new summer menu\" data-image-description=\"\" data-image-caption=\"\" data-large-file=\"https:\/\/i0.wp.com\/casadecampoliving.com\/wp-content\/uploads\/2017\/07\/IMG_2869-1.jpg?fit=1000%2C563&amp;ssl=1\" role=\"button\" tabindex=\"0\" aria-label=\"Abrir la imagen 4 de 5 en pantalla completa\"srcset=\"https:\/\/i1.wp.com\/casadecampoliving.com\/wp-content\/uploads\/2017\/07\/IMG_2869-1.jpg?strip=info&#038;w=600&#038;ssl=1 600w,https:\/\/i1.wp.com\/casadecampoliving.com\/wp-content\/uploads\/2017\/07\/IMG_2869-1.jpg?strip=info&#038;w=900&#038;ssl=1 900w,https:\/\/i1.wp.com\/casadecampoliving.com\/wp-content\/uploads\/2017\/07\/IMG_2869-1.jpg?strip=info&#038;w=1000&#038;ssl=1 1000w\" alt=\"\" data-height=\"563\" data-id=\"198066\" data-link=\"https:\/\/casadecampoliving.com\/el-nuevo-y-ligero-menu-de-verano-de-la-piazzetta\/img_2869-2-2\/\" data-url=\"https:\/\/casadecampoliving.com\/wp-content\/uploads\/2017\/07\/IMG_2869-1.jpg\" data-width=\"1000\" src=\"https:\/\/i1.wp.com\/casadecampoliving.com\/wp-content\/uploads\/2017\/07\/IMG_2869-1.jpg?ssl=1\" data-amp-layout=\"responsive\"\/><\/figure><\/div><div class=\"tiled-gallery__col\" style=\"flex-basis:33.33333%\"><figure class=\"tiled-gallery__item\"><img decoding=\"async\" data-attachment-id=\"198060\" data-permalink=\"https:\/\/casadecampoliving.com\/es\/visita-guiada-a-traves-del-museo-arqueologico-regional-altos-de-chavon-narrada-por-el-historiador-christian-martinez\/img_2875-2\/\" data-orig-file=\"https:\/\/i0.wp.com\/casadecampoliving.com\/wp-content\/uploads\/2017\/07\/IMG_2875.jpg?fit=1000%2C563&amp;ssl=1\" data-orig-size=\"1000,563\" data-comments-opened=\"0\" data-image-meta=\"{&quot;aperture&quot;:&quot;3.4&quot;,&quot;credit&quot;:&quot;&quot;,&quot;camera&quot;:&quot;Canon PowerShot SX60 HS&quot;,&quot;caption&quot;:&quot;&quot;,&quot;created_timestamp&quot;:&quot;1498756102&quot;,&quot;copyright&quot;:&quot;&quot;,&quot;focal_length&quot;:&quot;3.8&quot;,&quot;iso&quot;:&quot;400&quot;,&quot;shutter_speed&quot;:&quot;0.00125&quot;,&quot;title&quot;:&quot;&quot;,&quot;orientation&quot;:&quot;1&quot;}\" data-image-title=\"La Piazzetta new summer menu\" data-image-description=\"\" data-image-caption=\"\" data-large-file=\"https:\/\/i0.wp.com\/casadecampoliving.com\/wp-content\/uploads\/2017\/07\/IMG_2875.jpg?fit=1000%2C563&amp;ssl=1\" data-attachment-id=\"198060\" data-permalink=\"https:\/\/casadecampoliving.com\/es\/visita-guiada-a-traves-del-museo-arqueologico-regional-altos-de-chavon-narrada-por-el-historiador-christian-martinez\/img_2875-2\/\" data-orig-file=\"https:\/\/i0.wp.com\/casadecampoliving.com\/wp-content\/uploads\/2017\/07\/IMG_2875.jpg?fit=1000%2C563&amp;ssl=1\" data-orig-size=\"1000,563\" data-comments-opened=\"0\" data-image-meta=\"{&quot;aperture&quot;:&quot;3.4&quot;,&quot;credit&quot;:&quot;&quot;,&quot;camera&quot;:&quot;Canon PowerShot SX60 HS&quot;,&quot;caption&quot;:&quot;&quot;,&quot;created_timestamp&quot;:&quot;1498756102&quot;,&quot;copyright&quot;:&quot;&quot;,&quot;focal_length&quot;:&quot;3.8&quot;,&quot;iso&quot;:&quot;400&quot;,&quot;shutter_speed&quot;:&quot;0.00125&quot;,&quot;title&quot;:&quot;&quot;,&quot;orientation&quot;:&quot;1&quot;}\" data-image-title=\"La Piazzetta new summer menu\" data-image-description=\"\" data-image-caption=\"\" data-large-file=\"https:\/\/i0.wp.com\/casadecampoliving.com\/wp-content\/uploads\/2017\/07\/IMG_2875.jpg?fit=1000%2C563&amp;ssl=1\" role=\"button\" tabindex=\"0\" aria-label=\"Abrir la imagen 5 de 5 en pantalla completa\"srcset=\"https:\/\/i2.wp.com\/casadecampoliving.com\/wp-content\/uploads\/2017\/07\/IMG_2875.jpg?strip=info&#038;w=600&#038;ssl=1 600w,https:\/\/i2.wp.com\/casadecampoliving.com\/wp-content\/uploads\/2017\/07\/IMG_2875.jpg?strip=info&#038;w=900&#038;ssl=1 900w,https:\/\/i2.wp.com\/casadecampoliving.com\/wp-content\/uploads\/2017\/07\/IMG_2875.jpg?strip=info&#038;w=1000&#038;ssl=1 1000w\" alt=\"\" data-height=\"563\" data-id=\"198060\" data-link=\"https:\/\/casadecampoliving.com\/el-nuevo-y-ligero-menu-de-verano-de-la-piazzetta\/img_2875-2\/\" data-url=\"https:\/\/casadecampoliving.com\/wp-content\/uploads\/2017\/07\/IMG_2875.jpg\" data-width=\"1000\" src=\"https:\/\/i2.wp.com\/casadecampoliving.com\/wp-content\/uploads\/2017\/07\/IMG_2875.jpg?ssl=1\" data-amp-layout=\"responsive\"\/><\/figure><\/div><\/div><\/div><\/div>\n\n\n\n<h2 class=\"wp-block-heading\" id=\"menu\">Men\u00fa<\/h2>\n\n\n\n<ul class=\"wp-block-list\"><li><a href=\"https:\/\/casadecampoliving.com\/wp-content\/uploads\/2022\/02\/LA-PIAZZETTA_Menu-QR_Cena_IN-La-Piazzetta.pdf\" target=\"_blank\" rel=\"noreferrer noopener nofollow\">La Piazzetta Men\u00fa de cena (PDF)<\/a><\/li><li><a href=\"https:\/\/casadecampoliving.com\/wp-content\/uploads\/2022\/02\/LA-PIAZZETTA_Menu-QR_Postres_IN-La-Piazzetta.pdf\" target=\"_blank\" rel=\"noreferrer noopener nofollow\">La Piazzetta Men\u00fa de postres (PDF)<\/a><\/li><li><a href=\"https:\/\/casadecampoliving.com\/wp-content\/uploads\/2022\/02\/LA-PIAZZETTA_Menu-QR-Vinos_Esp_In-La-Piazzetta.pdf\" target=\"_blank\" rel=\"noreferrer noopener nofollow\">La Piazzetta Carta de vinos (PDF)<\/a><\/li><li><a href=\"https:\/\/casadecampoliving.com\/wp-content\/uploads\/2022\/02\/LA-PIAZZETTA_Menu-QR-Bebidas_Ingles-La-Piazzetta.pdf\" target=\"_blank\" rel=\"noreferrer noopener nofollow\">La Piazzetta Carta de bebidas (PDF)<\/a><\/li><li><a href=\"https:\/\/casadecampoliving.com\/wp-content\/uploads\/2022\/02\/LA-PIAZZETTA_Menu-QR-Nin\u0303os_Ingles-La-Piazzetta.pdf\" target=\"_blank\" rel=\"noreferrer noopener nofollow\">La Piazzetta Men\u00fa infantil (PDF)<\/a><\/li><\/ul>\n\n\n\n<h2 class=\"wp-block-heading\" id=\"in-the-news\">En las noticias<\/h2>\n\n\n\t<div\n\t\tclass=\"wp-block-newspack-blocks-homepage-articles  wpnbha is-grid columns-3 colgap-3 show-image image-alignbehind ts-3 is-3 is-landscape  has-more-button\"\n\t\tstyle=\"\"\n\t\t>\n\t\t<div data-posts data-current-post-id=\"211509\">\n\t\t\t\t\t\t\n\t<article data-post-id=\"344533\"\n\t\tclass=\"tag-casa-de-campo-es tag-casa-de-campo-community-es tag-casa-de-campo-living-es tag-casa-de-campo-resort-es tag-la-marina-casa-de-campo-es-2 tag-nueva-pelicula category-arte-y-cultura category-casa-de-campo-living-es category-ccl-presenta category-cine-3 category-estilo-de-vida category-eventos-es category-la-marina-casa-de-campo category-noticias-locales category-proximamente category-republica-dominicana-2 category-resort-casa-de-campo type-post post-has-image\"\n\t\t\t\tstyle=\"min-height: 0vh; padding-top: 0vh;\"\n\t\t\t\t>\n\t\t\t\t\t\t\t<figure class=\"post-thumbnail\">\n\t\t\t\t\t\t\t\t<a href=\"https:\/\/casadecampoliving.com\/es\/cartelera-de-cine-del-05-al-11-de-junio\/\" rel=\"bookmark\" tabindex=\"-1\" aria-hidden=\"true\">\n\t\t\t\t\t\t\t\t\t\t\t\t<img loading=\"lazy\" decoding=\"async\" width=\"200\" height=\"150\" src=\"https:\/\/i0.wp.com\/casadecampoliving.com\/wp-content\/uploads\/2022\/10\/CDCAMP_movie_times-1.jpg?resize=200%2C150&amp;ssl=1\" class=\"attachment-newspack-article-block-landscape-tiny size-newspack-article-block-landscape-tiny wp-post-image\" alt=\"Cartelera de Cine: del 05 al 11 de junio\" data-hero-candidate=\"1\" srcset=\"https:\/\/i0.wp.com\/casadecampoliving.com\/wp-content\/uploads\/2022\/10\/CDCAMP_movie_times-1.jpg?resize=200%2C150&amp;ssl=1 200w, https:\/\/i0.wp.com\/casadecampoliving.com\/wp-content\/uploads\/2022\/10\/CDCAMP_movie_times-1.jpg?zoom=2&amp;resize=200%2C150&amp;ssl=1 400w, https:\/\/i0.wp.com\/casadecampoliving.com\/wp-content\/uploads\/2022\/10\/CDCAMP_movie_times-1.jpg?zoom=3&amp;resize=200%2C150&amp;ssl=1 600w, https:\/\/i0.wp.com\/casadecampoliving.com\/wp-content\/uploads\/2022\/10\/CDCAMP_movie_times-1.jpg?resize=200%2C150&amp;ssl=1&amp;w=370 370w\" sizes=\"auto, (max-width: 34.9rem) calc(100vw - 2rem), (max-width: 53rem) calc(8 * (100vw \/ 12)), (min-width: 53rem) calc(6 * (100vw \/ 12)), 100vw\" data-attachment-id=\"246832\" data-permalink=\"https:\/\/casadecampoliving.com\/es\/cartelera-de-cine-del-05-al-11-de-junio\/cdcamp_movie_times-3-2\/\" data-orig-file=\"https:\/\/i0.wp.com\/casadecampoliving.com\/wp-content\/uploads\/2022\/10\/CDCAMP_movie_times-1.jpg?fit=650%2C281&amp;ssl=1\" data-orig-size=\"650,281\" data-comments-opened=\"0\" data-image-meta=\"{&quot;aperture&quot;:&quot;0&quot;,&quot;credit&quot;:&quot;&quot;,&quot;camera&quot;:&quot;&quot;,&quot;caption&quot;:&quot;&quot;,&quot;created_timestamp&quot;:&quot;0&quot;,&quot;copyright&quot;:&quot;&quot;,&quot;focal_length&quot;:&quot;0&quot;,&quot;iso&quot;:&quot;0&quot;,&quot;shutter_speed&quot;:&quot;0&quot;,&quot;title&quot;:&quot;&quot;,&quot;orientation&quot;:&quot;1&quot;}\" data-image-title=\"CDCAMP_movie_times\" data-image-description=\"\" data-image-caption=\"\" data-large-file=\"https:\/\/i0.wp.com\/casadecampoliving.com\/wp-content\/uploads\/2022\/10\/CDCAMP_movie_times-1.jpg?fit=650%2C281&amp;ssl=1\" \/>\t\t\t\t\t\t\t\t\t\t\t\t<\/a>\n\t\t\t\t\n\t\t\t\t\t\t\t<\/figure><!-- .featured-image -->\n\t\t\n\t\t<div class=\"entry-wrapper\">\n\t\t\t\t\t\t<h2 class=\"entry-title\"><a href=\"https:\/\/casadecampoliving.com\/es\/cartelera-de-cine-del-05-al-11-de-junio\/\" rel=\"bookmark\">Cartelera de Cine: del 05 al 11 de junio<\/a><\/h2>\t\t\t\t\t\t\t\t\t\t\t<\/div><!-- .entry-wrapper -->\n\t<\/article>\n\n\t\t\n\t<article data-post-id=\"344411\"\n\t\tclass=\"tag-cartelera tag-casa-de-campo-living-es tag-casa-de-campo-resort-es tag-marina-casa-de-campo-es tag-nueva-pelicula tag-x-men category-arte-y-cultura category-casa-de-campo-living-es category-ccl-presenta category-cine-3 category-estilo-de-vida category-eventos-es category-la-marina-casa-de-campo category-noticias-locales category-proximamente category-republica-dominicana-2 category-resort-casa-de-campo type-post post-has-image\"\n\t\t\t\tstyle=\"min-height: 0vh; padding-top: 0vh;\"\n\t\t\t\t>\n\t\t\t\t\t\t\t<figure class=\"post-thumbnail\">\n\t\t\t\t\t\t\t\t<a href=\"https:\/\/casadecampoliving.com\/es\/cartelera-de-cine-del-22-al-28-de-mayo\/\" rel=\"bookmark\" tabindex=\"-1\" aria-hidden=\"true\">\n\t\t\t\t\t\t\t\t\t\t\t\t<img loading=\"lazy\" decoding=\"async\" width=\"200\" height=\"150\" src=\"https:\/\/i0.wp.com\/casadecampoliving.com\/wp-content\/uploads\/2022\/10\/CDCAMP-22-de-mayo_ccl-1.jpg?resize=200%2C150&amp;ssl=1\" class=\"attachment-newspack-article-block-landscape-tiny size-newspack-article-block-landscape-tiny wp-post-image\" alt=\"Cartelera de Cine: del 22 al 28 de mayo\" data-hero-candidate=\"1\" srcset=\"https:\/\/i0.wp.com\/casadecampoliving.com\/wp-content\/uploads\/2022\/10\/CDCAMP-22-de-mayo_ccl-1.jpg?resize=200%2C150&amp;ssl=1 200w, https:\/\/i0.wp.com\/casadecampoliving.com\/wp-content\/uploads\/2022\/10\/CDCAMP-22-de-mayo_ccl-1.jpg?zoom=2&amp;resize=200%2C150&amp;ssl=1 400w, https:\/\/i0.wp.com\/casadecampoliving.com\/wp-content\/uploads\/2022\/10\/CDCAMP-22-de-mayo_ccl-1.jpg?zoom=3&amp;resize=200%2C150&amp;ssl=1 600w, https:\/\/i0.wp.com\/casadecampoliving.com\/wp-content\/uploads\/2022\/10\/CDCAMP-22-de-mayo_ccl-1.jpg?resize=200%2C150&amp;ssl=1&amp;w=370 370w\" sizes=\"auto, (max-width: 34.9rem) calc(100vw - 2rem), (max-width: 53rem) calc(8 * (100vw \/ 12)), (min-width: 53rem) calc(6 * (100vw \/ 12)), 100vw\" data-attachment-id=\"240668\" data-permalink=\"https:\/\/casadecampoliving.com\/es\/cartelera-de-cine-del-22-al-28-de-mayo\/cdcamp-22-de-mayo_ccl-3-2\/\" data-orig-file=\"https:\/\/i0.wp.com\/casadecampoliving.com\/wp-content\/uploads\/2022\/10\/CDCAMP-22-de-mayo_ccl-1.jpg?fit=650%2C280&amp;ssl=1\" data-orig-size=\"650,280\" data-comments-opened=\"0\" data-image-meta=\"{&quot;aperture&quot;:&quot;0&quot;,&quot;credit&quot;:&quot;&quot;,&quot;camera&quot;:&quot;&quot;,&quot;caption&quot;:&quot;&quot;,&quot;created_timestamp&quot;:&quot;0&quot;,&quot;copyright&quot;:&quot;&quot;,&quot;focal_length&quot;:&quot;0&quot;,&quot;iso&quot;:&quot;0&quot;,&quot;shutter_speed&quot;:&quot;0&quot;,&quot;title&quot;:&quot;&quot;,&quot;orientation&quot;:&quot;1&quot;}\" data-image-title=\"CDCAMP 22 de mayo_ccl\" data-image-description=\"\" data-image-caption=\"\" data-large-file=\"https:\/\/i0.wp.com\/casadecampoliving.com\/wp-content\/uploads\/2022\/10\/CDCAMP-22-de-mayo_ccl-1.jpg?fit=650%2C280&amp;ssl=1\" \/>\t\t\t\t\t\t\t\t\t\t\t\t<\/a>\n\t\t\t\t\n\t\t\t\t\t\t\t<\/figure><!-- .featured-image -->\n\t\t\n\t\t<div class=\"entry-wrapper\">\n\t\t\t\t\t\t<h2 class=\"entry-title\"><a href=\"https:\/\/casadecampoliving.com\/es\/cartelera-de-cine-del-22-al-28-de-mayo\/\" rel=\"bookmark\">Cartelera de Cine: del 22 al 28 de mayo<\/a><\/h2>\t\t\t\t\t\t\t\t\t\t\t<\/div><!-- .entry-wrapper -->\n\t<\/article>\n\n\t\t\n\t<article data-post-id=\"344293\"\n\t\tclass=\"tag-cartelera tag-casa-de-campo-es tag-casa-de-campo-resort-es tag-marina-casa-de-campo-es tag-nueva-pelicula category-arte-y-cultura category-casa-de-campo-living-es category-ccl-presenta category-cine-3 category-estilo-de-vida category-la-marina-casa-de-campo category-noticias-locales category-republica-dominicana-2 category-resort-casa-de-campo type-post post-has-image\"\n\t\t\t\tstyle=\"min-height: 0vh; padding-top: 0vh;\"\n\t\t\t\t>\n\t\t\t\t\t\t\t<figure class=\"post-thumbnail\">\n\t\t\t\t\t\t\t\t<a href=\"https:\/\/casadecampoliving.com\/es\/cartelera-de-cine-del-1ro-al-7-de-mayo\/\" rel=\"bookmark\" tabindex=\"-1\" aria-hidden=\"true\">\n\t\t\t\t\t\t\t\t\t\t\t\t<img loading=\"lazy\" decoding=\"async\" width=\"200\" height=\"150\" src=\"https:\/\/i0.wp.com\/casadecampoliving.com\/wp-content\/uploads\/2022\/10\/Cartelera_1ro_de-mayo-1.jpg?resize=200%2C150&amp;ssl=1\" class=\"attachment-newspack-article-block-landscape-tiny size-newspack-article-block-landscape-tiny wp-post-image\" alt=\"Cartelera de Cine: del 1ro al 7 de mayo\" data-hero-candidate=\"1\" srcset=\"https:\/\/i0.wp.com\/casadecampoliving.com\/wp-content\/uploads\/2022\/10\/Cartelera_1ro_de-mayo-1.jpg?resize=200%2C150&amp;ssl=1 200w, https:\/\/i0.wp.com\/casadecampoliving.com\/wp-content\/uploads\/2022\/10\/Cartelera_1ro_de-mayo-1.jpg?zoom=2&amp;resize=200%2C150&amp;ssl=1 400w, https:\/\/i0.wp.com\/casadecampoliving.com\/wp-content\/uploads\/2022\/10\/Cartelera_1ro_de-mayo-1.jpg?zoom=3&amp;resize=200%2C150&amp;ssl=1 600w, https:\/\/i0.wp.com\/casadecampoliving.com\/wp-content\/uploads\/2022\/10\/Cartelera_1ro_de-mayo-1.jpg?resize=200%2C150&amp;ssl=1&amp;w=370 370w\" sizes=\"auto, (max-width: 34.9rem) calc(100vw - 2rem), (max-width: 53rem) calc(8 * (100vw \/ 12)), (min-width: 53rem) calc(6 * (100vw \/ 12)), 100vw\" data-attachment-id=\"234995\" data-permalink=\"https:\/\/casadecampoliving.com\/es\/cartelera-de-cine-del-1ro-al-7-de-mayo\/cartelera_1ro_de-mayo-3-2\/\" data-orig-file=\"https:\/\/i0.wp.com\/casadecampoliving.com\/wp-content\/uploads\/2022\/10\/Cartelera_1ro_de-mayo-1.jpg?fit=650%2C282&amp;ssl=1\" data-orig-size=\"650,282\" data-comments-opened=\"0\" data-image-meta=\"{&quot;aperture&quot;:&quot;0&quot;,&quot;credit&quot;:&quot;&quot;,&quot;camera&quot;:&quot;&quot;,&quot;caption&quot;:&quot;&quot;,&quot;created_timestamp&quot;:&quot;0&quot;,&quot;copyright&quot;:&quot;&quot;,&quot;focal_length&quot;:&quot;0&quot;,&quot;iso&quot;:&quot;0&quot;,&quot;shutter_speed&quot;:&quot;0&quot;,&quot;title&quot;:&quot;&quot;,&quot;orientation&quot;:&quot;1&quot;}\" data-image-title=\"Cartelera_1ro_de mayo\" data-image-description=\"\" data-image-caption=\"\" data-large-file=\"https:\/\/i0.wp.com\/casadecampoliving.com\/wp-content\/uploads\/2022\/10\/Cartelera_1ro_de-mayo-1.jpg?fit=650%2C282&amp;ssl=1\" \/>\t\t\t\t\t\t\t\t\t\t\t\t<\/a>\n\t\t\t\t\n\t\t\t\t\t\t\t<\/figure><!-- .featured-image -->\n\t\t\n\t\t<div class=\"entry-wrapper\">\n\t\t\t\t\t\t<h2 class=\"entry-title\"><a href=\"https:\/\/casadecampoliving.com\/es\/cartelera-de-cine-del-1ro-al-7-de-mayo\/\" rel=\"bookmark\">Cartelera de Cine: del 1ro al 7 de mayo<\/a><\/h2>\t\t\t\t\t\t\t\t\t\t\t<\/div><!-- .entry-wrapper -->\n\t<\/article>\n\n\t\t\n\t<article data-post-id=\"344131\"\n\t\tclass=\"tag-cartelera tag-casa-de-campo-living-es tag-la-marina-casa-de-campo-es-2 tag-nueva-pelicula category-arte-y-cultura category-casa-de-campo-living-es category-ccl-presenta category-cine-3 category-estilo-de-vida category-la-marina-casa-de-campo category-noticias-locales category-republica-dominicana-2 category-resort-casa-de-campo type-post post-has-image\"\n\t\t\t\tstyle=\"min-height: 0vh; padding-top: 0vh;\"\n\t\t\t\t>\n\t\t\t\t\t\t\t<figure class=\"post-thumbnail\">\n\t\t\t\t\t\t\t\t<a href=\"https:\/\/casadecampoliving.com\/es\/cartelera-de-cine-del-3-al-9-de-abril\/\" rel=\"bookmark\" tabindex=\"-1\" aria-hidden=\"true\">\n\t\t\t\t\t\t\t\t\t\t\t\t<img loading=\"lazy\" decoding=\"async\" width=\"200\" height=\"150\" src=\"https:\/\/i0.wp.com\/casadecampoliving.com\/wp-content\/uploads\/2022\/10\/CDCAMP-3-de-abril_header-1.jpg?resize=200%2C150&amp;ssl=1\" class=\"attachment-newspack-article-block-landscape-tiny size-newspack-article-block-landscape-tiny wp-post-image\" alt=\"Cartelera de Cine: del 3 al 9 de abril\" data-hero-candidate=\"1\" srcset=\"https:\/\/i0.wp.com\/casadecampoliving.com\/wp-content\/uploads\/2022\/10\/CDCAMP-3-de-abril_header-1.jpg?resize=200%2C150&amp;ssl=1 200w, https:\/\/i0.wp.com\/casadecampoliving.com\/wp-content\/uploads\/2022\/10\/CDCAMP-3-de-abril_header-1.jpg?zoom=2&amp;resize=200%2C150&amp;ssl=1 400w, https:\/\/i0.wp.com\/casadecampoliving.com\/wp-content\/uploads\/2022\/10\/CDCAMP-3-de-abril_header-1.jpg?zoom=3&amp;resize=200%2C150&amp;ssl=1 600w, https:\/\/i0.wp.com\/casadecampoliving.com\/wp-content\/uploads\/2022\/10\/CDCAMP-3-de-abril_header-1.jpg?resize=200%2C150&amp;ssl=1&amp;w=370 370w\" sizes=\"auto, (max-width: 34.9rem) calc(100vw - 2rem), (max-width: 53rem) calc(8 * (100vw \/ 12)), (min-width: 53rem) calc(6 * (100vw \/ 12)), 100vw\" data-attachment-id=\"272910\" data-permalink=\"https:\/\/casadecampoliving.com\/es\/cartelera-de-cine-del-3-al-9-de-abril\/cdcamp-3-de-abril_header-3-2\/\" data-orig-file=\"https:\/\/i0.wp.com\/casadecampoliving.com\/wp-content\/uploads\/2022\/10\/CDCAMP-3-de-abril_header-1.jpg?fit=650%2C282&amp;ssl=1\" data-orig-size=\"650,282\" data-comments-opened=\"0\" data-image-meta=\"{&quot;aperture&quot;:&quot;0&quot;,&quot;credit&quot;:&quot;&quot;,&quot;camera&quot;:&quot;&quot;,&quot;caption&quot;:&quot;&quot;,&quot;created_timestamp&quot;:&quot;0&quot;,&quot;copyright&quot;:&quot;&quot;,&quot;focal_length&quot;:&quot;0&quot;,&quot;iso&quot;:&quot;0&quot;,&quot;shutter_speed&quot;:&quot;0&quot;,&quot;title&quot;:&quot;&quot;,&quot;orientation&quot;:&quot;1&quot;}\" data-image-title=\"CDCAMP 3 de abril_header\" data-image-description=\"\" data-image-caption=\"\" data-large-file=\"https:\/\/i0.wp.com\/casadecampoliving.com\/wp-content\/uploads\/2022\/10\/CDCAMP-3-de-abril_header-1.jpg?fit=650%2C282&amp;ssl=1\" \/>\t\t\t\t\t\t\t\t\t\t\t\t<\/a>\n\t\t\t\t\n\t\t\t\t\t\t\t<\/figure><!-- .featured-image -->\n\t\t\n\t\t<div class=\"entry-wrapper\">\n\t\t\t\t\t\t<h2 class=\"entry-title\"><a href=\"https:\/\/casadecampoliving.com\/es\/cartelera-de-cine-del-3-al-9-de-abril\/\" rel=\"bookmark\">Cartelera de Cine: del 3 al 9 de abril<\/a><\/h2>\t\t\t\t\t\t\t\t\t\t\t<\/div><!-- .entry-wrapper -->\n\t<\/article>\n\n\t\t\n\t<article data-post-id=\"343948\"\n\t\tclass=\"tag-casa-de-campo-resort tag-la-marina-casa-de-campo-es-2 tag-nueva-pelicula category-arte-y-cultura category-cine-3 category-destacados category-estilo-de-vida category-la-marina-casa-de-campo category-la-romana-es category-mas-alla-de-casa-es category-noticias-locales category-republica-dominicana-2 category-resort-casa-de-campo type-post post-has-image\"\n\t\t\t\tstyle=\"min-height: 0vh; padding-top: 0vh;\"\n\t\t\t\t>\n\t\t\t\t\t\t\t<figure class=\"post-thumbnail\">\n\t\t\t\t\t\t\t\t<a href=\"https:\/\/casadecampoliving.com\/es\/cartelera-de-cine-desde-el-27-de-febrero-al-5-de-marzo\/\" rel=\"bookmark\" tabindex=\"-1\" aria-hidden=\"true\">\n\t\t\t\t\t\t\t\t\t\t\t\t<img loading=\"lazy\" decoding=\"async\" width=\"200\" height=\"150\" src=\"https:\/\/i0.wp.com\/casadecampoliving.com\/wp-content\/uploads\/2022\/10\/CDCAMP-27-de-feb-cut-1.jpg?resize=200%2C150&amp;ssl=1\" class=\"attachment-newspack-article-block-landscape-tiny size-newspack-article-block-landscape-tiny wp-post-image\" alt=\"Cartelera de Cine: desde el 27 de febrero al 5 de marzo\" data-hero-candidate=\"1\" srcset=\"https:\/\/i0.wp.com\/casadecampoliving.com\/wp-content\/uploads\/2022\/10\/CDCAMP-27-de-feb-cut-1.jpg?resize=200%2C150&amp;ssl=1 200w, https:\/\/i0.wp.com\/casadecampoliving.com\/wp-content\/uploads\/2022\/10\/CDCAMP-27-de-feb-cut-1.jpg?zoom=2&amp;resize=200%2C150&amp;ssl=1 400w, https:\/\/i0.wp.com\/casadecampoliving.com\/wp-content\/uploads\/2022\/10\/CDCAMP-27-de-feb-cut-1.jpg?zoom=3&amp;resize=200%2C150&amp;ssl=1 600w, https:\/\/i0.wp.com\/casadecampoliving.com\/wp-content\/uploads\/2022\/10\/CDCAMP-27-de-feb-cut-1.jpg?resize=200%2C150&amp;ssl=1&amp;w=370 370w\" sizes=\"auto, (max-width: 34.9rem) calc(100vw - 2rem), (max-width: 53rem) calc(8 * (100vw \/ 12)), (min-width: 53rem) calc(6 * (100vw \/ 12)), 100vw\" data-attachment-id=\"268339\" data-permalink=\"https:\/\/casadecampoliving.com\/es\/cartelera-de-cine-desde-el-27-de-febrero-al-5-de-marzo\/cdcamp-27-de-feb-cut-3-2\/\" data-orig-file=\"https:\/\/i0.wp.com\/casadecampoliving.com\/wp-content\/uploads\/2022\/10\/CDCAMP-27-de-feb-cut-1.jpg?fit=650%2C282&amp;ssl=1\" data-orig-size=\"650,282\" data-comments-opened=\"0\" data-image-meta=\"{&quot;aperture&quot;:&quot;0&quot;,&quot;credit&quot;:&quot;&quot;,&quot;camera&quot;:&quot;&quot;,&quot;caption&quot;:&quot;&quot;,&quot;created_timestamp&quot;:&quot;0&quot;,&quot;copyright&quot;:&quot;&quot;,&quot;focal_length&quot;:&quot;0&quot;,&quot;iso&quot;:&quot;0&quot;,&quot;shutter_speed&quot;:&quot;0&quot;,&quot;title&quot;:&quot;&quot;,&quot;orientation&quot;:&quot;1&quot;}\" data-image-title=\"CDCAMP 27 de feb cut\" data-image-description=\"\" data-image-caption=\"\" data-large-file=\"https:\/\/i0.wp.com\/casadecampoliving.com\/wp-content\/uploads\/2022\/10\/CDCAMP-27-de-feb-cut-1.jpg?fit=650%2C282&amp;ssl=1\" \/>\t\t\t\t\t\t\t\t\t\t\t\t<\/a>\n\t\t\t\t\n\t\t\t\t\t\t\t<\/figure><!-- .featured-image -->\n\t\t\n\t\t<div class=\"entry-wrapper\">\n\t\t\t\t\t\t<h2 class=\"entry-title\"><a href=\"https:\/\/casadecampoliving.com\/es\/cartelera-de-cine-desde-el-27-de-febrero-al-5-de-marzo\/\" rel=\"bookmark\">Cartelera de Cine: desde el 27 de febrero al 5 de marzo<\/a><\/h2>\t\t\t\t\t\t\t\t\t\t\t<\/div><!-- .entry-wrapper -->\n\t<\/article>\n\n\t\t\n\t<article data-post-id=\"343817\"\n\t\tclass=\"tag-cartelera tag-marina-casa-de-campo-es tag-nueva-pelicula category-arte-y-cultura category-cine-3 category-estilo-de-vida category-la-marina-casa-de-campo category-noticias-locales category-republica-dominicana-2 category-resort-casa-de-campo type-post post-has-image\"\n\t\t\t\tstyle=\"min-height: 0vh; padding-top: 0vh;\"\n\t\t\t\t>\n\t\t\t\t\t\t\t<figure class=\"post-thumbnail\">\n\t\t\t\t\t\t\t\t<a href=\"https:\/\/casadecampoliving.com\/es\/cartelera-de-cine-desde-el-jueves-06-de-enero-al-miercoles-12-de-febrero\/\" rel=\"bookmark\" tabindex=\"-1\" aria-hidden=\"true\">\n\t\t\t\t\t\t\t\t\t\t\t\t<img loading=\"lazy\" decoding=\"async\" width=\"200\" height=\"150\" src=\"https:\/\/i0.wp.com\/casadecampoliving.com\/wp-content\/uploads\/2022\/10\/CDCAMP-6-de-feb-cut-1.jpg?resize=200%2C150&amp;ssl=1\" class=\"attachment-newspack-article-block-landscape-tiny size-newspack-article-block-landscape-tiny wp-post-image\" alt=\"Cartelera de Cine: desde el 06 al 12 de febrero\" data-hero-candidate=\"1\" srcset=\"https:\/\/i0.wp.com\/casadecampoliving.com\/wp-content\/uploads\/2022\/10\/CDCAMP-6-de-feb-cut-1.jpg?resize=200%2C150&amp;ssl=1 200w, https:\/\/i0.wp.com\/casadecampoliving.com\/wp-content\/uploads\/2022\/10\/CDCAMP-6-de-feb-cut-1.jpg?zoom=2&amp;resize=200%2C150&amp;ssl=1 400w, https:\/\/i0.wp.com\/casadecampoliving.com\/wp-content\/uploads\/2022\/10\/CDCAMP-6-de-feb-cut-1.jpg?zoom=3&amp;resize=200%2C150&amp;ssl=1 600w, https:\/\/i0.wp.com\/casadecampoliving.com\/wp-content\/uploads\/2022\/10\/CDCAMP-6-de-feb-cut-1.jpg?resize=200%2C150&amp;ssl=1&amp;w=370 370w\" sizes=\"auto, (max-width: 34.9rem) calc(100vw - 2rem), (max-width: 53rem) calc(8 * (100vw \/ 12)), (min-width: 53rem) calc(6 * (100vw \/ 12)), 100vw\" data-attachment-id=\"262630\" data-permalink=\"https:\/\/casadecampoliving.com\/es\/cartelera-de-cine-desde-el-jueves-06-de-enero-al-miercoles-12-de-febrero\/cdcamp-6-de-feb-cut-3-2\/\" data-orig-file=\"https:\/\/i0.wp.com\/casadecampoliving.com\/wp-content\/uploads\/2022\/10\/CDCAMP-6-de-feb-cut-1.jpg?fit=650%2C281&amp;ssl=1\" data-orig-size=\"650,281\" data-comments-opened=\"0\" data-image-meta=\"{&quot;aperture&quot;:&quot;0&quot;,&quot;credit&quot;:&quot;&quot;,&quot;camera&quot;:&quot;&quot;,&quot;caption&quot;:&quot;&quot;,&quot;created_timestamp&quot;:&quot;0&quot;,&quot;copyright&quot;:&quot;&quot;,&quot;focal_length&quot;:&quot;0&quot;,&quot;iso&quot;:&quot;0&quot;,&quot;shutter_speed&quot;:&quot;0&quot;,&quot;title&quot;:&quot;&quot;,&quot;orientation&quot;:&quot;1&quot;}\" data-image-title=\"CDCAMP 6 de feb cut\" data-image-description=\"\" data-image-caption=\"\" data-large-file=\"https:\/\/i0.wp.com\/casadecampoliving.com\/wp-content\/uploads\/2022\/10\/CDCAMP-6-de-feb-cut-1.jpg?fit=650%2C281&amp;ssl=1\" \/>\t\t\t\t\t\t\t\t\t\t\t\t<\/a>\n\t\t\t\t\n\t\t\t\t\t\t\t<\/figure><!-- .featured-image -->\n\t\t\n\t\t<div class=\"entry-wrapper\">\n\t\t\t\t\t\t<h2 class=\"entry-title\"><a href=\"https:\/\/casadecampoliving.com\/es\/cartelera-de-cine-desde-el-jueves-06-de-enero-al-miercoles-12-de-febrero\/\" rel=\"bookmark\">Cartelera de Cine: desde el 06 al 12 de febrero<\/a><\/h2>\t\t\t\t\t\t\t\t\t\t\t<\/div><!-- .entry-wrapper -->\n\t<\/article>\n\n\t\t\t\t<\/div>\n\t\t\t\t\t<button type=\"button\" class=\"wp-block-button__link\"  data-next=\"https:\/\/casadecampoliving.com\/es\/wp-json\/newspack-blocks\/v1\/articles?showExcerpt=0&#038;showDate=0&#038;moreButton=1&#038;showAuthor=0&#038;postLayout=grid&#038;postsToShow=6&#038;mediaPosition=behind&#038;tags%5B0%5D=8314&#038;typeScale=3&#038;className&#038;showFullContent=0&#038;excerptLength=55&#038;showReadMore=0&#038;infiniteScroll=0&#038;readMoreLabel=Keep%20reading&#038;showImage=1&#038;showCaption=0&#038;showCredit=0&#038;disableImageLazyLoad=0&#038;fetchPriority&#038;imageShape=landscape&#038;minHeight=0&#038;moreButtonText&#038;showAvatar=1&#038;showCategory=0&#038;columns=3&#038;colGap=3&#038;&#038;&#038;categoryJoinType=or&#038;includeSubcategories=1&#038;&#038;&#038;&#038;&#038;&#038;imageScale=3&#038;mobileStack=0&#038;sectionHeader&#038;specificMode=0&#038;textColor&#038;customTextColor&#038;singleMode=0&#038;showSubtitle=0&#038;postType%5B0%5D=post&#038;textAlign&#038;includedPostStatuses%5B0%5D=publish&#038;deduplicate=1&#038;page=2\">\n\t\t\t\t<span class=\"label\">\n\t\t\t\t\tLoad more posts\t\t\t\t<\/span>\n\t\t\t\t<span class=\"loading\"><\/span>\n\t\t\t<\/button>\n\t\t\t<p class=\"error\">\n\t\t\t\tSomething went wrong. Please refresh the page and\/or try again.\t\t\t<\/p>\n\n\t\t\n\t<\/div>\n\t<\/div>\n\n\n\n<div class=\"wp-block-column is-layout-flow wp-block-column-is-layout-flow\" style=\"flex-basis:33.33%\">\n<div class=\"wp-block-jetpack-map is-style-satellite\" data-map-id=\"jp-map-1\" data-map-provider=\"mapbox\" data-api-key=\"pk.eyJ1IjoibG9jYWxwcm9maWxlIiwiYSI6ImNrbHZiMGNrMzBkaHAyb3BiMTdwMzJta20ifQ.mTtSfnrjNRdeUuSRdzkURQ\" data-map-style=\"satellite\"><\/div>\n\n\n\n<h3 class=\"wp-block-heading\" id=\"restaurant-overview\">Descripci\u00f3n general del restaurante:<\/h3>\n\n\n\n<p><strong>Cocina:<\/strong> Italiana<br><strong>Ubicaci\u00f3n: <\/strong>Altos de Chav\u00f3n<br><strong>Reservas:\u00a0<\/strong>Recomendado<br><strong>Vestimenta para la cena:<\/strong> camisa con cuello y pantalones para hombres<br><strong>Rango de precios:<\/strong> $$$<br><strong>Comedor al aire libre disponible:<\/strong> S\u00ed<\/p>\n\n\n\n<hr class=\"wp-block-separator is-style-wide\"\/>\n\n\n\n<h3 class=\"wp-block-heading\" id=\"hours-of-operation\">Horario:<\/h3>\n\n\n<dl class=\"jetpack-business-hours wp-block-jetpack-business-hours\"><div class=\"jetpack-business-hours__item\"><dt class=\"Mon\">Lunes<\/dt><dd class=\"Mon\">6:00 pm &#8211; 11:00 pm<\/dd><\/div><div class=\"jetpack-business-hours__item\"><dt class=\"Tue\">Martes<\/dt><dd class=\"Tue\">6:00 pm &#8211; 11:00 pm<\/dd><\/div><div class=\"jetpack-business-hours__item\"><dt class=\"Wed\">Mi\u00e9rcoles<\/dt><dd class=\"Wed\">6:00 pm &#8211; 11:00 pm<\/dd><\/div><div class=\"jetpack-business-hours__item\"><dt class=\"Thu\">Jueves<\/dt><dd class=\"Thu\">6:00 pm &#8211; 11:00 pm<\/dd><\/div><div class=\"jetpack-business-hours__item\"><dt class=\"Fri\">Viernes<\/dt><dd class=\"Fri\">6:00 pm &#8211; 11:00 pm<\/dd><\/div><div class=\"jetpack-business-hours__item\"><dt class=\"Sat\">S\u00e1bado<\/dt><dd class=\"Sat\">6:00 pm &#8211; 11:00 pm<\/dd><\/div><div class=\"jetpack-business-hours__item\"><dt class=\"Sun\">Domingo<\/dt><dd class=\"Sun\">6:00 pm &#8211; 11:00 pm<\/dd><\/div><\/dl>\n\n\n<p class=\"has-small-font-size\">Todos los horarios est\u00e1n sujetos a cambios. Hacemos todo lo posible para mantener la informaci\u00f3n precisa, pero consulte directamente con el restaurante.<\/p>\n\n\n\n<hr class=\"wp-block-separator is-style-wide\"\/>\n\n\n\n<h3 class=\"wp-block-heading\" id=\"contact-information\">Informaci\u00f3n de contacto<\/h3>\n\n\n\n<div class=\"wp-block-jetpack-contact-info\">\n<div class=\"wp-block-jetpack-phone\"><a href=\"tel:18095233165\">1 (809) 523-3165<\/a><\/div>\n\n\n\n<div class=\"wp-block-jetpack-address\"><a href=\"https:\/\/www.google.com\/maps\/search\/Altos+De Chav\u00f3n,Casa de Campo,+La Romana,+22000+DO\" target=\"_blank\" rel=\"noopener noreferrer\" title=\"Open address in Google Maps\"><div class=\"jetpack-address__address jetpack-address__address1\">Altos De Chav\u00f3n<\/div><div class=\"jetpack-address__address jetpack-address__address2\">Casa de Campo<\/div><div><span class=\"jetpack-address__city\">La Romana<\/span>, <span class=\"jetpack-address__region\"><\/span> <span class=\"jetpack-address__postal\">22000<\/span><\/div><div class=\"jetpack-address__country\">DO<\/div><\/a><\/div>\n<\/div>\n\n\n\n<p><a href=\"https:\/\/www.casadecampo.com.do\/es\/dining\/restaurants\/\">Website<\/a> <\/p>\n\n\n\n<hr class=\"wp-block-separator is-style-wide\"\/>\n\n\n\n<p><\/p>\n<\/div>\n<\/div>\n<\/div><\/div>\n","protected":false},"excerpt":{"rendered":"<p>La Piazzetta, el restaurante italiano de Casa de Campo con vista al r\u00edo Chav\u00f3n en Altos de Chav\u00f3n se encuentra a solo 5 minutos a pie del anfiteatro de Altos de Chav\u00f3n. Este maravilloso restaurante italiano es muy popular por su antipasto, pasta casera y cocina tradicional italiana. Men\u00fa La Piazzetta Men\u00fa de cena (PDF) [&hellip;]<\/p>\n","protected":false},"author":36791,"featured_media":106609,"template":"single-wide.php","meta":{"newspack_ads_suppress_ads":false,"newspack_popups_has_disabled_popups":false,"newspack_sponsor_sponsorship_scope":"","newspack_sponsor_native_byline_display":"inherit","newspack_sponsor_native_category_display":"inherit","newspack_sponsor_underwriter_style":"inherit","newspack_sponsor_underwriter_placement":"inherit","_wp_page_template":"single-wide.php","newspack_listings_expiration_date":"","newspack_listings_contact_phone":[["1 (809) 523-3165"]],"newspack_listings_hide_author":true,"newspack_listings_hide_publish_date":true,"newspack_listings_hide_parents":false,"newspack_listings_hide_children":false,"newspack_listings_featured":false,"newspack_listings_featured_expires":"","newspack_content_restriction_is_exempt":false,"newspack_featured_image_position":"hidden","footnotes":""},"categories":[26577,26392,14629,23888,2521,2520],"tags":[],"newspack_spnsrs_tax":[],"class_list":["post-211509","newspack_lst_place","type-newspack_lst_place","status-publish","has-post-thumbnail","hentry","category-altos-de-chavon-6","category-casa-de-campo-resort-villas","category-comidas-bebidas","category-dominican-republic-2","category-republica-dominicana-2","category-restaurantes-es","entry"],"yoast_head":"<!-- This site is optimized with the Yoast SEO plugin v27.5 - https:\/\/yoast.com\/product\/yoast-seo-wordpress\/ -->\n<title>La Piazzetta - Casa de Campo Living<\/title>\n<meta name=\"robots\" content=\"index, follow, max-snippet:-1, max-image-preview:large, max-video-preview:-1\" \/>\n<link rel=\"canonical\" href=\"https:\/\/casadecampoliving.com\/es\/listings\/places\/la-piazzetta\/\" \/>\n<meta property=\"og:locale\" content=\"es_ES\" \/>\n<meta property=\"og:type\" content=\"article\" \/>\n<meta property=\"og:title\" content=\"La Piazzetta - Casa de Campo Living\" \/>\n<meta property=\"og:description\" content=\"La Piazzetta, el restaurante italiano de Casa de Campo con vista al r\u00edo Chav\u00f3n en Altos de Chav\u00f3n se encuentra a solo 5 minutos a pie del anfiteatro de Altos de Chav\u00f3n. Este maravilloso restaurante italiano es muy popular por su antipasto, pasta casera y cocina tradicional italiana. Men\u00fa La Piazzetta Men\u00fa de cena (PDF) [&hellip;]\" \/>\n<meta property=\"og:url\" content=\"https:\/\/casadecampoliving.com\/es\/listings\/places\/la-piazzetta\/\" \/>\n<meta property=\"og:site_name\" content=\"Casa de Campo Living\" \/>\n<meta property=\"article:publisher\" content=\"https:\/\/www.facebook.com\/casadecampoliving\" \/>\n<meta property=\"article:modified_time\" content=\"2022-04-07T12:56:56+00:00\" \/>\n<meta property=\"og:image\" content=\"https:\/\/i0.wp.com\/casadecampoliving.com\/wp-content\/uploads\/2015\/01\/La-Piazzetta-Restaurant.jpg?fit=800%2C592&ssl=1\" \/>\n\t<meta property=\"og:image:width\" content=\"800\" \/>\n\t<meta property=\"og:image:height\" content=\"592\" \/>\n\t<meta property=\"og:image:type\" content=\"image\/jpeg\" \/>\n<meta name=\"twitter:card\" content=\"summary_large_image\" \/>\n<meta name=\"twitter:site\" content=\"@cdcliving\" \/>\n<meta name=\"twitter:label1\" content=\"Tiempo de lectura\" \/>\n\t<meta name=\"twitter:data1\" content=\"2 minutos\" \/>\n<script type=\"application\/ld+json\" class=\"yoast-schema-graph\">{\"@context\":\"https:\\\/\\\/schema.org\",\"@graph\":[{\"@type\":\"WebPage\",\"@id\":\"https:\\\/\\\/casadecampoliving.com\\\/es\\\/listings\\\/places\\\/la-piazzetta\\\/\",\"url\":\"https:\\\/\\\/casadecampoliving.com\\\/es\\\/listings\\\/places\\\/la-piazzetta\\\/\",\"name\":\"La Piazzetta - Casa de Campo Living\",\"isPartOf\":{\"@id\":\"https:\\\/\\\/casadecampoliving.com\\\/es\\\/#website\"},\"primaryImageOfPage\":{\"@id\":\"https:\\\/\\\/casadecampoliving.com\\\/es\\\/listings\\\/places\\\/la-piazzetta\\\/#primaryimage\"},\"image\":{\"@id\":\"https:\\\/\\\/casadecampoliving.com\\\/es\\\/listings\\\/places\\\/la-piazzetta\\\/#primaryimage\"},\"thumbnailUrl\":\"https:\\\/\\\/i0.wp.com\\\/casadecampoliving.com\\\/wp-content\\\/uploads\\\/2015\\\/01\\\/La-Piazzetta-Restaurant.jpg?fit=800%2C592&ssl=1\",\"datePublished\":\"2022-02-03T02:00:47+00:00\",\"dateModified\":\"2022-04-07T12:56:56+00:00\",\"breadcrumb\":{\"@id\":\"https:\\\/\\\/casadecampoliving.com\\\/es\\\/listings\\\/places\\\/la-piazzetta\\\/#breadcrumb\"},\"inLanguage\":\"es\",\"potentialAction\":[{\"@type\":\"ReadAction\",\"target\":[\"https:\\\/\\\/casadecampoliving.com\\\/es\\\/listings\\\/places\\\/la-piazzetta\\\/\"]}]},{\"@type\":\"ImageObject\",\"inLanguage\":\"es\",\"@id\":\"https:\\\/\\\/casadecampoliving.com\\\/es\\\/listings\\\/places\\\/la-piazzetta\\\/#primaryimage\",\"url\":\"https:\\\/\\\/i0.wp.com\\\/casadecampoliving.com\\\/wp-content\\\/uploads\\\/2015\\\/01\\\/La-Piazzetta-Restaurant.jpg?fit=800%2C592&ssl=1\",\"contentUrl\":\"https:\\\/\\\/i0.wp.com\\\/casadecampoliving.com\\\/wp-content\\\/uploads\\\/2015\\\/01\\\/La-Piazzetta-Restaurant.jpg?fit=800%2C592&ssl=1\",\"width\":800,\"height\":592},{\"@type\":\"BreadcrumbList\",\"@id\":\"https:\\\/\\\/casadecampoliving.com\\\/es\\\/listings\\\/places\\\/la-piazzetta\\\/#breadcrumb\",\"itemListElement\":[{\"@type\":\"ListItem\",\"position\":1,\"name\":\"Home\",\"item\":\"https:\\\/\\\/casadecampoliving.com\\\/es\\\/\"},{\"@type\":\"ListItem\",\"position\":2,\"name\":\"La Piazzetta\"}]},{\"@type\":\"WebSite\",\"@id\":\"https:\\\/\\\/casadecampoliving.com\\\/es\\\/#website\",\"url\":\"https:\\\/\\\/casadecampoliving.com\\\/es\\\/\",\"name\":\"Casa de Campo Living\",\"description\":\"Resort community news and resources.\",\"publisher\":{\"@id\":\"https:\\\/\\\/casadecampoliving.com\\\/es\\\/#organization\"},\"potentialAction\":[{\"@type\":\"SearchAction\",\"target\":{\"@type\":\"EntryPoint\",\"urlTemplate\":\"https:\\\/\\\/casadecampoliving.com\\\/es\\\/?s={search_term_string}\"},\"query-input\":{\"@type\":\"PropertyValueSpecification\",\"valueRequired\":true,\"valueName\":\"search_term_string\"}}],\"inLanguage\":\"es\"},{\"@type\":\"Organization\",\"@id\":\"https:\\\/\\\/casadecampoliving.com\\\/es\\\/#organization\",\"name\":\"Casa de Campo Living\",\"url\":\"https:\\\/\\\/casadecampoliving.com\\\/es\\\/\",\"logo\":{\"@type\":\"ImageObject\",\"inLanguage\":\"es\",\"@id\":\"https:\\\/\\\/casadecampoliving.com\\\/es\\\/#\\\/schema\\\/logo\\\/image\\\/\",\"url\":\"https:\\\/\\\/i0.wp.com\\\/casadecampoliving.com\\\/wp-content\\\/uploads\\\/2022\\\/07\\\/CDCLivingLogo_V1-white-sized.png?fit=800%2C214&ssl=1\",\"contentUrl\":\"https:\\\/\\\/i0.wp.com\\\/casadecampoliving.com\\\/wp-content\\\/uploads\\\/2022\\\/07\\\/CDCLivingLogo_V1-white-sized.png?fit=800%2C214&ssl=1\",\"width\":800,\"height\":214,\"caption\":\"Casa de Campo Living\"},\"image\":{\"@id\":\"https:\\\/\\\/casadecampoliving.com\\\/es\\\/#\\\/schema\\\/logo\\\/image\\\/\"},\"sameAs\":[\"https:\\\/\\\/www.facebook.com\\\/casadecampoliving\",\"https:\\\/\\\/x.com\\\/cdcliving\"]}]}<\/script>\n<!-- \/ Yoast SEO plugin. -->","yoast_head_json":{"title":"La Piazzetta - Casa de Campo Living","robots":{"index":"index","follow":"follow","max-snippet":"max-snippet:-1","max-image-preview":"max-image-preview:large","max-video-preview":"max-video-preview:-1"},"canonical":"https:\/\/casadecampoliving.com\/es\/listings\/places\/la-piazzetta\/","og_locale":"es_ES","og_type":"article","og_title":"La Piazzetta - Casa de Campo Living","og_description":"La Piazzetta, el restaurante italiano de Casa de Campo con vista al r\u00edo Chav\u00f3n en Altos de Chav\u00f3n se encuentra a solo 5 minutos a pie del anfiteatro de Altos de Chav\u00f3n. Este maravilloso restaurante italiano es muy popular por su antipasto, pasta casera y cocina tradicional italiana. Men\u00fa La Piazzetta Men\u00fa de cena (PDF) [&hellip;]","og_url":"https:\/\/casadecampoliving.com\/es\/listings\/places\/la-piazzetta\/","og_site_name":"Casa de Campo Living","article_publisher":"https:\/\/www.facebook.com\/casadecampoliving","article_modified_time":"2022-04-07T12:56:56+00:00","og_image":[{"width":800,"height":592,"url":"https:\/\/i0.wp.com\/casadecampoliving.com\/wp-content\/uploads\/2015\/01\/La-Piazzetta-Restaurant.jpg?fit=800%2C592&ssl=1","type":"image\/jpeg"}],"twitter_card":"summary_large_image","twitter_site":"@cdcliving","twitter_misc":{"Tiempo de lectura":"2 minutos"},"schema":{"@context":"https:\/\/schema.org","@graph":[{"@type":"WebPage","@id":"https:\/\/casadecampoliving.com\/es\/listings\/places\/la-piazzetta\/","url":"https:\/\/casadecampoliving.com\/es\/listings\/places\/la-piazzetta\/","name":"La Piazzetta - Casa de Campo Living","isPartOf":{"@id":"https:\/\/casadecampoliving.com\/es\/#website"},"primaryImageOfPage":{"@id":"https:\/\/casadecampoliving.com\/es\/listings\/places\/la-piazzetta\/#primaryimage"},"image":{"@id":"https:\/\/casadecampoliving.com\/es\/listings\/places\/la-piazzetta\/#primaryimage"},"thumbnailUrl":"https:\/\/i0.wp.com\/casadecampoliving.com\/wp-content\/uploads\/2015\/01\/La-Piazzetta-Restaurant.jpg?fit=800%2C592&ssl=1","datePublished":"2022-02-03T02:00:47+00:00","dateModified":"2022-04-07T12:56:56+00:00","breadcrumb":{"@id":"https:\/\/casadecampoliving.com\/es\/listings\/places\/la-piazzetta\/#breadcrumb"},"inLanguage":"es","potentialAction":[{"@type":"ReadAction","target":["https:\/\/casadecampoliving.com\/es\/listings\/places\/la-piazzetta\/"]}]},{"@type":"ImageObject","inLanguage":"es","@id":"https:\/\/casadecampoliving.com\/es\/listings\/places\/la-piazzetta\/#primaryimage","url":"https:\/\/i0.wp.com\/casadecampoliving.com\/wp-content\/uploads\/2015\/01\/La-Piazzetta-Restaurant.jpg?fit=800%2C592&ssl=1","contentUrl":"https:\/\/i0.wp.com\/casadecampoliving.com\/wp-content\/uploads\/2015\/01\/La-Piazzetta-Restaurant.jpg?fit=800%2C592&ssl=1","width":800,"height":592},{"@type":"BreadcrumbList","@id":"https:\/\/casadecampoliving.com\/es\/listings\/places\/la-piazzetta\/#breadcrumb","itemListElement":[{"@type":"ListItem","position":1,"name":"Home","item":"https:\/\/casadecampoliving.com\/es\/"},{"@type":"ListItem","position":2,"name":"La Piazzetta"}]},{"@type":"WebSite","@id":"https:\/\/casadecampoliving.com\/es\/#website","url":"https:\/\/casadecampoliving.com\/es\/","name":"Casa de Campo Living","description":"Resort community news and resources.","publisher":{"@id":"https:\/\/casadecampoliving.com\/es\/#organization"},"potentialAction":[{"@type":"SearchAction","target":{"@type":"EntryPoint","urlTemplate":"https:\/\/casadecampoliving.com\/es\/?s={search_term_string}"},"query-input":{"@type":"PropertyValueSpecification","valueRequired":true,"valueName":"search_term_string"}}],"inLanguage":"es"},{"@type":"Organization","@id":"https:\/\/casadecampoliving.com\/es\/#organization","name":"Casa de Campo Living","url":"https:\/\/casadecampoliving.com\/es\/","logo":{"@type":"ImageObject","inLanguage":"es","@id":"https:\/\/casadecampoliving.com\/es\/#\/schema\/logo\/image\/","url":"https:\/\/i0.wp.com\/casadecampoliving.com\/wp-content\/uploads\/2022\/07\/CDCLivingLogo_V1-white-sized.png?fit=800%2C214&ssl=1","contentUrl":"https:\/\/i0.wp.com\/casadecampoliving.com\/wp-content\/uploads\/2022\/07\/CDCLivingLogo_V1-white-sized.png?fit=800%2C214&ssl=1","width":800,"height":214,"caption":"Casa de Campo Living"},"image":{"@id":"https:\/\/casadecampoliving.com\/es\/#\/schema\/logo\/image\/"},"sameAs":["https:\/\/www.facebook.com\/casadecampoliving","https:\/\/x.com\/cdcliving"]}]}},"jetpack_sharing_enabled":true,"_links":{"self":[{"href":"https:\/\/casadecampoliving.com\/es\/wp-json\/wp\/v2\/newspack_lst_place\/211509","targetHints":{"allow":["GET"]}}],"collection":[{"href":"https:\/\/casadecampoliving.com\/es\/wp-json\/wp\/v2\/newspack_lst_place"}],"about":[{"href":"https:\/\/casadecampoliving.com\/es\/wp-json\/wp\/v2\/types\/newspack_lst_place"}],"author":[{"embeddable":true,"href":"https:\/\/casadecampoliving.com\/es\/wp-json\/wp\/v2\/users\/36791"}],"version-history":[{"count":2,"href":"https:\/\/casadecampoliving.com\/es\/wp-json\/wp\/v2\/newspack_lst_place\/211509\/revisions"}],"predecessor-version":[{"id":211511,"href":"https:\/\/casadecampoliving.com\/es\/wp-json\/wp\/v2\/newspack_lst_place\/211509\/revisions\/211511"}],"wp:featuredmedia":[{"embeddable":true,"href":"https:\/\/casadecampoliving.com\/es\/wp-json\/wp\/v2\/media\/106609"}],"wp:attachment":[{"href":"https:\/\/casadecampoliving.com\/es\/wp-json\/wp\/v2\/media?parent=211509"}],"wp:term":[{"taxonomy":"category","embeddable":true,"href":"https:\/\/casadecampoliving.com\/es\/wp-json\/wp\/v2\/categories?post=211509"},{"taxonomy":"post_tag","embeddable":true,"href":"https:\/\/casadecampoliving.com\/es\/wp-json\/wp\/v2\/tags?post=211509"},{"taxonomy":"newspack_spnsrs_tax","embeddable":true,"href":"https:\/\/casadecampoliving.com\/es\/wp-json\/wp\/v2\/newspack_spnsrs_tax?post=211509"}],"curies":[{"name":"wp","href":"https:\/\/api.w.org\/{rel}","templated":true}]}}